{"id":8827,"date":"2023-03-04T10:07:23","date_gmt":"2023-03-04T13:07:23","guid":{"rendered":"https:\/\/vimagazine.com.br\/?p=8827"},"modified":"2023-03-04T10:07:26","modified_gmt":"2023-03-04T13:07:26","slug":"28a-meia-maratona-celebra-aniversarios-de-joinville-e-da-tupy","status":"publish","type":"post","link":"https:\/\/vimagazine.com.br\/?p=8827","title":{"rendered":"28\u00aa Meia Maratona celebra anivers\u00e1rios de Joinville e da Tupy\u00a0\u00a0"},"content":{"rendered":"\n<p><em>Corrida de rua acontece neste final de semana, com novidade para as crian\u00e7as, no s\u00e1bado, na Associa\u00e7\u00e3o Atl\u00e9tica Tupy&nbsp;<\/em><em>&nbsp;<\/em><em>&nbsp;<\/em><em>&nbsp;<\/em><\/p>\n\n\n\n<p><strong>Joinville, fevereiro 2023 \u2013&nbsp;<\/strong>No pr\u00f3ximo dia 09 de mar\u00e7o, Joinville completa 172 anos e a multinacional Tupy, s\u00edmbolo da cidade, comemora 85 anos. Nada mais justo que uma comemora\u00e7\u00e3o dupla. O palco ser\u00e1 a28\u00aa Meia Maratona, com provas de 21km e 5km, que acontece no domingo (05\/03), com largada na Avenida Beira Rio. A grande novidade deste ano, no entanto, \u00e9 a competi\u00e7\u00e3o Kids, que ser\u00e1 realizada neste s\u00e1bado (04\/03), na Associa\u00e7\u00e3o Atl\u00e9tica Tupy (AAT). A programa\u00e7\u00e3o conta, ainda, com a presen\u00e7a da atleta ol\u00edmpica Let\u00edcia Oro Melo, especialista em salto em dist\u00e2ncia, bronze no Campeonato Mundial de Atletismo de 2022. &nbsp;<\/p>\n\n\n\n<p>Uma das&nbsp;plataformas de investimento social da Tupy \u00e9 a sa\u00fade, sendo assim, nada melhor que celebrar o anivers\u00e1rio da Empresa e do munic\u00edpio levando bem-estar para a popula\u00e7\u00e3o.&nbsp;<\/p>\n\n\n\n<p>A prova para as crian\u00e7as contar\u00e1 com&nbsp;um percurso de 50 metros a 300 metros e \u00e9 destinado aos pequenos de 3 a 13 anos. Cerca de 100 crian\u00e7as j\u00e1 est\u00e3o inscritas na competi\u00e7\u00e3o. Durante toda a tarde, as fam\u00edlias ser\u00e3o recebidas com uma grande festa e poder\u00e3o utilizar toda a estrutura da Associa\u00e7\u00e3o, que passou por reforma e conta com novos parquinhos,&nbsp;quadras de areia e infantil, al\u00e9m do circuito da sa\u00fade e da academia ao ar livre.&nbsp;&nbsp;<\/p>\n\n\n\n<p>\u201cVamos fazer uma comemora\u00e7\u00e3o com uma tarde especial para as crian\u00e7as com personagens, cama el\u00e1stica, atividades recreativas sendo conduzidas por monitores e distribui\u00e7\u00e3o de saquinhos com pipoca. Queremos receber os participantes da corrida, as fam\u00edlias dos colaboradores e a comunidade\u201d, conta Valdecir de Melo, gestor da Associa\u00e7\u00e3o Atl\u00e9tica Tupy.&nbsp;&nbsp;<\/p>\n\n\n\n<p>Para estimular as crian\u00e7as na pr\u00e1tica do esporte, uma das atra\u00e7\u00f5es ser\u00e1 a joinvilense Let\u00edcia\u00a0Oro Melo, eleita a melhor atleta feminina do Brasil na modalidade de atletismo em 2022.\u00a0<\/p>\n\n\n\n<figure class=\"wp-block-image\"><img alt=\"\" \/><\/figure>\n\n\n\n<p>No domingo, dia 05, ser\u00e1 a vez das provas de 21km e de 5km da Meia Maratona,&nbsp;competi\u00e7\u00e3o tradicional na cidade e que deve reunir mais de 1.700 atletas. As provas iniciam \u00e0s 6h e \u00e0s 6h15, respectivamente, em frente ao Centreventos \u201cCau Hansen\u201d. Os kits dos participantes ser\u00e3o entregues a partir de hoje, sexta-feira, na Decathlon. A competi\u00e7\u00e3o \u00e9 aferida pela Federa\u00e7\u00e3o Catarinense de Atletismo.&nbsp;&nbsp;<\/p>\n\n\n\n<p><strong>Muita Hist\u00f3ria para contar&nbsp;<\/strong><\/p>\n\n\n\n<p>Fundada em 9 de mar\u00e7o de 1938, a joinvilense Tupy conta com 20 mil colaboradores nas f\u00e1bricas brasileiras e nas plantas do exterior, localizadas no M\u00e9xico e em Portugal, al\u00e9m de&nbsp;escrit\u00f3rios comerciais no Brasil, Alemanha, Holanda, It\u00e1lia e EUA. A multinacional desenvolve&nbsp;e produz componentes estruturais em ferro fundido de alta complexidade geom\u00e9trica e metal\u00fargica e essas solu\u00e7\u00f5es de engenharia s\u00e3o aplicadas nos setores de transporte, infraestrutura, agroneg\u00f3cio e gera\u00e7\u00e3o de energia.&nbsp;Aos 85 anos, a Tupy \u00e9 uma empresa mais competitiva, diversificada e eficiente, com posicionamento \u00fanico no mercado. Dedica seu conhecimento ao atendimento das necessidades do cliente e aos desafios da sociedade rumo ao desenvolvimento sustent\u00e1vel.&nbsp;&nbsp;<\/p>\n\n\n\n<p><strong>Informa\u00e7\u00f5es para a imprensa<\/strong>&nbsp;&nbsp;<\/p>\n\n\n\n<p>Edelman:&nbsp;<a href=\"mailto:TUPY@edelman.com\" target=\"_blank\" rel=\"noreferrer noopener\">TUPY@edelman.com<\/a>&nbsp;&nbsp;<\/p>\n\n\n\n<p><strong>Fabiana Azevedo<\/strong><\/p>\n\n\n\n<p>Account Executive<\/p>\n\n\n\n<p><\/p>\n","protected":false},"excerpt":{"rendered":"<p>Corrida de rua acontece neste final de semana, com novidade para as crian\u00e7as, no s\u00e1bado,&#8230;<\/p>\n","protected":false},"author":3,"featured_media":8828,"comment_status":"closed","ping_status":"open","sticky":false,"template":"","format":"standard","meta":{"om_disable_all_campaigns":false,"_monsterinsights_skip_tracking":false,"_monsterinsights_sitenote_active":false,"_monsterinsights_sitenote_note":"","_monsterinsights_sitenote_category":0,"spay_email":""},"categories":[1],"tags":[],"jetpack_featured_media_url":"https:\/\/vimagazine.com.br\/wp-content\/uploads\/2023\/03\/tui.jpg","_links":{"self":[{"href":"https:\/\/vimagazine.com.br\/index.php?rest_route=\/wp\/v2\/posts\/8827"}],"collection":[{"href":"https:\/\/vimagazine.com.br\/index.php?rest_route=\/wp\/v2\/posts"}],"about":[{"href":"https:\/\/vimagazine.com.br\/index.php?rest_route=\/wp\/v2\/types\/post"}],"author":[{"embeddable":true,"href":"https:\/\/vimagazine.com.br\/index.php?rest_route=\/wp\/v2\/users\/3"}],"replies":[{"embeddable":true,"href":"https:\/\/vimagazine.com.br\/index.php?rest_route=%2Fwp%2Fv2%2Fcomments&post=8827"}],"version-history":[{"count":1,"href":"https:\/\/vimagazine.com.br\/index.php?rest_route=\/wp\/v2\/posts\/8827\/revisions"}],"predecessor-version":[{"id":8830,"href":"https:\/\/vimagazine.com.br\/index.php?rest_route=\/wp\/v2\/posts\/8827\/revisions\/8830"}],"wp:featuredmedia":[{"embeddable":true,"href":"https:\/\/vimagazine.com.br\/index.php?rest_route=\/wp\/v2\/media\/8828"}],"wp:attachment":[{"href":"https:\/\/vimagazine.com.br\/index.php?rest_route=%2Fwp%2Fv2%2Fmedia&parent=8827"}],"wp:term":[{"taxonomy":"category","embeddable":true,"href":"https:\/\/vimagazine.com.br\/index.php?rest_route=%2Fwp%2Fv2%2Fcategories&post=8827"},{"taxonomy":"post_tag","embeddable":true,"href":"https:\/\/vimagazine.com.br\/index.php?rest_route=%2Fwp%2Fv2%2Ftags&post=8827"}],"curies":[{"name":"wp","href":"https:\/\/api.w.org\/{rel}","templated":true}]}}