{"id":8843,"date":"2023-03-06T17:11:13","date_gmt":"2023-03-06T20:11:13","guid":{"rendered":"https:\/\/vimagazine.com.br\/?p=8843"},"modified":"2023-03-06T17:11:14","modified_gmt":"2023-03-06T20:11:14","slug":"preenchimento-labial-dermatologista-explica-o-que-voce-precisa-saber-antes-de-realiza-lo","status":"publish","type":"post","link":"https:\/\/vimagazine.com.br\/?p=8843","title":{"rendered":"Preenchimento labial: dermatologista explica o que voc\u00ea precisa saber antes de realiz\u00e1-lo"},"content":{"rendered":"\n<p><em><strong>O tratamento utiliza o \u00e1cido hialur\u00f4nico para proporcionar simetria, defini\u00e7\u00e3o e volume aos l\u00e1bios.<\/strong><\/em><\/p>\n\n\n\n<p>O preenchimento labial \u00e9 um dos procedimentos est\u00e9ticos mais procurados por quem deseja destacar o contorno dos l\u00e1bios, aumentar seu volume ou projet\u00e1-los para fora. Conforme explica a dermatologista Patr\u00edcia Farah, do Departamento Est\u00e9tica Avan\u00e7ada Sadalla Amin Ghanem: &#8220;Assim como nos demais preenchimentos faciais, o preenchimento labial consiste no uso do \u00e1cido hialur\u00f4nico, uma subst\u00e2ncia que \u00e9 aplicada nos l\u00e1bios com o aux\u00edlio de uma agulha ou microc\u00e2nulas&#8221;.&nbsp;<\/p>\n\n\n\n<p>Para cada regi\u00e3o da face e determinado objetivo existem algumas op\u00e7\u00f5es adequadas de \u00e1cido hialur\u00f4nico.<\/p>\n\n\n\n<p>Antes de ser realizado o procedimento, \u00e9 feita uma an\u00e1lise em consult\u00f3rio com o m\u00e9dico especialista. \u00c9 importante tirar todas as d\u00favidas e informar ao profissional a respeito de alguma doen\u00e7a,condi\u00e7\u00e3o de sa\u00fade e at\u00e9 medica\u00e7\u00f5es utilizadas.<\/p>\n\n\n\n<figure class=\"wp-block-image alignright wp-image-225862 size-medium\"><img src=\"https:\/\/www.aconteceuemjoinville.com.br\/wp-content\/uploads\/2023\/03\/fotografia-dra-patricia-sadalla-joinville-09-09-2021-foto-0006-200x300.jpg\" alt=\"\" class=\"wp-image-225862\" \/><figcaption class=\"wp-element-caption\">dermatologista Patr\u00edcia Farah, do Departamento Est\u00e9tica Avan\u00e7ada Sadalla Amin Ghanem<\/figcaption><\/figure>\n\n\n\n<p>Para esclarecer, confira as principais d\u00favidas que surgem antes de realizar o tratamento.&nbsp;&nbsp;<\/p>\n\n\n\n<p><strong>O que \u00e9 o \u00e1cido hialur\u00f4nico?<\/strong><\/p>\n\n\n\n<p>Dra. Patr\u00edcia explica que o \u00e1cido hialur\u00f4nico \u00e9 uma subst\u00e2ncia que tem como principal fun\u00e7\u00e3o promover desde uma hidrata\u00e7\u00e3o profunda da pele, volumiza\u00e7\u00e3o, melhora do contorno facial, melhora de assimetrias faciais presentes na maioria das pessoas e tamb\u00e9m promover a sustenta\u00e7\u00e3o da pele. Tendo em vista que com o envelhecimento cut\u00e2neo, perdemos n\u00e3o apenas a gordura subcut\u00e2nea como a estrutura \u00f3ssea facial tamb\u00e9m se reduz.<\/p>\n\n\n\n<p>Os preenchimentos faciais feitos com essa subst\u00e2ncia podem ser feitos atrav\u00e9s de diferentes t\u00e9cnicas, o que ir\u00e1 variar conforme as \u00e1reas preenchidas, pois assim o procedimento \u00e9 realizado com maior seguran\u00e7a.<\/p>\n\n\n\n<p><strong>Quais os benef\u00edcios do preenchimento labial?<\/strong><\/p>\n\n\n\n<p>Al\u00e9m de auxiliar na autoestima, o preenchimento labial tamb\u00e9m melhora o contorno labial, real\u00e7a o filtro labial para causar um aspecto mais jovem, aumenta a hidrata\u00e7\u00e3o e previne o envelhecimento labial, podendo melhorar&nbsp; inclusive o \u201cc\u00f3digo de barras\u201d que algumas pessoas pode apresentar.<\/p>\n\n\n\n<p><strong>Quando os resultados aparecem?<\/strong><\/p>\n\n\n\n<p>&#8220;No geral, os resultados do procedimento costumam aparecer ap\u00f3s 15 dias, que \u00e9 o per\u00edodo no qual o incha\u00e7o costuma desaparecer&#8221;, pontua. A dermatologista ressalta que tamb\u00e9m podem surgir algumas manchas roxas p\u00f3s procedimento, no entanto, dentro de 7 a 15 dias elas v\u00e3o esmaecendo.<\/p>\n\n\n\n<p>Ap\u00f3s a primeira sess\u00e3o, o recomendado \u00e9 aguardar no m\u00ednimo 15 dias para retornar ao consult\u00f3rio&#8221;, explica.&nbsp;<\/p>\n\n\n\n<p><strong>Quanto tempo dura o preenchimento labial?<\/strong><\/p>\n\n\n\n<p>Os resultados do preenchimento labial realizado com \u00e1cido hialur\u00f4nico costumam durar em m\u00e9dia de 12 a 18 meses.<\/p>\n\n\n\n<p><strong>H\u00e1 contraindica\u00e7\u00f5es?<\/strong><\/p>\n\n\n\n<p>Dra. Patr\u00edcia explica que em alguns casos, a aplica\u00e7\u00e3o do preenchimento labial n\u00e3o \u00e9 indicado como em gestantes ou lactantes, portadores de doen\u00e7as autoimunes, pessoas com alergia aos componentes utilizados e pacientes oncol\u00f3gicos.<\/p>\n\n\n\n<p><strong>O preenchimento facial \u00e9 seguro?<\/strong><\/p>\n\n\n\n<p>&#8220;O \u00e1cido hialur\u00f4nico \u00e9 uma subst\u00e2ncia que j\u00e1 est\u00e1 naturalmente presente no nosso organismo, portanto, ela n\u00e3o oferece risco de rejei\u00e7\u00e3o&#8221;, detalha a m\u00e9dica. Lembre-se de escolher com aten\u00e7\u00e3o e cuidado o profissional ou o local onde ser\u00e1 realizado o procedimento.<\/p>\n\n\n\n<p><strong>Cuidados ap\u00f3s o procedimento<\/strong><\/p>\n\n\n\n<p>incluem utilizar filtro solar, evitar fazer massagens no local da aplica\u00e7\u00e3o, fazer compressas de gelo e evitar o sol nos primeiros dias.<\/p>\n\n\n\n<p><strong>Preenchimento labial e botox s\u00e3o a mesma coisa?<\/strong><\/p>\n\n\n\n<p>Muitas pessoas costumam pensar que o preenchimento labial e o botox s\u00e3o a mesma coisa, por\u00e9m a m\u00e9dica explica que eles apresentam diferen\u00e7as.&nbsp;<\/p>\n\n\n\n<p>&#8220;O botox consiste na aplica\u00e7\u00e3o de toxina botul\u00ednica, que tem como a\u00e7\u00e3o diminuir a a\u00e7\u00e3o dos m\u00fasculos na regi\u00e3o e evitar a forma\u00e7\u00e3o de rugas e linhas de express\u00e3o. J\u00e1 o preenchimento labial, consiste no uso do \u00e1cido hialur\u00f4nico, que hidrata e estimula o col\u00e1geno, repondo volume em determinadas \u00e1reas da face e prevenindo os sinais da idade&#8221;, explica.&nbsp;<\/p>\n\n\n\n<p>A dermatologista finaliza destacando que para realizar procedimentos est\u00e9ticos \u00e9 indicado procurar um profissional experiente, que utilize produtos de confian\u00e7a para a realiza\u00e7\u00e3o dos procedimentos est\u00e9ticos para evitar resultados inesperados e o cuidado com a sa\u00fade.<\/p>\n","protected":false},"excerpt":{"rendered":"<p>O tratamento utiliza o \u00e1cido hialur\u00f4nico para proporcionar simetria, defini\u00e7\u00e3o e volume aos l\u00e1bios. O&#8230;<\/p>\n","protected":false},"author":20,"featured_media":8844,"comment_status":"closed","ping_status":"open","sticky":false,"template":"","format":"standard","meta":{"om_disable_all_campaigns":false,"_monsterinsights_skip_tracking":false,"_monsterinsights_sitenote_active":false,"_monsterinsights_sitenote_note":"","_monsterinsights_sitenote_category":0,"spay_email":""},"categories":[31],"tags":[],"jetpack_featured_media_url":"https:\/\/vimagazine.com.br\/wp-content\/uploads\/2023\/03\/Preenchimento-Labial.jpg","_links":{"self":[{"href":"https:\/\/vimagazine.com.br\/index.php?rest_route=\/wp\/v2\/posts\/8843"}],"collection":[{"href":"https:\/\/vimagazine.com.br\/index.php?rest_route=\/wp\/v2\/posts"}],"about":[{"href":"https:\/\/vimagazine.com.br\/index.php?rest_route=\/wp\/v2\/types\/post"}],"author":[{"embeddable":true,"href":"https:\/\/vimagazine.com.br\/index.php?rest_route=\/wp\/v2\/users\/20"}],"replies":[{"embeddable":true,"href":"https:\/\/vimagazine.com.br\/index.php?rest_route=%2Fwp%2Fv2%2Fcomments&post=8843"}],"version-history":[{"count":1,"href":"https:\/\/vimagazine.com.br\/index.php?rest_route=\/wp\/v2\/posts\/8843\/revisions"}],"predecessor-version":[{"id":8845,"href":"https:\/\/vimagazine.com.br\/index.php?rest_route=\/wp\/v2\/posts\/8843\/revisions\/8845"}],"wp:featuredmedia":[{"embeddable":true,"href":"https:\/\/vimagazine.com.br\/index.php?rest_route=\/wp\/v2\/media\/8844"}],"wp:attachment":[{"href":"https:\/\/vimagazine.com.br\/index.php?rest_route=%2Fwp%2Fv2%2Fmedia&parent=8843"}],"wp:term":[{"taxonomy":"category","embeddable":true,"href":"https:\/\/vimagazine.com.br\/index.php?rest_route=%2Fwp%2Fv2%2Fcategories&post=8843"},{"taxonomy":"post_tag","embeddable":true,"href":"https:\/\/vimagazine.com.br\/index.php?rest_route=%2Fwp%2Fv2%2Ftags&post=8843"}],"curies":[{"name":"wp","href":"https:\/\/api.w.org\/{rel}","templated":true}]}}