{"id":8868,"date":"2023-03-09T17:02:48","date_gmt":"2023-03-09T20:02:48","guid":{"rendered":"https:\/\/vimagazine.com.br\/?p=8868"},"modified":"2023-03-09T17:02:50","modified_gmt":"2023-03-09T20:02:50","slug":"em-entrevista-evelyn-montesano-compartilha-da-mesma-opiniao-de-felipe-neto-anitta-ainda-nao-e-famosa-nos-estados-unidos","status":"publish","type":"post","link":"https:\/\/vimagazine.com.br\/?p=8868","title":{"rendered":"Em entrevista, Evelyn Montesano compartilha da mesma opini\u00e3o de Felipe Neto: &#8220;Anitta ainda n\u00e3o \u00e9 famosa nos Estados Unidos&#8221;"},"content":{"rendered":"\n<p>Evelyn Montesano foi a convidada desta semana do programa &#8220;Bafos do Uriel&#8221;, no YouTube.<br>Na entrevista, que entrou no ar ontem \u00e0 noite, Dia Internacional da Mulher, a atriz, que j\u00e1 atuou em diversas novelas na Rede Globo, comentou sobre como foi o in\u00edcio de sua carreira art\u00edstica, sobre sua trajet\u00f3ria profissional e at\u00e9 deu dicas para quem quer ingressar no meio, mas o que chamou mesmo a aten\u00e7\u00e3o dos internautas foi quando a atriz foi questionada pelo apresentador Uriel sobre a carreira internacional da cantora Anitta.<\/p>\n\n\n\n<figure class=\"wp-block-image aligncenter size-large is-resized\"><img src=\"https:\/\/vimagazine.com.br\/wp-content\/uploads\/2023\/03\/Atriz-Evelyn-Montesano-01-680x1024.jpg\" alt=\"\" class=\"wp-image-8869\" width=\"486\" height=\"732\" srcset=\"https:\/\/vimagazine.com.br\/wp-content\/uploads\/2023\/03\/Atriz-Evelyn-Montesano-01-680x1024.jpg 680w, https:\/\/vimagazine.com.br\/wp-content\/uploads\/2023\/03\/Atriz-Evelyn-Montesano-01-199x300.jpg 199w, https:\/\/vimagazine.com.br\/wp-content\/uploads\/2023\/03\/Atriz-Evelyn-Montesano-01-768x1156.jpg 768w, https:\/\/vimagazine.com.br\/wp-content\/uploads\/2023\/03\/Atriz-Evelyn-Montesano-01.jpg 957w\" sizes=\"(max-width: 486px) 100vw, 486px\" \/><\/figure>\n\n\n\n<p>Evelyn Montesano esteve em novembro de 2022 nos Estados Unidos para o LABRFF (Los Angeles Brazilian Film Festival), o Festival de Cinema Brasileiro que acontece anualmente em Hollywood, onde a atriz foi uma das convidadas de honra. Devido a sua ida recente \u00e0s Am\u00e9ricas, o apresentador perguntou como estava a repercuss\u00e3o da carreira internacional de Anitta nos Estados Unidos e a atriz respondeu: &#8220;Anitta est\u00e1 muito bem relacionada l\u00e1 fora, est\u00e1 galgando o seu espa\u00e7o, mas n\u00e3o \u00e9 tudo isso que a m\u00eddia vende aqui. O americano \u00e9 muito patriota, tudo o que vem de fora enfrenta uma barreira maior para entrar. Anitta est\u00e1 construindo o seu caminho, mas ainda n\u00e3o \u00e9 esse estouro que a gente gostaria que fosse.&#8221;<\/p>\n\n\n\n<p>Muitos internautas ao verem a entrevista da atriz lembraram de uma Live feita pelo Felipe Neto h\u00e1 algumas semanas onde ele tamb\u00e9m fez um coment\u00e1rio parecido: &#8220;Anitta n\u00e3o tem essa fama nos Estados Unidos que as pessoas acham que tem e ela sabe disso, ela mesma fala isso. A Anitta vai a um Starbucks nos Estados Unidos e pede um caf\u00e9 sem problema nenhum&#8221;, comentou o Youtuber.<br>Para assistir a entrevista completa com a atriz \u00e9 s\u00f3 clicar em: <\/p>\n\n\n\n<p><div class=\"jetpack-video-wrapper\"><iframe loading=\"lazy\" title=\"Bafos do Uriel com a Atriz Evelyn Montesano\" width=\"640\" height=\"360\" src=\"https:\/\/www.youtube.com\/embed\/L0LJAml0V5E?feature=oembed\" frameborder=\"0\" allow=\"accelerometer; autoplay; clipboard-write; encrypted-media; gyroscope; picture-in-picture; web-share\" allowfullscreen><\/iframe><\/div><\/p>\n\n\n\n<p>Fotos: Bafos do Uriel\/Divulga\u00e7\u00e3o e Arquivo Pessoal.<\/p>\n","protected":false},"excerpt":{"rendered":"<p>Evelyn Montesano foi a convidada desta semana do programa &#8220;Bafos do Uriel&#8221;, no YouTube.Na entrevista,&#8230;<\/p>\n","protected":false},"author":18,"featured_media":8870,"comment_status":"closed","ping_status":"open","sticky":false,"template":"","format":"standard","meta":{"om_disable_all_campaigns":false,"_monsterinsights_skip_tracking":false,"_monsterinsights_sitenote_active":false,"_monsterinsights_sitenote_note":"","_monsterinsights_sitenote_category":0,"spay_email":""},"categories":[1],"tags":[522,598,599,418,288,349,597],"jetpack_featured_media_url":"https:\/\/vimagazine.com.br\/wp-content\/uploads\/2023\/03\/O-apresentador-Uriel-e-a-atriz-Evelyn-Montesano.jpg","_links":{"self":[{"href":"https:\/\/vimagazine.com.br\/index.php?rest_route=\/wp\/v2\/posts\/8868"}],"collection":[{"href":"https:\/\/vimagazine.com.br\/index.php?rest_route=\/wp\/v2\/posts"}],"about":[{"href":"https:\/\/vimagazine.com.br\/index.php?rest_route=\/wp\/v2\/types\/post"}],"author":[{"embeddable":true,"href":"https:\/\/vimagazine.com.br\/index.php?rest_route=\/wp\/v2\/users\/18"}],"replies":[{"embeddable":true,"href":"https:\/\/vimagazine.com.br\/index.php?rest_route=%2Fwp%2Fv2%2Fcomments&post=8868"}],"version-history":[{"count":1,"href":"https:\/\/vimagazine.com.br\/index.php?rest_route=\/wp\/v2\/posts\/8868\/revisions"}],"predecessor-version":[{"id":8871,"href":"https:\/\/vimagazine.com.br\/index.php?rest_route=\/wp\/v2\/posts\/8868\/revisions\/8871"}],"wp:featuredmedia":[{"embeddable":true,"href":"https:\/\/vimagazine.com.br\/index.php?rest_route=\/wp\/v2\/media\/8870"}],"wp:attachment":[{"href":"https:\/\/vimagazine.com.br\/index.php?rest_route=%2Fwp%2Fv2%2Fmedia&parent=8868"}],"wp:term":[{"taxonomy":"category","embeddable":true,"href":"https:\/\/vimagazine.com.br\/index.php?rest_route=%2Fwp%2Fv2%2Fcategories&post=8868"},{"taxonomy":"post_tag","embeddable":true,"href":"https:\/\/vimagazine.com.br\/index.php?rest_route=%2Fwp%2Fv2%2Ftags&post=8868"}],"curies":[{"name":"wp","href":"https:\/\/api.w.org\/{rel}","templated":true}]}}