{"id":8876,"date":"2023-03-11T10:36:19","date_gmt":"2023-03-11T13:36:19","guid":{"rendered":"https:\/\/vimagazine.com.br\/?p=8876"},"modified":"2023-03-11T10:42:24","modified_gmt":"2023-03-11T13:42:24","slug":"yasmim-santanna-junto-do-elenco-prestigia-seu-novo-trabalho-no-filme-nacao-de-rafael-silva","status":"publish","type":"post","link":"https:\/\/vimagazine.com.br\/?p=8876","title":{"rendered":"Yasmim Sant&#8217;anna junto do elenco prestigia seu novo trabalho no filme Na\u00e7\u00e3o de Rafael Silva"},"content":{"rendered":"\n<p>Yasmim Sant&#8217;anna, no dia 05 de mar\u00e7o, \u00e0s 15h, no Memorial Get\u00falio Vargas, no Rio de Janeiro, prestigiou a pr\u00e9-estreia de seu novo trabalho no filme Na\u00e7\u00e3o do diretor e autor, Rafael Silva, ao lado do elenco, Carlos Marinho, Marcos Yan, Wellington Santos, Duda Gomes, Leonardo Lucas, Leandra Miranda, Anderson Guimar\u00e3es, Victor Hugo Guimar\u00e3es e Ygor Carlos.<\/p>\n\n\n\n<p>Al\u00e9m de atuar na pele de uma miliciana PM chamada Oliveira, foi respons\u00e1vel pela prepara\u00e7\u00e3o do elenco, projeto gravado sob produ\u00e7\u00e3o independente e que teve apoio da atriz global Ta\u00eds de Ara\u00fajo.<\/p>\n\n\n\n<figure class=\"wp-block-image size-large\"><img width=\"517\" height=\"1024\" src=\"https:\/\/vimagazine.com.br\/wp-content\/uploads\/2023\/03\/WhatsApp-Image-2023-03-10-at-21.39.19-517x1024.jpeg\" alt=\"\" class=\"wp-image-8878\" srcset=\"https:\/\/vimagazine.com.br\/wp-content\/uploads\/2023\/03\/WhatsApp-Image-2023-03-10-at-21.39.19-517x1024.jpeg 517w, https:\/\/vimagazine.com.br\/wp-content\/uploads\/2023\/03\/WhatsApp-Image-2023-03-10-at-21.39.19-151x300.jpeg 151w, https:\/\/vimagazine.com.br\/wp-content\/uploads\/2023\/03\/WhatsApp-Image-2023-03-10-at-21.39.19.jpeg 646w\" sizes=\"(max-width: 517px) 100vw, 517px\" \/><\/figure>\n\n\n\n<p><strong>Sobre o Filme Na\u00e7\u00e3o:<\/strong><\/p>\n\n\n\n<p>O filme Na\u00e7\u00e3o conta a hist\u00f3ria de Chic\u00e3o, um jovem de 22 anos sobrevivente da &#8220;Chacina da Baixada&#8221;, epis\u00f3dio hist\u00f3rico da viol\u00eancia policial do Estado do Rio de Janeiro, no qual 4 policiais tiraram a vida de 29 pessoas, na Posse, em Nova Igua\u00e7u, e em Queimados em 2005. Ele se torna um militante na luta pela garantia de direitos, e completamente indignado e descrente, bola um plano inimagin\u00e1vel, sequestrar a primeira dama e exigir a ren\u00fancia do presidente.<\/p>\n\n\n\n<p>Traduzindo toda a indigna\u00e7\u00e3o da periferia, diante da atual &#8220;Sociedade do Espet\u00e1culo-Absurdo&#8221;, normalizada pela maioria.<\/p>\n\n\n\n<p><strong>O seu lan\u00e7amento oficial ser\u00e1 no dia 12 de mar\u00e7o no Shopping Bangu, no Rio de Janeiro.<\/strong><\/p>\n\n\n\n<p>&#8220;Em um pa\u00eds em que o caos j\u00e1 tomou conta de diversas esferas representativas, Chic\u00e3o, cansado de ver os seus direitos serem violados, decide bolar um terr\u00edvel plano contra o Sistema. Contudo, para que esse plano saia do papel, ele precisar\u00e1 da ajuda de um bandido internacional. Assim, caber\u00e1 \u00e0 Pol\u00edcia Militar a miss\u00e3o de p\u00f4r um fim \u00e0 execu\u00e7\u00e3o desse temido plano.&#8221;<\/p>\n\n\n\n<p>Photo imagem: Reprodu\u00e7\u00e3o Instagram<br>Assessoria de Imprensa:<\/p>\n\n\n\n<p> L\u00edvia Rosa Santana <\/p>\n\n\n\n<p>Topssimo Assessoria<\/p>\n","protected":false},"excerpt":{"rendered":"<p>Yasmim Sant&#8217;anna, no dia 05 de mar\u00e7o, \u00e0s 15h, no Memorial Get\u00falio Vargas, no Rio&#8230;<\/p>\n","protected":false},"author":3,"featured_media":8877,"comment_status":"closed","ping_status":"open","sticky":false,"template":"","format":"standard","meta":{"om_disable_all_campaigns":false,"_monsterinsights_skip_tracking":false,"_monsterinsights_sitenote_active":false,"_monsterinsights_sitenote_note":"","_monsterinsights_sitenote_category":0,"spay_email":""},"categories":[1],"tags":[],"jetpack_featured_media_url":"https:\/\/vimagazine.com.br\/wp-content\/uploads\/2023\/03\/WhatsApp-Image-2023-03-10-at-21.39.18.jpeg","_links":{"self":[{"href":"https:\/\/vimagazine.com.br\/index.php?rest_route=\/wp\/v2\/posts\/8876"}],"collection":[{"href":"https:\/\/vimagazine.com.br\/index.php?rest_route=\/wp\/v2\/posts"}],"about":[{"href":"https:\/\/vimagazine.com.br\/index.php?rest_route=\/wp\/v2\/types\/post"}],"author":[{"embeddable":true,"href":"https:\/\/vimagazine.com.br\/index.php?rest_route=\/wp\/v2\/users\/3"}],"replies":[{"embeddable":true,"href":"https:\/\/vimagazine.com.br\/index.php?rest_route=%2Fwp%2Fv2%2Fcomments&post=8876"}],"version-history":[{"count":2,"href":"https:\/\/vimagazine.com.br\/index.php?rest_route=\/wp\/v2\/posts\/8876\/revisions"}],"predecessor-version":[{"id":8884,"href":"https:\/\/vimagazine.com.br\/index.php?rest_route=\/wp\/v2\/posts\/8876\/revisions\/8884"}],"wp:featuredmedia":[{"embeddable":true,"href":"https:\/\/vimagazine.com.br\/index.php?rest_route=\/wp\/v2\/media\/8877"}],"wp:attachment":[{"href":"https:\/\/vimagazine.com.br\/index.php?rest_route=%2Fwp%2Fv2%2Fmedia&parent=8876"}],"wp:term":[{"taxonomy":"category","embeddable":true,"href":"https:\/\/vimagazine.com.br\/index.php?rest_route=%2Fwp%2Fv2%2Fcategories&post=8876"},{"taxonomy":"post_tag","embeddable":true,"href":"https:\/\/vimagazine.com.br\/index.php?rest_route=%2Fwp%2Fv2%2Ftags&post=8876"}],"curies":[{"name":"wp","href":"https:\/\/api.w.org\/{rel}","templated":true}]}}