{"id":8880,"date":"2023-03-11T10:41:24","date_gmt":"2023-03-11T13:41:24","guid":{"rendered":"https:\/\/vimagazine.com.br\/?p=8880"},"modified":"2023-03-11T10:41:24","modified_gmt":"2023-03-11T13:41:24","slug":"a-virada-de-jose-peca-inspirada-na-obra-de-carlos-drummond-de-andrade-escrita-por-sonia-cury-no-teatro-vannucci-no-rio-de-janeiro","status":"publish","type":"post","link":"https:\/\/vimagazine.com.br\/?p=8880","title":{"rendered":"&#8220;A VIRADA DE JOS\u00c9&#8221;, pe\u00e7a inspirada na obra de Carlos Drummond de Andrade, escrita por S\u00f4nia Cury, no teatro Vannucci, no Rio de Janeiro."},"content":{"rendered":"\n<p>Uma inspira\u00e7\u00e3o que virou pe\u00e7a, atrav\u00e9s da autora e atriz, S\u00f4nia Cury, que traz uma mistura de humor e drama junto, tirado do poema de Carlos Drummond de Andrade, o espet\u00e1culo &#8220;Virada de Jos\u00e9&#8221;, ser\u00e1 realizado nas quintas-feiras, dia 13, 20 e 27 de abril, no Teatro Vannucci, no Shopping da G\u00e1vea, no Rio de Janeiro, sob a dire\u00e7\u00e3o de Daniel Terra.<\/p>\n\n\n\n<p>Realizado pela Pacheco Produ\u00e7\u00f5es, &#8220;A Virada de Jos\u00e9&#8221; traz bastante descontra\u00e7\u00e3o ao p\u00fablico em curta temporada. \u00c9 atuado pelos atores Andr\u00e9 Farias, S\u00f4nia Cury, Hana Melo, Julyo Artaniel e Vanessa Fagundes, com participa\u00e7\u00e3o especial de Luiz Solano.<\/p>\n\n\n\n<p>Para adquirir ingresso, atrav\u00e9s do Sympla.<\/p>\n\n\n\n<p>Sobre a pe\u00e7a teatral &#8221; A Virada de Jos\u00e9&#8221;:<\/p>\n\n\n\n<p>Livremente Inspirada no Poema &#8220;Jos\u00e9&#8221; de Carlos Drummond de Andrade, &#8220;A Virada de Jos\u00e9&#8221; \u00e9 uma imers\u00e3o no submundo do poder, uma trama que envolve perdas e ganhos, sexo e futilidades. Ora c\u00f4mico, ora tr\u00e1gico, a pe\u00e7a revela personagens enigm\u00e1ticos e mut\u00e1veis, os quais possuem desfechos surpreendentes na trama. Uma cr\u00edtica social recheada de humor, ironia e sarcasmo. Um espet\u00e1culo descontra\u00eddo e interessante, mas que descortina o lado sombrio da alma, nos identificando com o momento hist\u00f3rico ao qual atravessa o pa\u00eds.<\/p>\n\n\n\n<p>A pe\u00e7a far\u00e1 curta temporada dias 13, 20 e 27 de abril, \u00e0s quintas-feiras \u00e0s 20:30h, no Teatro Vanucci (Shopping da G\u00e1vea &#8211; Rio de Janeiro).<\/p>\n\n\n\n<p>Classifica\u00e7\u00e3o Indicativa: 14 anos<\/p>\n\n\n\n<p>G\u00eanero: Misto (Com\u00e9dia\/Drama)<\/p>\n\n\n\n<p>Dura\u00e7\u00e3o: Aproximadamente 80 minutos<\/p>\n\n\n\n<p>Ingressos: Sympla<\/p>\n\n\n\n<p><\/p>\n\n\n\n<figure class=\"wp-block-image size-full\"><img width=\"571\" height=\"800\" src=\"https:\/\/vimagazine.com.br\/wp-content\/uploads\/2023\/03\/WhatsApp-Image-2023-03-11-at-00.01.41-1.jpeg\" alt=\"\" class=\"wp-image-8882\" srcset=\"https:\/\/vimagazine.com.br\/wp-content\/uploads\/2023\/03\/WhatsApp-Image-2023-03-11-at-00.01.41-1.jpeg 571w, https:\/\/vimagazine.com.br\/wp-content\/uploads\/2023\/03\/WhatsApp-Image-2023-03-11-at-00.01.41-1-214x300.jpeg 214w\" sizes=\"(max-width: 571px) 100vw, 571px\" \/><\/figure>\n\n\n\n<p><strong>Sinopse:<\/strong><\/p>\n\n\n\n<p>Jos\u00e9 \u00e9 um grande empres\u00e1rio do ramo hoteleiro. Formado em direito, vive imerso em ambi\u00e7\u00f5es que v\u00e3o muito al\u00e9m do eticamente permitido. Sua gan\u00e2ncia desmedida faz com que ele desconsidere a honestidade e o bom conv\u00edvio, inclusive em suas rela\u00e7\u00f5es familiares. Vive em uma cont\u00ednua roda de fogo entre prazeres materiais e mundanos, mas vazia de afetos e valores. Disposto a tudo para alcan\u00e7ar seus objetivos escusos, de repente o personagem se v\u00ea encurralado pela Pol\u00edcia Federal, tendo suas tramas expostas perante a sociedade. Parece agora pagar o pre\u00e7o por suas a\u00e7\u00f5es descabidas. Por\u00e9m sua esperteza, aliada a certeza da impunidade, o recolocam em um final surpreendente.<\/p>\n\n\n\n<p>Ficha T\u00e9cnica:<\/p>\n\n\n\n<p>Texto: S\u00f4nia Cury<\/p>\n\n\n\n<p>Dire\u00e7\u00e3o: Daniel Terra<\/p>\n\n\n\n<p>Elenco: Andr\u00e9 Farias, S\u00f4nia Cury, Hana Melo, Julyo Artaniel e Vanessa Fagundes. Participa\u00e7\u00e3o de Luiz Solano.<\/p>\n\n\n\n<p>Figurinos: Andr\u00e9 Farias<\/p>\n\n\n\n<p>Cenografia, Luz e Designer Gr\u00e1fico: Daniel Terra<\/p>\n\n\n\n<p>Trilha Sonora: Marcelo Kar\u00e1 e Daniel Terra<\/p>\n\n\n\n<p>Maquiagem: Ligia Cury Oliveira<\/p>\n\n\n\n<p>Assessoria de Imprensa: L\u00edvia Rosa Santana<\/p>\n\n\n\n<p>Dire\u00e7\u00e3o de Produ\u00e7\u00e3o: Hana Melo<\/p>\n\n\n\n<p>Realiza\u00e7\u00e3o: Pacheco Produ\u00e7\u00f5es<\/p>\n\n\n\n<p>Photo imagem: Divulga\u00e7\u00e3o<br>Assessoria de Imprensa:<\/p>\n\n\n\n<p> L\u00edvia Rosa Santana <\/p>\n\n\n\n<p>Topssimo Assessoria<\/p>\n","protected":false},"excerpt":{"rendered":"<p>Uma inspira\u00e7\u00e3o que virou pe\u00e7a, atrav\u00e9s da autora e atriz, S\u00f4nia Cury, que traz uma&#8230;<\/p>\n","protected":false},"author":3,"featured_media":8881,"comment_status":"closed","ping_status":"open","sticky":false,"template":"","format":"standard","meta":{"om_disable_all_campaigns":false,"_monsterinsights_skip_tracking":false,"_monsterinsights_sitenote_active":false,"_monsterinsights_sitenote_note":"","_monsterinsights_sitenote_category":0,"spay_email":""},"categories":[1],"tags":[],"jetpack_featured_media_url":"https:\/\/vimagazine.com.br\/wp-content\/uploads\/2023\/03\/WhatsApp-Image-2023-03-11-at-00.01.41.jpeg","_links":{"self":[{"href":"https:\/\/vimagazine.com.br\/index.php?rest_route=\/wp\/v2\/posts\/8880"}],"collection":[{"href":"https:\/\/vimagazine.com.br\/index.php?rest_route=\/wp\/v2\/posts"}],"about":[{"href":"https:\/\/vimagazine.com.br\/index.php?rest_route=\/wp\/v2\/types\/post"}],"author":[{"embeddable":true,"href":"https:\/\/vimagazine.com.br\/index.php?rest_route=\/wp\/v2\/users\/3"}],"replies":[{"embeddable":true,"href":"https:\/\/vimagazine.com.br\/index.php?rest_route=%2Fwp%2Fv2%2Fcomments&post=8880"}],"version-history":[{"count":1,"href":"https:\/\/vimagazine.com.br\/index.php?rest_route=\/wp\/v2\/posts\/8880\/revisions"}],"predecessor-version":[{"id":8883,"href":"https:\/\/vimagazine.com.br\/index.php?rest_route=\/wp\/v2\/posts\/8880\/revisions\/8883"}],"wp:featuredmedia":[{"embeddable":true,"href":"https:\/\/vimagazine.com.br\/index.php?rest_route=\/wp\/v2\/media\/8881"}],"wp:attachment":[{"href":"https:\/\/vimagazine.com.br\/index.php?rest_route=%2Fwp%2Fv2%2Fmedia&parent=8880"}],"wp:term":[{"taxonomy":"category","embeddable":true,"href":"https:\/\/vimagazine.com.br\/index.php?rest_route=%2Fwp%2Fv2%2Fcategories&post=8880"},{"taxonomy":"post_tag","embeddable":true,"href":"https:\/\/vimagazine.com.br\/index.php?rest_route=%2Fwp%2Fv2%2Ftags&post=8880"}],"curies":[{"name":"wp","href":"https:\/\/api.w.org\/{rel}","templated":true}]}}