{"id":8887,"date":"2023-03-11T10:51:12","date_gmt":"2023-03-11T13:51:12","guid":{"rendered":"https:\/\/vimagazine.com.br\/?p=8887"},"modified":"2023-03-11T10:51:15","modified_gmt":"2023-03-11T13:51:15","slug":"jesus-lumma-faz-participacao-especial-em-novo-ep-da-banda-mais-bonita-da-cidade","status":"publish","type":"post","link":"https:\/\/vimagazine.com.br\/?p=8887","title":{"rendered":"Jesus Lumma faz participa\u00e7\u00e3o especial em novo EP da Banda Mais Bonita da Cidade"},"content":{"rendered":"\n<p><em>Artista maranhense radicado em Joinville apresenta releitura de sucesso do cantor e compositor Belchior.<\/em><\/p>\n\n\n\n<p>Marcada por um tempo de incertezas e novos olhares sobre a vida, a pandemia da Covid-19 obrigou a popula\u00e7\u00e3o mundial a se recolher. E diante do recolhimento, gra\u00e7as \u00e0 tecnologia, a arte n\u00e3o precisou ficar confinada. Foi nesse tom que o multi artista maranhense radicado em Joinville, Jesus Lumma, gravou com o quinteto da Banda Mais Bonita da Cidade uma das faixas do EP \u201cMar\u00e9 Alta, Enfim\u201d, lan\u00e7ado neste m\u00eas.<\/p>\n\n\n\n<p>No novo projeto da banda, Jesus Lumma apresenta uma releitura da can\u00e7\u00e3o \u201cSujeito de Sorte\u201d, de Belchior. Al\u00e9m de nova roupagem da antol\u00f3gica composi\u00e7\u00e3o, o artista tamb\u00e9m apresenta, na mesma faixa, o poema \u201cRe Luz Ente\u201d, em que relata seus pr\u00f3prios dramas vividos ao longo dos anos e, mais recentemente, durante a crise sanit\u00e1ria que assustou o mundo.&nbsp;<\/p>\n\n\n\n<p>\u201cColoquei nesse poema uma parte do enfrentamento que vivi durante a vida e tamb\u00e9m em meio \u00e0 pandemia da Covid-19. Nesse per\u00edodo, perdi meus av\u00f3s e passei por processos \u00edntimos e intensos de transforma\u00e7\u00f5es pessoais. E ver esse poema no trabalho de uma banda que admiro muito, \u00e9 uma satisfa\u00e7\u00e3o dif\u00edcil de descrever. Mas \u00e9 bom! \u00c9 muito bom!\u201d, revela.<\/p>\n\n\n\n<p>Al\u00e9m de Lumma, outros artistas foram convidados a fazer parte do trabalho da Banda Mais Bonita da Cidade, que gravou as can\u00e7\u00f5es em formato de Super Live. Formada em 2009, a Banda ficou conhecida em todo pa\u00eds com a m\u00fasica Ora\u00e7\u00e3o, que teve o clipe gravado em plano-sequ\u00eancia e lan\u00e7ado em 2011, em um formato considerado inovador e pouco utilizado nas produ\u00e7\u00f5es brasileiras. O clipe e a m\u00fasica somam mais de 100 milh\u00f5es de acessos nas plataformas de \u00e1udio e v\u00eddeo.&nbsp;<\/p>\n\n\n\n<p>Com uma carreira de sete anos, j\u00e1 consolidada, e tendo no curr\u00edculo composi\u00e7\u00f5es fazendo parte de novela da TV Globo, como \u00e9 o caso do sucesso \u201cE eu\u201d, Jesus Lumma explica que revisitar can\u00e7\u00f5es ic\u00f4nicas, como Sujeito de Sorte, tamb\u00e9m faz parte dos desafios musicais que vem se propondo desde que iniciou a carreira, em Joinville.<\/p>\n\n\n\n<p>\u201cEu vejo em Belchior esse poeta que conseguia deixar escrachado os problemas que vivemos no mundo sem nos desanimar, at\u00e9 o contr\u00e1rio, nos lembrava da pot\u00eancia de transforma\u00e7\u00e3o que existe dentro de cada um de n\u00f3s. Eu me conecto com essa ideia e recebi esse convite como presente e desafio. Interpretar essa m\u00fasica \u00e9 uma honra, ainda mais ao lado da Banda Mais Bonita da Cidade\u201d, conclui o artista.<br><br><strong>Servi\u00e7o:<\/strong>&nbsp;<\/p>\n\n\n\n<p><br>A m\u00fasica, assim como o EP Mar\u00e9 Alta, Enfim, podem ser ouvidos em todas as plataformas digitais<br>Para ouvir, clique:&nbsp;<a href=\"https:\/\/tratore.ffm.to\/marealtaenfim\" target=\"_blank\" rel=\"noreferrer noopener\">https:\/\/tratore.ffm.to\/marealtaenfim<\/a><\/p>\n\n\n\n<p>Para conhecer mais sobre Jesus Lumma&nbsp;&nbsp;<a href=\"https:\/\/www.instagram.com\/jesuslumma\" target=\"_blank\" rel=\"noreferrer noopener\">https:\/\/www.instagram.com\/jesuslumma<\/a><\/p>\n\n\n\n<p>Para saber mais sobre A Banda Mais Bonita da Cidade:&nbsp;<a href=\"https:\/\/www.instagram.com\/bandamaisbonita\/\" target=\"_blank\" rel=\"noreferrer noopener\">https:\/\/www.instagram.com\/bandamaisbonita\/<br><\/a><\/p>\n\n\n\n<p><strong>Editores, para mais imagens&nbsp; de Jesus Lumma, clique aqui:&nbsp;<a href=\"https:\/\/drive.google.com\/drive\/folders\/1ID46JwXAeHguFVV8LGdHSklCf6RE_zn4\" target=\"_blank\" rel=\"noreferrer noopener\">https:\/\/drive.google.com\/drive\/folders\/1ID46JwXAeHguFVV8LGdHSklCf6RE_zn4<\/a><\/strong>&nbsp;<\/p>\n\n\n\n<p>Cr\u00e9dito: Divulga\u00e7\u00e3o.&nbsp;<\/p>\n\n\n\n<figure class=\"wp-block-image\"><img src=\"https:\/\/ci3.googleusercontent.com\/mail-sig\/AIorK4wECqewZpIhNQLQI70ns-yeUa7DycXKMZsMECr2AUm9NHxN_eMDj5fG7fjQHlNAjQAT1dTt96E\" alt=\"\" \/><\/figure>\n\n\n\n<p><strong>Maju\u00ed &#8211; Comunica\u00e7\u00e3o para a Sustentabilidade<\/strong><\/p>\n\n\n\n<p><strong>Cil\u00e9ia Pontes<\/strong>: <\/p>\n\n\n\n<p>Jornalista Respons\u00e1vel<\/p>\n\n\n\n<p> (MTB\/AM 002\/2003)<\/p>\n\n\n\n<p>Conhe\u00e7a:\u00a0<a href=\"http:\/\/www.majuicomunicacao.com\/\" target=\"_blank\" rel=\"noreferrer noopener\">www.majuicomunicacao.com<\/a><\/p>\n","protected":false},"excerpt":{"rendered":"<p>Artista maranhense radicado em Joinville apresenta releitura de sucesso do cantor e compositor Belchior. Marcada&#8230;<\/p>\n","protected":false},"author":3,"featured_media":8886,"comment_status":"closed","ping_status":"open","sticky":false,"template":"","format":"standard","meta":{"om_disable_all_campaigns":false,"_monsterinsights_skip_tracking":false,"_monsterinsights_sitenote_active":false,"_monsterinsights_sitenote_note":"","_monsterinsights_sitenote_category":0,"spay_email":""},"categories":[1],"tags":[],"jetpack_featured_media_url":"https:\/\/vimagazine.com.br\/wp-content\/uploads\/2023\/03\/Jesus-Lumma-Baixa.jpeg","_links":{"self":[{"href":"https:\/\/vimagazine.com.br\/index.php?rest_route=\/wp\/v2\/posts\/8887"}],"collection":[{"href":"https:\/\/vimagazine.com.br\/index.php?rest_route=\/wp\/v2\/posts"}],"about":[{"href":"https:\/\/vimagazine.com.br\/index.php?rest_route=\/wp\/v2\/types\/post"}],"author":[{"embeddable":true,"href":"https:\/\/vimagazine.com.br\/index.php?rest_route=\/wp\/v2\/users\/3"}],"replies":[{"embeddable":true,"href":"https:\/\/vimagazine.com.br\/index.php?rest_route=%2Fwp%2Fv2%2Fcomments&post=8887"}],"version-history":[{"count":1,"href":"https:\/\/vimagazine.com.br\/index.php?rest_route=\/wp\/v2\/posts\/8887\/revisions"}],"predecessor-version":[{"id":8888,"href":"https:\/\/vimagazine.com.br\/index.php?rest_route=\/wp\/v2\/posts\/8887\/revisions\/8888"}],"wp:featuredmedia":[{"embeddable":true,"href":"https:\/\/vimagazine.com.br\/index.php?rest_route=\/wp\/v2\/media\/8886"}],"wp:attachment":[{"href":"https:\/\/vimagazine.com.br\/index.php?rest_route=%2Fwp%2Fv2%2Fmedia&parent=8887"}],"wp:term":[{"taxonomy":"category","embeddable":true,"href":"https:\/\/vimagazine.com.br\/index.php?rest_route=%2Fwp%2Fv2%2Fcategories&post=8887"},{"taxonomy":"post_tag","embeddable":true,"href":"https:\/\/vimagazine.com.br\/index.php?rest_route=%2Fwp%2Fv2%2Ftags&post=8887"}],"curies":[{"name":"wp","href":"https:\/\/api.w.org\/{rel}","templated":true}]}}