{"id":8942,"date":"2023-03-15T18:14:48","date_gmt":"2023-03-15T21:14:48","guid":{"rendered":"https:\/\/vimagazine.com.br\/?p=8942"},"modified":"2023-03-15T18:14:49","modified_gmt":"2023-03-15T21:14:49","slug":"pianistico-leva-apresentacoes-a-2-mil-estudantes-de-joinville","status":"publish","type":"post","link":"https:\/\/vimagazine.com.br\/?p=8942","title":{"rendered":"Pian\u00edstico leva apresenta\u00e7\u00f5es a 2 mil estudantes de Joinville"},"content":{"rendered":"\n<p>Uma iniciativa muito especial leva os acordes do piano a quatro escolas municipais de Joinville. \u00c9 o Pian\u00edstico nas Escolas, a\u00e7\u00e3o do festival dedicado ao instrumento que, neste m\u00eas, chega \u00e0 5\u00aa edi\u00e7\u00e3o. Ser\u00e3o oito apresenta\u00e7\u00f5es da pianista Naara Santana e do ator Luan Vinicius Cordeiro, nas escolas Anna Maria Harger, Valentim Jo\u00e3o da Rocha, Castello Branco e Hans Dieter Schmidt. A previs\u00e3o \u00e9 de chegar a um p\u00fablico de 2 mil estudantes. A programa\u00e7\u00e3o come\u00e7a nesta quinta-feira, 16.<\/p>\n\n\n\n<p>\u201cO \u2018Pian\u00edstico nas Escolas\u2019 visa sensibilizar as crian\u00e7as, incentiv\u00e1-las e inspir\u00e1-las para o estudo da m\u00fasica, trabalhando a informa\u00e7\u00e3o e a forma\u00e7\u00e3o de plateia\u201d, diz o coordenador t\u00e9cnico do festival, Voldis Sprogis.<\/p>\n\n\n\n<p>A apresenta\u00e7\u00e3o deste ano \u00e9 intitulada \u201cUma pian\u00edstica aventura\u201d, e traz um enredo infantil, com a hist\u00f3ria de Solano, O Piano \u2013 um instrumento famoso, por\u00e9m atrapalhado e desajeitado com endere\u00e7os. Solano vem a Joinville para a 5\u00aa edi\u00e7\u00e3o do Pian\u00edstico. Antes de chegar ao seu destino, percorre as ruas da cidade com a amiga Naara, a pianista. Nesse trajeto, passa por quatro escolas para falar aos alunos e professores sobre sua vida, sua hist\u00f3ria, a felicidade de fazer m\u00fasica, al\u00e9m de, \u00e9 claro, convid\u00e1-los para conhecer seus outros amigos que estar\u00e3o nos palcos do Pian\u00edstico.<\/p>\n\n\n\n<p>Naara Santana \u00e9 formada em piano pela Escola de M\u00fasica do Estado de S\u00e3o Paulo (Emesp) e tem licenciatura em m\u00fasica pela Universidade de S\u00e3o Paulo (USP). Desde 2022, atua na Escola Bolshoi em Joinville. Ao seu lado, no projeto, o ator Luan Vin\u00edcius Cordeiro \u00e9 arte-educador, diretor e produtor cultural, graduado em Artes e em Teatro pela Universidade Federal do Paran\u00e1 (UFPR). Desde 2021, \u00e9 professor da Escola Municipal de Teatro da Casa da Cultura Fausto Rocha Junior de Joinville.<\/p>\n\n\n\n<p>Cronograma das apresenta\u00e7\u00f5es<\/p>\n\n\n\n<p>16\/03. Escola Anna Maria Harger, bairro Guanabara<\/p>\n\n\n\n<p>17\/03. Escola Valentim Jo\u00e3o da Rocha, bairro Vila Nova<\/p>\n\n\n\n<p>20\/03. Escola Castello Branco, bairro Boa Vista<\/p>\n\n\n\n<p>21\/03, Escola Hans Dieter Schmidt, Jardim Para\u00edso<\/p>\n\n\n\n<p><strong>Assessoria de imprensa Pian\u00edstico:<\/strong><\/p>\n\n\n\n<p> Mercado de Comunica\u00e7\u00e3o. <\/p>\n\n\n\n<p>Jornalistas respons\u00e1veis: <\/p>\n\n\n\n<p>Guilherme Diefenthaeler <\/p>\n\n\n\n<p> Ana Ribas Diefenthaeler. <\/p>\n","protected":false},"excerpt":{"rendered":"<p>Uma iniciativa muito especial leva os acordes do piano a quatro escolas municipais de Joinville&#8230;.<\/p>\n","protected":false},"author":3,"featured_media":8943,"comment_status":"closed","ping_status":"open","sticky":false,"template":"","format":"standard","meta":{"om_disable_all_campaigns":false,"_monsterinsights_skip_tracking":false,"_monsterinsights_sitenote_active":false,"_monsterinsights_sitenote_note":"","_monsterinsights_sitenote_category":0,"spay_email":""},"categories":[1],"tags":[],"jetpack_featured_media_url":"https:\/\/vimagazine.com.br\/wp-content\/uploads\/2023\/03\/WhatsApp-Image-2023-03-13-at-11.28.54-e1678914773603.jpeg","_links":{"self":[{"href":"https:\/\/vimagazine.com.br\/index.php?rest_route=\/wp\/v2\/posts\/8942"}],"collection":[{"href":"https:\/\/vimagazine.com.br\/index.php?rest_route=\/wp\/v2\/posts"}],"about":[{"href":"https:\/\/vimagazine.com.br\/index.php?rest_route=\/wp\/v2\/types\/post"}],"author":[{"embeddable":true,"href":"https:\/\/vimagazine.com.br\/index.php?rest_route=\/wp\/v2\/users\/3"}],"replies":[{"embeddable":true,"href":"https:\/\/vimagazine.com.br\/index.php?rest_route=%2Fwp%2Fv2%2Fcomments&post=8942"}],"version-history":[{"count":1,"href":"https:\/\/vimagazine.com.br\/index.php?rest_route=\/wp\/v2\/posts\/8942\/revisions"}],"predecessor-version":[{"id":8944,"href":"https:\/\/vimagazine.com.br\/index.php?rest_route=\/wp\/v2\/posts\/8942\/revisions\/8944"}],"wp:featuredmedia":[{"embeddable":true,"href":"https:\/\/vimagazine.com.br\/index.php?rest_route=\/wp\/v2\/media\/8943"}],"wp:attachment":[{"href":"https:\/\/vimagazine.com.br\/index.php?rest_route=%2Fwp%2Fv2%2Fmedia&parent=8942"}],"wp:term":[{"taxonomy":"category","embeddable":true,"href":"https:\/\/vimagazine.com.br\/index.php?rest_route=%2Fwp%2Fv2%2Fcategories&post=8942"},{"taxonomy":"post_tag","embeddable":true,"href":"https:\/\/vimagazine.com.br\/index.php?rest_route=%2Fwp%2Fv2%2Ftags&post=8942"}],"curies":[{"name":"wp","href":"https:\/\/api.w.org\/{rel}","templated":true}]}}