{"id":8985,"date":"2023-03-17T13:39:46","date_gmt":"2023-03-17T16:39:46","guid":{"rendered":"https:\/\/vimagazine.com.br\/?p=8985"},"modified":"2023-03-17T13:42:40","modified_gmt":"2023-03-17T16:42:40","slug":"viagem-em-familia-semana-santa-no-vila-aty-vai-focar-em-atividades-para-as-criancas","status":"publish","type":"post","link":"https:\/\/vimagazine.com.br\/?p=8985","title":{"rendered":"Viagem em fam\u00edlia: Semana Santa no Vila Aty vai focar em atividades para as crian\u00e7as"},"content":{"rendered":"\n<p>Programa\u00e7\u00e3o \u00e9 direcionada a quem planeja aproveitar o feriado da sexta-feira santa para ter momentos<br>especiais em fam\u00edlia<br>Feriados s\u00e3o a oportunidade perfeita para realizar aquela viagem dos sonhos, e fazer isso em fam\u00edlia<br>torna tudo ainda mais memor\u00e1vel. Foi pensando nisso que o Vila Aty Eco Lodge, hotel no vilarejo Atins<br>(Barreirinhas\/MA), estruturou programa\u00e7\u00e3o para quem deseja estreitar ainda mais os la\u00e7os familiares<br>viajando com a crian\u00e7ada no feriado do dia 7 de abril, sexta-feira santa.<br>\u201cA nossa ideia em privilegiar as crian\u00e7as nessa programa\u00e7\u00e3o \u00e9 proporcionar uma viagem em fam\u00edlia na<br>qual os pequenos possam se divertir e interagir com outras crian\u00e7as, al\u00e9m do contato mais pr\u00f3ximo com<br>a natureza que Atins proporciona a todos\u201d, afirma o empres\u00e1rio Saulo Prazeres, s\u00f3cio-administrador do<br>Vila Aty.<\/p>\n\n\n\n<figure class=\"wp-block-image size-large\"><img width=\"1024\" height=\"683\" src=\"https:\/\/vimagazine.com.br\/wp-content\/uploads\/2023\/03\/Para-o-empresario-Saulo-Prazeres-feriado-e-um-bom-momento-para-ter-uma-experiencia-unica-em-familia-no-povoado-Atins-Foto-Arquivo-pessoal-1024x683.jpg\" alt=\"\" class=\"wp-image-8988\" srcset=\"https:\/\/vimagazine.com.br\/wp-content\/uploads\/2023\/03\/Para-o-empresario-Saulo-Prazeres-feriado-e-um-bom-momento-para-ter-uma-experiencia-unica-em-familia-no-povoado-Atins-Foto-Arquivo-pessoal-1024x683.jpg 1024w, https:\/\/vimagazine.com.br\/wp-content\/uploads\/2023\/03\/Para-o-empresario-Saulo-Prazeres-feriado-e-um-bom-momento-para-ter-uma-experiencia-unica-em-familia-no-povoado-Atins-Foto-Arquivo-pessoal-300x200.jpg 300w, https:\/\/vimagazine.com.br\/wp-content\/uploads\/2023\/03\/Para-o-empresario-Saulo-Prazeres-feriado-e-um-bom-momento-para-ter-uma-experiencia-unica-em-familia-no-povoado-Atins-Foto-Arquivo-pessoal-768x512.jpg 768w, https:\/\/vimagazine.com.br\/wp-content\/uploads\/2023\/03\/Para-o-empresario-Saulo-Prazeres-feriado-e-um-bom-momento-para-ter-uma-experiencia-unica-em-familia-no-povoado-Atins-Foto-Arquivo-pessoal-1536x1024.jpg 1536w, https:\/\/vimagazine.com.br\/wp-content\/uploads\/2023\/03\/Para-o-empresario-Saulo-Prazeres-feriado-e-um-bom-momento-para-ter-uma-experiencia-unica-em-familia-no-povoado-Atins-Foto-Arquivo-pessoal.jpg 1920w\" sizes=\"(max-width: 1024px) 100vw, 1024px\" \/><\/figure>\n\n\n\n<p><br>O destaque da agenda da Semana Santa s\u00e3o as oficinas infantis que incluir\u00e3o atividades de desenho e<br>m\u00fasica, desenvolvidas por recreador no s\u00e1bado (8) \u00e0 noite e na manh\u00e3 do domingo de P\u00e1scoa (9). Al\u00e9m<br>da programa\u00e7\u00e3o com as crian\u00e7as, a noite de s\u00e1bado tamb\u00e9m vai contar com um card\u00e1pio especial de<br>frutos do mar no jantar, assinado pelo chef Wagner Velasco.<br>A dica, segundo o empres\u00e1rio, \u00e9 n\u00e3o deixar para planejar a viagem em cima da hora hora, pois, assim<br>como em outros feriados, a procura por acomoda\u00e7\u00f5es em Atins costuma aumentar.<br>\u201cFeriados s\u00e3o uma oportunidade para descansar e estar junto das pessoas que amamos. Um bom<br>momento para sair um pouco das telas, deixar a rotina de lado e ter uma experi\u00eancia \u00fanica em um<br>destino paradis\u00edaco como Atins. Muita gente tamb\u00e9m pensa assim, por isso a demanda sobe, ent\u00e3o<br>reservar hotel com anteced\u00eancia \u00e9 o ideal\u201d, recomenda Saulo.<br>No ano passado, a ocupa\u00e7\u00e3o m\u00e9dia no Vila Aty em per\u00edodos que contemplaram feriados, pontos<br>facultativos ou datas comemorativas como a sexta-feira santa, Corpus Christi (8 de junho), Dia dos<br>Namorados (12 de junho), Independ\u00eancia do Brasil (7 de setembro) e Natal (25 de dezembro) ficou<br>entre 70% e 98%.<\/p>\n\n\n\n<figure class=\"wp-block-image size-large\"><img width=\"683\" height=\"1024\" src=\"https:\/\/vimagazine.com.br\/wp-content\/uploads\/2023\/03\/Hotel-Vila-Aty-e-um-ponto-de-contato-com-a-natureza-e-cultura-de-Atins-Foto-Divulgacao-Vila-Aty-683x1024.jpg\" alt=\"\" class=\"wp-image-8989\" srcset=\"https:\/\/vimagazine.com.br\/wp-content\/uploads\/2023\/03\/Hotel-Vila-Aty-e-um-ponto-de-contato-com-a-natureza-e-cultura-de-Atins-Foto-Divulgacao-Vila-Aty-683x1024.jpg 683w, https:\/\/vimagazine.com.br\/wp-content\/uploads\/2023\/03\/Hotel-Vila-Aty-e-um-ponto-de-contato-com-a-natureza-e-cultura-de-Atins-Foto-Divulgacao-Vila-Aty-200x300.jpg 200w, https:\/\/vimagazine.com.br\/wp-content\/uploads\/2023\/03\/Hotel-Vila-Aty-e-um-ponto-de-contato-com-a-natureza-e-cultura-de-Atins-Foto-Divulgacao-Vila-Aty-768x1152.jpg 768w, https:\/\/vimagazine.com.br\/wp-content\/uploads\/2023\/03\/Hotel-Vila-Aty-e-um-ponto-de-contato-com-a-natureza-e-cultura-de-Atins-Foto-Divulgacao-Vila-Aty-1024x1536.jpg 1024w, https:\/\/vimagazine.com.br\/wp-content\/uploads\/2023\/03\/Hotel-Vila-Aty-e-um-ponto-de-contato-com-a-natureza-e-cultura-de-Atins-Foto-Divulgacao-Vila-Aty.jpg 1280w\" sizes=\"(max-width: 683px) 100vw, 683px\" \/><\/figure>\n\n\n\n<p><br>Atins<br>O povoado Atins \u00e9 um local de beleza c\u00eanica, com dunas, lagoas e praia. O clima tranquilo de suas ruas<br>de areia s\u00e3o um convite \u00e0 contempla\u00e7\u00e3o da natureza, atraindo turistas de todas as partes do mundo.<br>Apesar de ser um dos destinos mais remotos e isolados do Maranh\u00e3o, o vilarejo possui localiza\u00e7\u00e3o<br>estrat\u00e9gica para desbravar o Parque Nacional dos Len\u00e7\u00f3is Maranhenses, j\u00e1 que fica a apenas 2,5 km do<br>in\u00edcio das dunas e lagoas dos Len\u00e7\u00f3is.<br>Uma boa op\u00e7\u00e3o de hospedagem na regi\u00e3o \u00e9 o Vila Aty Eco Lodge, um ponto de contato com a natureza<br>e cultura de Atins que oferece imers\u00e3o e experi\u00eancias para quem deseja relaxar e se aventurar. Isso \u00e9<br>poss\u00edvel gra\u00e7as \u00e0 excelente estrutura, espa\u00e7o integrado \u00e0 natureza, equipe composta majoritariamente<br>por nativos e uma cuidadosa curadoria de atividades pensadas por quem conhece o lugar.<\/p>\n\n\n\n<p>Fonte: Juliana Vieira<\/p>\n\n\n\n<figure class=\"wp-block-image\"><img alt=\"\" \/><\/figure>\n","protected":false},"excerpt":{"rendered":"<p>Programa\u00e7\u00e3o \u00e9 direcionada a quem planeja aproveitar o feriado da sexta-feira santa para ter momentosespeciais&#8230;<\/p>\n","protected":false},"author":3,"featured_media":8986,"comment_status":"closed","ping_status":"open","sticky":false,"template":"","format":"standard","meta":{"om_disable_all_campaigns":false,"_monsterinsights_skip_tracking":false,"_monsterinsights_sitenote_active":false,"_monsterinsights_sitenote_note":"","_monsterinsights_sitenote_category":0,"spay_email":""},"categories":[1],"tags":[],"jetpack_featured_media_url":"https:\/\/vimagazine.com.br\/wp-content\/uploads\/2023\/03\/Semana-Santa-pode-oportunizar-uma-viagem-com-a-familia-e-amigos-Foto-Divulgacao-Vila-Aty-e1679071109794.jpg","_links":{"self":[{"href":"https:\/\/vimagazine.com.br\/index.php?rest_route=\/wp\/v2\/posts\/8985"}],"collection":[{"href":"https:\/\/vimagazine.com.br\/index.php?rest_route=\/wp\/v2\/posts"}],"about":[{"href":"https:\/\/vimagazine.com.br\/index.php?rest_route=\/wp\/v2\/types\/post"}],"author":[{"embeddable":true,"href":"https:\/\/vimagazine.com.br\/index.php?rest_route=\/wp\/v2\/users\/3"}],"replies":[{"embeddable":true,"href":"https:\/\/vimagazine.com.br\/index.php?rest_route=%2Fwp%2Fv2%2Fcomments&post=8985"}],"version-history":[{"count":2,"href":"https:\/\/vimagazine.com.br\/index.php?rest_route=\/wp\/v2\/posts\/8985\/revisions"}],"predecessor-version":[{"id":8991,"href":"https:\/\/vimagazine.com.br\/index.php?rest_route=\/wp\/v2\/posts\/8985\/revisions\/8991"}],"wp:featuredmedia":[{"embeddable":true,"href":"https:\/\/vimagazine.com.br\/index.php?rest_route=\/wp\/v2\/media\/8986"}],"wp:attachment":[{"href":"https:\/\/vimagazine.com.br\/index.php?rest_route=%2Fwp%2Fv2%2Fmedia&parent=8985"}],"wp:term":[{"taxonomy":"category","embeddable":true,"href":"https:\/\/vimagazine.com.br\/index.php?rest_route=%2Fwp%2Fv2%2Fcategories&post=8985"},{"taxonomy":"post_tag","embeddable":true,"href":"https:\/\/vimagazine.com.br\/index.php?rest_route=%2Fwp%2Fv2%2Ftags&post=8985"}],"curies":[{"name":"wp","href":"https:\/\/api.w.org\/{rel}","templated":true}]}}