{"id":9001,"date":"2023-03-21T07:32:19","date_gmt":"2023-03-21T10:32:19","guid":{"rendered":"https:\/\/vimagazine.com.br\/?p=9001"},"modified":"2023-03-21T07:32:23","modified_gmt":"2023-03-21T10:32:23","slug":"campanha-da-cefaleia-em-salvas-acontece-neste-dia-21-de-marco-e-conta-com-apoio-de-varios-artistas","status":"publish","type":"post","link":"https:\/\/vimagazine.com.br\/?p=9001","title":{"rendered":"Campanha da Cefaleia em salvas acontece neste dia 21 de mar\u00e7o e conta com apoio de v\u00e1rios artistas"},"content":{"rendered":"\n<p>Existem mais de 300 tipos de dores de cabe\u00e7a e a Cefaleia em Salvas \u00e9 a dor mais intensa e incapacitante de todas, acometendo de 0,1-0,4% da popula\u00e7\u00e3o, dependendo do estudo, por isso, acredita-se que h\u00e1 no Brasil em torno de 300 mil pessoas com Cefaleia em Salvas.<\/p>\n\n\n\n<p>Para a organiza\u00e7\u00e3o da campanha de conscientiza\u00e7\u00e3o sobre a doen\u00e7a deste ano, que acontecer\u00e1 no dia 21 de mar\u00e7o, a neurologista Dra. Maria Eduarda Nobre contou com a ajuda da atriz Simone Zucato que convidou artistas para aderirem \u00e0 causa, entre os quais:<\/p>\n\n\n\n<p>Reynaldo Gianecchini, Simone Zucato, Rosi Campos, C\u00e1ssio Scapin, Nany People, Isabella Garcia, In\u00eas Peixoto, Rodrigo Fagundes, Wendell Bendelack, Juan Tellategui, Anderson Di Rizzi, Fl\u00e1via Alessandra, Otaviano Costa, Roberto Birindelli e Paulo Manduca, N\u00edvea Maria.<\/p>\n\n\n\n<figure class=\"wp-container-2 wp-block-gallery-1 wp-block-gallery has-nested-images columns-5 is-cropped\">\n<figure class=\"wp-block-image size-large\"><img width=\"818\" height=\"1024\" data-id=\"9016\"  src=\"https:\/\/vimagazine.com.br\/wp-content\/uploads\/2023\/03\/Campanha-Cefaleia-em-Salvas-15.jpeg\" alt=\"\" class=\"wp-image-9016\" srcset=\"https:\/\/vimagazine.com.br\/wp-content\/uploads\/2023\/03\/Campanha-Cefaleia-em-Salvas-15.jpeg 818w, https:\/\/vimagazine.com.br\/wp-content\/uploads\/2023\/03\/Campanha-Cefaleia-em-Salvas-15-240x300.jpeg 240w, https:\/\/vimagazine.com.br\/wp-content\/uploads\/2023\/03\/Campanha-Cefaleia-em-Salvas-15-768x961.jpeg 768w\" sizes=\"(max-width: 818px) 100vw, 818px\" \/><\/figure>\n\n\n\n<figure class=\"wp-block-image size-large\"><img width=\"819\" height=\"1024\" data-id=\"9015\"  src=\"https:\/\/vimagazine.com.br\/wp-content\/uploads\/2023\/03\/Campanha-Cefaleia-em-Salvas-14.jpeg\" alt=\"\" class=\"wp-image-9015\" srcset=\"https:\/\/vimagazine.com.br\/wp-content\/uploads\/2023\/03\/Campanha-Cefaleia-em-Salvas-14.jpeg 819w, https:\/\/vimagazine.com.br\/wp-content\/uploads\/2023\/03\/Campanha-Cefaleia-em-Salvas-14-240x300.jpeg 240w, https:\/\/vimagazine.com.br\/wp-content\/uploads\/2023\/03\/Campanha-Cefaleia-em-Salvas-14-768x960.jpeg 768w\" sizes=\"(max-width: 819px) 100vw, 819px\" \/><\/figure>\n\n\n\n<figure class=\"wp-block-image size-large\"><img width=\"819\" height=\"1024\" data-id=\"9014\"  src=\"https:\/\/vimagazine.com.br\/wp-content\/uploads\/2023\/03\/Campanha-Cefaleia-em-Salvas-13.jpeg\" alt=\"\" class=\"wp-image-9014\" srcset=\"https:\/\/vimagazine.com.br\/wp-content\/uploads\/2023\/03\/Campanha-Cefaleia-em-Salvas-13.jpeg 819w, https:\/\/vimagazine.com.br\/wp-content\/uploads\/2023\/03\/Campanha-Cefaleia-em-Salvas-13-240x300.jpeg 240w, https:\/\/vimagazine.com.br\/wp-content\/uploads\/2023\/03\/Campanha-Cefaleia-em-Salvas-13-768x960.jpeg 768w\" sizes=\"(max-width: 819px) 100vw, 819px\" \/><figcaption>Dra. Maria Eduarda Nobre<\/figcaption><\/figure>\n\n\n\n<figure class=\"wp-block-image size-large\"><img width=\"819\" height=\"1024\" data-id=\"9013\"  src=\"https:\/\/vimagazine.com.br\/wp-content\/uploads\/2023\/03\/Campanha-Cefaleia-em-Salvas-12.jpeg\" alt=\"\" class=\"wp-image-9013\" srcset=\"https:\/\/vimagazine.com.br\/wp-content\/uploads\/2023\/03\/Campanha-Cefaleia-em-Salvas-12.jpeg 819w, https:\/\/vimagazine.com.br\/wp-content\/uploads\/2023\/03\/Campanha-Cefaleia-em-Salvas-12-240x300.jpeg 240w, https:\/\/vimagazine.com.br\/wp-content\/uploads\/2023\/03\/Campanha-Cefaleia-em-Salvas-12-768x960.jpeg 768w\" sizes=\"(max-width: 819px) 100vw, 819px\" \/><\/figure>\n\n\n\n<figure class=\"wp-block-image size-large\"><img width=\"819\" height=\"1024\" data-id=\"9012\"  src=\"https:\/\/vimagazine.com.br\/wp-content\/uploads\/2023\/03\/Campanha-Cefaleia-em-Salvas-11.jpeg\" alt=\"\" class=\"wp-image-9012\" srcset=\"https:\/\/vimagazine.com.br\/wp-content\/uploads\/2023\/03\/Campanha-Cefaleia-em-Salvas-11.jpeg 819w, https:\/\/vimagazine.com.br\/wp-content\/uploads\/2023\/03\/Campanha-Cefaleia-em-Salvas-11-240x300.jpeg 240w, https:\/\/vimagazine.com.br\/wp-content\/uploads\/2023\/03\/Campanha-Cefaleia-em-Salvas-11-768x960.jpeg 768w\" sizes=\"(max-width: 819px) 100vw, 819px\" \/><\/figure>\n\n\n\n<figure class=\"wp-block-image size-large\"><img width=\"819\" height=\"1024\" data-id=\"9006\"  src=\"https:\/\/vimagazine.com.br\/wp-content\/uploads\/2023\/03\/Campanha-Cefaleia-em-Salvas-5.jpeg\" alt=\"\" class=\"wp-image-9006\" srcset=\"https:\/\/vimagazine.com.br\/wp-content\/uploads\/2023\/03\/Campanha-Cefaleia-em-Salvas-5.jpeg 819w, https:\/\/vimagazine.com.br\/wp-content\/uploads\/2023\/03\/Campanha-Cefaleia-em-Salvas-5-240x300.jpeg 240w, https:\/\/vimagazine.com.br\/wp-content\/uploads\/2023\/03\/Campanha-Cefaleia-em-Salvas-5-768x960.jpeg 768w\" sizes=\"(max-width: 819px) 100vw, 819px\" \/><\/figure>\n\n\n\n<figure class=\"wp-block-image size-large\"><img width=\"818\" height=\"1024\" data-id=\"9007\"  src=\"https:\/\/vimagazine.com.br\/wp-content\/uploads\/2023\/03\/Campanha-Cefaleia-em-Salvas-6.jpeg\" alt=\"\" class=\"wp-image-9007\" srcset=\"https:\/\/vimagazine.com.br\/wp-content\/uploads\/2023\/03\/Campanha-Cefaleia-em-Salvas-6.jpeg 818w, https:\/\/vimagazine.com.br\/wp-content\/uploads\/2023\/03\/Campanha-Cefaleia-em-Salvas-6-240x300.jpeg 240w, https:\/\/vimagazine.com.br\/wp-content\/uploads\/2023\/03\/Campanha-Cefaleia-em-Salvas-6-768x961.jpeg 768w\" sizes=\"(max-width: 818px) 100vw, 818px\" \/><\/figure>\n\n\n\n<figure class=\"wp-block-image size-large\"><img width=\"819\" height=\"1024\" data-id=\"9008\"  src=\"https:\/\/vimagazine.com.br\/wp-content\/uploads\/2023\/03\/Campanha-Cefaleia-em-Salvas-7.jpeg\" alt=\"\" class=\"wp-image-9008\" srcset=\"https:\/\/vimagazine.com.br\/wp-content\/uploads\/2023\/03\/Campanha-Cefaleia-em-Salvas-7.jpeg 819w, https:\/\/vimagazine.com.br\/wp-content\/uploads\/2023\/03\/Campanha-Cefaleia-em-Salvas-7-240x300.jpeg 240w, https:\/\/vimagazine.com.br\/wp-content\/uploads\/2023\/03\/Campanha-Cefaleia-em-Salvas-7-768x960.jpeg 768w\" sizes=\"(max-width: 819px) 100vw, 819px\" \/><\/figure>\n\n\n\n<figure class=\"wp-block-image size-large\"><img width=\"819\" height=\"1024\" data-id=\"9009\"  src=\"https:\/\/vimagazine.com.br\/wp-content\/uploads\/2023\/03\/Campanha-Cefaleia-em-Salvas-8.jpeg\" alt=\"\" class=\"wp-image-9009\" srcset=\"https:\/\/vimagazine.com.br\/wp-content\/uploads\/2023\/03\/Campanha-Cefaleia-em-Salvas-8.jpeg 819w, https:\/\/vimagazine.com.br\/wp-content\/uploads\/2023\/03\/Campanha-Cefaleia-em-Salvas-8-240x300.jpeg 240w, https:\/\/vimagazine.com.br\/wp-content\/uploads\/2023\/03\/Campanha-Cefaleia-em-Salvas-8-768x960.jpeg 768w\" sizes=\"(max-width: 819px) 100vw, 819px\" \/><\/figure>\n\n\n\n<figure class=\"wp-block-image size-large\"><img width=\"819\" height=\"1024\" data-id=\"9010\"  src=\"https:\/\/vimagazine.com.br\/wp-content\/uploads\/2023\/03\/Campanha-Cefaleia-em-Salvas-9.jpeg\" alt=\"\" class=\"wp-image-9010\" srcset=\"https:\/\/vimagazine.com.br\/wp-content\/uploads\/2023\/03\/Campanha-Cefaleia-em-Salvas-9.jpeg 819w, https:\/\/vimagazine.com.br\/wp-content\/uploads\/2023\/03\/Campanha-Cefaleia-em-Salvas-9-240x300.jpeg 240w, https:\/\/vimagazine.com.br\/wp-content\/uploads\/2023\/03\/Campanha-Cefaleia-em-Salvas-9-768x960.jpeg 768w\" sizes=\"(max-width: 819px) 100vw, 819px\" \/><\/figure>\n\n\n\n<figure class=\"wp-block-image size-large\"><img width=\"818\" height=\"1024\" data-id=\"9011\"  src=\"https:\/\/vimagazine.com.br\/wp-content\/uploads\/2023\/03\/Campanha-Cefaleia-em-Salvas-10.jpeg\" alt=\"\" class=\"wp-image-9011\" srcset=\"https:\/\/vimagazine.com.br\/wp-content\/uploads\/2023\/03\/Campanha-Cefaleia-em-Salvas-10.jpeg 818w, https:\/\/vimagazine.com.br\/wp-content\/uploads\/2023\/03\/Campanha-Cefaleia-em-Salvas-10-240x300.jpeg 240w, https:\/\/vimagazine.com.br\/wp-content\/uploads\/2023\/03\/Campanha-Cefaleia-em-Salvas-10-768x961.jpeg 768w\" sizes=\"(max-width: 818px) 100vw, 818px\" \/><\/figure>\n\n\n\n<figure class=\"wp-block-image size-large\"><img width=\"819\" height=\"1024\" data-id=\"9005\"  src=\"https:\/\/vimagazine.com.br\/wp-content\/uploads\/2023\/03\/Campanha-Cefaleia-em-Salvas-4.jpeg\" alt=\"\" class=\"wp-image-9005\" srcset=\"https:\/\/vimagazine.com.br\/wp-content\/uploads\/2023\/03\/Campanha-Cefaleia-em-Salvas-4.jpeg 819w, https:\/\/vimagazine.com.br\/wp-content\/uploads\/2023\/03\/Campanha-Cefaleia-em-Salvas-4-240x300.jpeg 240w, https:\/\/vimagazine.com.br\/wp-content\/uploads\/2023\/03\/Campanha-Cefaleia-em-Salvas-4-768x960.jpeg 768w\" sizes=\"(max-width: 819px) 100vw, 819px\" \/><\/figure>\n\n\n\n<figure class=\"wp-block-image size-large\"><img width=\"819\" height=\"1024\" data-id=\"9004\"  src=\"https:\/\/vimagazine.com.br\/wp-content\/uploads\/2023\/03\/Campanha-Cefaleia-em-Salvas-3.jpeg\" alt=\"\" class=\"wp-image-9004\" srcset=\"https:\/\/vimagazine.com.br\/wp-content\/uploads\/2023\/03\/Campanha-Cefaleia-em-Salvas-3.jpeg 819w, https:\/\/vimagazine.com.br\/wp-content\/uploads\/2023\/03\/Campanha-Cefaleia-em-Salvas-3-240x300.jpeg 240w, https:\/\/vimagazine.com.br\/wp-content\/uploads\/2023\/03\/Campanha-Cefaleia-em-Salvas-3-768x960.jpeg 768w\" sizes=\"(max-width: 819px) 100vw, 819px\" \/><\/figure>\n\n\n\n<figure class=\"wp-block-image size-large\"><img width=\"819\" height=\"1024\" data-id=\"9003\"  src=\"https:\/\/vimagazine.com.br\/wp-content\/uploads\/2023\/03\/Campanha-Cefaleia-em-Salvas-2.jpeg\" alt=\"\" class=\"wp-image-9003\" srcset=\"https:\/\/vimagazine.com.br\/wp-content\/uploads\/2023\/03\/Campanha-Cefaleia-em-Salvas-2.jpeg 819w, https:\/\/vimagazine.com.br\/wp-content\/uploads\/2023\/03\/Campanha-Cefaleia-em-Salvas-2-240x300.jpeg 240w, https:\/\/vimagazine.com.br\/wp-content\/uploads\/2023\/03\/Campanha-Cefaleia-em-Salvas-2-768x960.jpeg 768w\" sizes=\"(max-width: 819px) 100vw, 819px\" \/><\/figure>\n\n\n\n<figure class=\"wp-block-image size-large\"><img width=\"819\" height=\"1024\" data-id=\"9002\"  src=\"https:\/\/vimagazine.com.br\/wp-content\/uploads\/2023\/03\/Campanha-Cefaleia-em-Salvas-1.jpeg\" alt=\"\" class=\"wp-image-9002\" srcset=\"https:\/\/vimagazine.com.br\/wp-content\/uploads\/2023\/03\/Campanha-Cefaleia-em-Salvas-1.jpeg 819w, https:\/\/vimagazine.com.br\/wp-content\/uploads\/2023\/03\/Campanha-Cefaleia-em-Salvas-1-240x300.jpeg 240w, https:\/\/vimagazine.com.br\/wp-content\/uploads\/2023\/03\/Campanha-Cefaleia-em-Salvas-1-768x960.jpeg 768w\" sizes=\"(max-width: 819px) 100vw, 819px\" \/><\/figure>\n<\/figure>\n\n\n\n<p><em>\u201cAs crises s\u00e3o sempre do mesmo lado da cabe\u00e7a, geralmente em torno do olho. Com a dor, ocorrem altera\u00e7\u00f5es como lacrimejamento, entupimento nasal, vermelhid\u00e3o no olho e queda da p\u00e1lpebra. Tudo isso somente do lado da dor. Dura de 30 minutos a 3 horas, mas usualmente \u00e9 em torno de 30-45 min. Pode vir v\u00e1rias vezes no mesmo dia, inclusive de madrugada, acordando o indiv\u00edduo no meio da noite com a dor j\u00e1 no pico m\u00e1ximo. Muitos portadores t\u00eam hor\u00e1rios regulares para as crises e j\u00e1 sabem que ela vai ocorrer em determinado hor\u00e1rio do dia ou madrugada. Esse per\u00edodo em que as crises acontecem duram alguns meses, sendo chamado per\u00edodo da salva. Em algum momento, as crises desaparecem e podem ficar ausentes por meses ou anos. Em algum momento elas retornam, mantendo o padr\u00e3o de virem todos os dias, at\u00e9 v\u00e1rias vezes no mesmo dia, e ficam presentes novamente por alguns meses. Normalmente tem um ritmo regular. O per\u00edodo da salva \u00e9 quase sempre o mesmo e o intervalo tamb\u00e9m. Cada portador deve observar seu pr\u00f3prio padr\u00e3o. Esse ciclo se repete por toda a vida e por isso \u00e9 denominado Cefaleia em Salvas, pois vem de tempos em tempos. A Cefaleia em Salvas \u00e9 de causa desconhecida. Sabemos que \u00e9 uma altera\u00e7\u00e3o em uma \u00e1rea do c\u00e9rebro respons\u00e1vel pelo nosso rel\u00f3gio biol\u00f3gico, local que controla nosso ciclo de sono e vig\u00edlia, da\u00ed a rela\u00e7\u00e3o com um padr\u00e3o r\u00edtmico. N\u00e3o se sabe o porqu\u00ea dessa altera\u00e7\u00e3o. N\u00e3o h\u00e1 cura, por\u00e9m, h\u00e1 tratamento eficaz. O tratamento deve ser iniciado a cada in\u00edcio de uma nova salva \u00e9 suspenso ap\u00f3s o t\u00e9rmino. Nos intervalos, n\u00e3o \u00e9 necess\u00e1rio tomar nenhum tipo de medica\u00e7\u00e3o. \u00c9 como se a doen\u00e7a n\u00e3o existisse, mas possivelmente voltar\u00e1 na \u00e9poca usual daquele portador. O padr\u00e3o mais comum \u00e9 ser anual, durando 1 a 2 meses, geralmente na mesma \u00e9poca ou esta\u00e7\u00e3o do ano. Os portadores da doen\u00e7a geralmente demoram anos para serem diagnosticados. Procuram v\u00e1rios especialistas e na maioria das vezes s\u00e3o tratados como portadores de Enxaqueca, que \u00e9 outro tipo de dor, cujo tratamento \u00e9 bem diferente. Realizamos a Campanha de Conscientiza\u00e7\u00e3o sobre a Cefaleia em Salvas todos os anos para alertar sobre os sintomas e informar que dores muito intensas, sempre do mesmo lado, com uma dura\u00e7\u00e3o em torno de 45 min, acompanhadas de lacrimejamento, provavelmente s\u00e3o a Cefaleia em Salvas. O especialista indicado para diagn\u00f3stico e tratamento \u00e9 o neurologista e os portadores podem contatar a Sociedade Brasileira de Cefaleia ou a Abraces (Associa\u00e7\u00e3o Brasileira dos portadores de Cefaleia em Salvas) para localizar um especialista em sua cidade, ou at\u00e9 mesmo se informar sobre atendimentos em servi\u00e7o p\u00fablico\u201d,<\/em> explica a Dra. Maria Eduarda Nobre.<\/p>\n\n\n\n<p><em>\u201cAlcan\u00e7amos muitas pessoas que ainda n\u00e3o haviam tido o diagn\u00f3stico correto com essa campanha. O papel do artista \u00e9 esse tamb\u00e9m. Espero que cada vez mais possamos ajudar as pessoas.\u201d<\/em>, comentou a atriz Simone Zucato.<br><\/p>\n\n\n\n<p>Maria Eduarda Nobre \u00e9<br>Neurologista pela UFRJ<br>Mestrado e Doutorado em Neurologia pela UFF<br>Membro da Academia Brasileira de Neurologia<br>Membro da International Headache Society<br>Membro da Sociedade Brasileira de Cefaleia<\/p>\n","protected":false},"excerpt":{"rendered":"<p>Existem mais de 300 tipos de dores de cabe\u00e7a e a Cefaleia em Salvas \u00e9&#8230;<\/p>\n","protected":false},"author":18,"featured_media":9017,"comment_status":"closed","ping_status":"open","sticky":false,"template":"","format":"standard","meta":{"om_disable_all_campaigns":false,"_monsterinsights_skip_tracking":false,"_monsterinsights_sitenote_active":false,"_monsterinsights_sitenote_note":"","_monsterinsights_sitenote_category":0,"spay_email":""},"categories":[1],"tags":[231,614,615,616,45,543,617],"jetpack_featured_media_url":"https:\/\/vimagazine.com.br\/wp-content\/uploads\/2023\/03\/Capas-1.jpg","_links":{"self":[{"href":"https:\/\/vimagazine.com.br\/index.php?rest_route=\/wp\/v2\/posts\/9001"}],"collection":[{"href":"https:\/\/vimagazine.com.br\/index.php?rest_route=\/wp\/v2\/posts"}],"about":[{"href":"https:\/\/vimagazine.com.br\/index.php?rest_route=\/wp\/v2\/types\/post"}],"author":[{"embeddable":true,"href":"https:\/\/vimagazine.com.br\/index.php?rest_route=\/wp\/v2\/users\/18"}],"replies":[{"embeddable":true,"href":"https:\/\/vimagazine.com.br\/index.php?rest_route=%2Fwp%2Fv2%2Fcomments&post=9001"}],"version-history":[{"count":1,"href":"https:\/\/vimagazine.com.br\/index.php?rest_route=\/wp\/v2\/posts\/9001\/revisions"}],"predecessor-version":[{"id":9018,"href":"https:\/\/vimagazine.com.br\/index.php?rest_route=\/wp\/v2\/posts\/9001\/revisions\/9018"}],"wp:featuredmedia":[{"embeddable":true,"href":"https:\/\/vimagazine.com.br\/index.php?rest_route=\/wp\/v2\/media\/9017"}],"wp:attachment":[{"href":"https:\/\/vimagazine.com.br\/index.php?rest_route=%2Fwp%2Fv2%2Fmedia&parent=9001"}],"wp:term":[{"taxonomy":"category","embeddable":true,"href":"https:\/\/vimagazine.com.br\/index.php?rest_route=%2Fwp%2Fv2%2Fcategories&post=9001"},{"taxonomy":"post_tag","embeddable":true,"href":"https:\/\/vimagazine.com.br\/index.php?rest_route=%2Fwp%2Fv2%2Ftags&post=9001"}],"curies":[{"name":"wp","href":"https:\/\/api.w.org\/{rel}","templated":true}]}}