{"id":9019,"date":"2023-03-21T14:20:31","date_gmt":"2023-03-21T17:20:31","guid":{"rendered":"https:\/\/vimagazine.com.br\/?p=9019"},"modified":"2023-03-21T14:20:35","modified_gmt":"2023-03-21T17:20:35","slug":"protagonismo-feminino-na-construcao-civil-e-tema-de-bate-papo-aberto-ao-publico-no-spotmarkt","status":"publish","type":"post","link":"https:\/\/vimagazine.com.br\/?p=9019","title":{"rendered":"Protagonismo feminino na constru\u00e7\u00e3o civil \u00e9 tema de bate-papo aberto ao p\u00fablico no SpotMarkt"},"content":{"rendered":"\n<p><strong>Na foto, Maria Nat\u00e1lia, Renata Rios, Kalindi Duarte, Gabriela Torres e Vanessa Tobias<\/strong><\/p>\n\n\n\n<p><em>Evento, organizado pela Dimas Constru\u00e7\u00f5es, reunir\u00e1 profissionais para compartilhar suas trajet\u00f3rias e experi\u00eancias, nesta ter\u00e7a-feira (21)<\/em><\/p>\n\n\n\n<p>O protagonismo feminino na constru\u00e7\u00e3o civil ser\u00e1 pauta de um encontro que reunir\u00e1 cinco profissionais da \u00e1rea nesta ter\u00e7a-feira (21), em Florian\u00f3polis. O bate-papo, realizado pela Dimas Constru\u00e7\u00f5es, ser\u00e1 no SpotMarkt, mall localizado no bairro C\u00f3rrego Grande. A atividade inicia \u00e0s 19h30 e tem entrada gratuita.&nbsp;<\/p>\n\n\n\n<p>Com o mote \u201cInspirar para empoderar\u201d, o evento contar\u00e1 com a participa\u00e7\u00e3o de Gabriela Torres, Vanessa Tobias, Kalindi Duarte Souza, Renata Rios e Natalia Villagran de Dios.&nbsp;<\/p>\n\n\n\n<p>A ideia \u00e9 que elas compartilhem suas trajet\u00f3rias profissionais e experi\u00eancias na \u00e1rea da constru\u00e7\u00e3o civil, discutindo os desafios que as mulheres ainda enfrentam num setor historicamente associado aos homens.<\/p>\n\n\n\n<p>Para Andreia Vieira de Lima, diretora da Dimas Properties, atividades como essa s\u00e3o importantes porque ajudam a romper barreiras e a inspirar novas profissionais a atuarem no mercado.<\/p>\n\n\n\n<p>\u201cOs tempos mudaram, e o pensamento de que a constru\u00e7\u00e3o civil \u00e9 um lugar onde as mulheres n\u00e3o conseguiam destaque, tamb\u00e9m mudou. Prova disso s\u00e3o as profissionais que reuniremos nesse bate-papo, todas elas com trajet\u00f3rias relevantes nas suas \u00e1reas. Mas a busca por igualdade de oportunidades persiste, e o trabalho de conscientiza\u00e7\u00e3o \u00e9 um dos principais caminhos para alcan\u00e7\u00e1-la\u201d, destaca Andreia.<\/p>\n\n\n\n<p>O bate-papo \u201cInspirar para empoderar: O protagonismo feminino na constru\u00e7\u00e3o civil\u201d \u00e9 realizado pela Dimas Constru\u00e7\u00f5es em parceria com o Sienge. A atividade \u00e9 gratuita, mas as vagas s\u00e3o limitadas. Para garantir a participa\u00e7\u00e3o, \u00e9 preciso fazer a reserva pelo site <a href=\"https:\/\/www.sympla.com.br\/evento\/inspirar-para-empoderar-o-protagonismo-feminino-na-construcao-civil\/1911617\" target=\"_blank\" rel=\"noreferrer noopener\">sympla.com.br<\/a>.<\/p>\n\n\n\n<p><strong>Sobre as participantes<\/strong><\/p>\n\n\n\n<p><strong>Gabriela Torres<\/strong> \u00e9 engenheira civil formada pela UFSC, e hoje atua como gerente de Intelig\u00eancia Estrat\u00e9gica na Softplan com foco no mercado da constru\u00e7\u00e3o. Ela \u00e9 apaixonada por ci\u00eancia de dados e iniciou na \u00e1rea buscando formas de automatizar processos e aumentar o conhecimento da equipe sobre seus clientes. Atualmente, trabalha focada em trazer direcionadores estrat\u00e9gicos para a opera\u00e7\u00e3o e tomada de decis\u00f5es baseadas em dados.<\/p>\n\n\n\n<p><strong>Renata Rios<\/strong> \u00e9 gerente comercial na Dimas Constru\u00e7\u00f5es, com mais de 15 anos de experi\u00eancia em vendas de carros de luxo e im\u00f3veis de alto padr\u00e3o. Hoje, lidera uma equipe de consultores imobili\u00e1rios em uma das principais construtoras de Florian\u00f3polis. Com mais de 90 milh\u00f5es em VGV, seu prop\u00f3sito \u00e9 transformar corretores em l\u00edderes de vendas.<\/p>\n\n\n\n<p><strong>Maria Natalia Villagran de Dios<\/strong> \u00e9 formada em Engenharia de Produ\u00e7\u00e3o Civil pela UFSC, possui MBA em Gerenciamento de obras, produtividade, racionaliza\u00e7\u00e3o e desempenho da constru\u00e7\u00e3o (IPOG) e MBA em Lideran\u00e7a, Inova\u00e7\u00e3o e Gest\u00e3o 4.0 (PUC-RS). Tem 16 anos de experi\u00eancia em gest\u00e3o de obra e nos \u00faltimos seis vem se especializando na transforma\u00e7\u00e3o digital com \u00eanfase em metodologias \u00e1geis. Foi PO no time Canteiro Hightech, que digitalizou os canteiros da Dimas Constru\u00e7\u00f5es. Atualmente, ela \u00e9 gerente de obras na mesma empresa.&nbsp;<\/p>\n\n\n\n<p><strong>Kalindi Duarte Souza<\/strong> \u00e9 graduada em Engenharia Civil pela Udesc e p\u00f3s-graduada em Gest\u00e3o de Neg\u00f3cios Imobili\u00e1rios e da Constru\u00e7\u00e3o Civil na FGV. Na Dimas, j\u00e1 atuou como Auditora Interna da Qualidade, Coordenadora de P\u00f3s-obra, auxiliando os engenheiros nas entregas das obras e por fim, implementou o BIM, atuando como Gerente nos setores de Projetos, P\u00f3s Vendas, Or\u00e7amento e Planejamento. Em 2022, fundou a Engrena BIM, empresa que trabalha com Coordena\u00e7\u00e3o e Compatibiliza\u00e7\u00e3o de Projetos e presta servi\u00e7os para diversas construtoras e incorporadoras.<\/p>\n\n\n\n<p><strong>Vanessa Tobias<\/strong> \u00e9 fundadora do Instituto Vanessa Tobias &#8211; que atende escolas p\u00fablicas e privadas em SC e PR, com metodologias de autoconhecimento e planejamento de vida, e falar\u00e1 sobre as mulheres na constru\u00e7\u00e3o civil para mostrar a import\u00e2ncia dessa movimenta\u00e7\u00e3o que j\u00e1 deixou de ser tend\u00eancia e, a cada dia, se mostra ainda mais realidade.<\/p>\n\n\n\n<p><strong>SERVI\u00c7O<\/strong><\/p>\n\n\n\n<p>Bate-papo \u201cInspirar para empoderar: O protagonismo feminino na constru\u00e7\u00e3o civil\u201d&nbsp;<\/p>\n\n\n\n<p>Data: 21 de mar\u00e7o<\/p>\n\n\n\n<p>Hor\u00e1rio: 19h30<\/p>\n\n\n\n<p>Local: SpotMarkt (Rua Jo\u00e3o Pio Duarte, 1630)<\/p>\n\n\n\n<p>Aberto ao p\u00fablico<\/p>\n\n\n\n<p>Reservas em <a href=\"https:\/\/www.sympla.com.br\/evento\/inspirar-para-empoderar-o-protagonismo-feminino-na-construcao-civil\/1911617\" target=\"_blank\" rel=\"noreferrer noopener\">sympla.com.br<\/a><\/p>\n\n\n\n<p><strong>Guilherme Simon\u00a0<\/strong><\/p>\n","protected":false},"excerpt":{"rendered":"<p>Na foto, Maria Nat\u00e1lia, Renata Rios, Kalindi Duarte, Gabriela Torres e Vanessa Tobias Evento, organizado&#8230;<\/p>\n","protected":false},"author":3,"featured_media":9020,"comment_status":"closed","ping_status":"open","sticky":false,"template":"","format":"standard","meta":{"om_disable_all_campaigns":false,"_monsterinsights_skip_tracking":false,"_monsterinsights_sitenote_active":false,"_monsterinsights_sitenote_note":"","_monsterinsights_sitenote_category":0,"spay_email":""},"categories":[1],"tags":[],"jetpack_featured_media_url":"https:\/\/vimagazine.com.br\/wp-content\/uploads\/2023\/03\/divulgacao-evento-spotmarkt.jpeg","_links":{"self":[{"href":"https:\/\/vimagazine.com.br\/index.php?rest_route=\/wp\/v2\/posts\/9019"}],"collection":[{"href":"https:\/\/vimagazine.com.br\/index.php?rest_route=\/wp\/v2\/posts"}],"about":[{"href":"https:\/\/vimagazine.com.br\/index.php?rest_route=\/wp\/v2\/types\/post"}],"author":[{"embeddable":true,"href":"https:\/\/vimagazine.com.br\/index.php?rest_route=\/wp\/v2\/users\/3"}],"replies":[{"embeddable":true,"href":"https:\/\/vimagazine.com.br\/index.php?rest_route=%2Fwp%2Fv2%2Fcomments&post=9019"}],"version-history":[{"count":1,"href":"https:\/\/vimagazine.com.br\/index.php?rest_route=\/wp\/v2\/posts\/9019\/revisions"}],"predecessor-version":[{"id":9021,"href":"https:\/\/vimagazine.com.br\/index.php?rest_route=\/wp\/v2\/posts\/9019\/revisions\/9021"}],"wp:featuredmedia":[{"embeddable":true,"href":"https:\/\/vimagazine.com.br\/index.php?rest_route=\/wp\/v2\/media\/9020"}],"wp:attachment":[{"href":"https:\/\/vimagazine.com.br\/index.php?rest_route=%2Fwp%2Fv2%2Fmedia&parent=9019"}],"wp:term":[{"taxonomy":"category","embeddable":true,"href":"https:\/\/vimagazine.com.br\/index.php?rest_route=%2Fwp%2Fv2%2Fcategories&post=9019"},{"taxonomy":"post_tag","embeddable":true,"href":"https:\/\/vimagazine.com.br\/index.php?rest_route=%2Fwp%2Fv2%2Ftags&post=9019"}],"curies":[{"name":"wp","href":"https:\/\/api.w.org\/{rel}","templated":true}]}}