{"id":9022,"date":"2023-03-21T14:24:22","date_gmt":"2023-03-21T17:24:22","guid":{"rendered":"https:\/\/vimagazine.com.br\/?p=9022"},"modified":"2023-03-21T14:24:23","modified_gmt":"2023-03-21T17:24:23","slug":"ajorpeme-promove-evento-sobre-franquias-no-dia-23-de-marco","status":"publish","type":"post","link":"https:\/\/vimagazine.com.br\/?p=9022","title":{"rendered":"Ajorpeme promove evento sobre franquias no dia 23 de mar\u00e7o"},"content":{"rendered":"\n<p>Os empreendedores joinvilenses que t\u00eam uma franquia ou sonham em trabalhar com este modelo de neg\u00f3cio ter\u00e3o a oportunidade de conhecer a trajet\u00f3ria de dois empres\u00e1rios de sucesso: \u00c2ngelo Max Donaton, da Lav\u00f4 Lavanderia, e Andr\u00e9 Belz, da Rockfeller Franchising e membro da Associa\u00e7\u00e3o Brasileira de Franchising (ABF). Eles estar\u00e3o na Ajorpeme dia 23 de mar\u00e7o (quinta-feira), \u00e0s 19 horas.&nbsp;<\/p>\n\n\n\n<p>Em 2022, o setor de franquias brasileiro superou os R$ 211 bilh\u00f5es de faturamento das redes &#8211; crescimento nominal de 14,3% em compara\u00e7\u00e3o com 2021, com mais de 1,5 milh\u00e3o de empregos diretos. A franquia \u00e9 uma boa oportunidade e a aposta neste formato \u00e9 uma op\u00e7\u00e3o de empreendedorismo que garante maior seguran\u00e7a em um modelo de neg\u00f3cio consistente e j\u00e1 testado.\u00a0<\/p>\n\n\n\n<figure class=\"wp-block-image size-large\"><img width=\"683\" height=\"1024\" src=\"https:\/\/vimagazine.com.br\/wp-content\/uploads\/2023\/03\/Andre-Belz-da-Rockfeller-683x1024.jpeg\" alt=\"\" class=\"wp-image-9024\" srcset=\"https:\/\/vimagazine.com.br\/wp-content\/uploads\/2023\/03\/Andre-Belz-da-Rockfeller-683x1024.jpeg 683w, https:\/\/vimagazine.com.br\/wp-content\/uploads\/2023\/03\/Andre-Belz-da-Rockfeller-200x300.jpeg 200w, https:\/\/vimagazine.com.br\/wp-content\/uploads\/2023\/03\/Andre-Belz-da-Rockfeller-768x1152.jpeg 768w, https:\/\/vimagazine.com.br\/wp-content\/uploads\/2023\/03\/Andre-Belz-da-Rockfeller.jpeg 800w\" sizes=\"(max-width: 683px) 100vw, 683px\" \/><\/figure>\n\n\n\n<p>No mesmo dia ocorrer\u00e1 o lan\u00e7amento do N\u00facleo Setorial de Franchising da entidade. \u201cNosso objetivo \u00e9 oferecer oportunidade para os empreendedores discutirem sobre o universo das franquias e auxiliar quem estiver presente a entender o momento do setor no Brasil. Quem integrar o N\u00facleo ter\u00e1 a oportunidade de compartilhar conhecimento e poss\u00edveis dificuldades na administra\u00e7\u00e3o\u201d, revela a presidente da Ajorpeme, Cintia Ebert Huang.<\/p>\n\n\n\n<p><strong>Servi\u00e7o<\/strong><\/p>\n\n\n\n<p><strong>O qu\u00ea<\/strong>: palestra com \u00c2ngelo Max Donaton (Lav\u00f4) e Andr\u00e9 Belz (Rockfeller) e lan\u00e7amento do N\u00facleo de Franchising<\/p>\n\n\n\n<p><strong>Quando<\/strong>: 23 de mar\u00e7o (quinta-feira)<\/p>\n\n\n\n<p><strong>Hor\u00e1rio<\/strong>: 19 horas<\/p>\n\n\n\n<p><strong>Onde<\/strong>: Ajorpeme (rua Urussanga, 292, bairro Bucarein)<\/p>\n\n\n\n<p><strong>Quanto<\/strong>: Gratuito<strong>Inscri\u00e7\u00f5es<\/strong>: <a href=\"http:\/\/www.ajorpeme.com.br\/agenda\" target=\"_blank\" rel=\"noreferrer noopener\">www.ajorpeme.com.br\/agenda<\/a><\/p>\n","protected":false},"excerpt":{"rendered":"<p>Os empreendedores joinvilenses que t\u00eam uma franquia ou sonham em trabalhar com este modelo de&#8230;<\/p>\n","protected":false},"author":3,"featured_media":9023,"comment_status":"closed","ping_status":"open","sticky":false,"template":"","format":"standard","meta":{"om_disable_all_campaigns":false,"_monsterinsights_skip_tracking":false,"_monsterinsights_sitenote_active":false,"_monsterinsights_sitenote_note":"","_monsterinsights_sitenote_category":0,"spay_email":""},"categories":[1],"tags":[],"jetpack_featured_media_url":"https:\/\/vimagazine.com.br\/wp-content\/uploads\/2023\/03\/Angelo-Max-Donaton-da-Lavo.jpeg","_links":{"self":[{"href":"https:\/\/vimagazine.com.br\/index.php?rest_route=\/wp\/v2\/posts\/9022"}],"collection":[{"href":"https:\/\/vimagazine.com.br\/index.php?rest_route=\/wp\/v2\/posts"}],"about":[{"href":"https:\/\/vimagazine.com.br\/index.php?rest_route=\/wp\/v2\/types\/post"}],"author":[{"embeddable":true,"href":"https:\/\/vimagazine.com.br\/index.php?rest_route=\/wp\/v2\/users\/3"}],"replies":[{"embeddable":true,"href":"https:\/\/vimagazine.com.br\/index.php?rest_route=%2Fwp%2Fv2%2Fcomments&post=9022"}],"version-history":[{"count":1,"href":"https:\/\/vimagazine.com.br\/index.php?rest_route=\/wp\/v2\/posts\/9022\/revisions"}],"predecessor-version":[{"id":9025,"href":"https:\/\/vimagazine.com.br\/index.php?rest_route=\/wp\/v2\/posts\/9022\/revisions\/9025"}],"wp:featuredmedia":[{"embeddable":true,"href":"https:\/\/vimagazine.com.br\/index.php?rest_route=\/wp\/v2\/media\/9023"}],"wp:attachment":[{"href":"https:\/\/vimagazine.com.br\/index.php?rest_route=%2Fwp%2Fv2%2Fmedia&parent=9022"}],"wp:term":[{"taxonomy":"category","embeddable":true,"href":"https:\/\/vimagazine.com.br\/index.php?rest_route=%2Fwp%2Fv2%2Fcategories&post=9022"},{"taxonomy":"post_tag","embeddable":true,"href":"https:\/\/vimagazine.com.br\/index.php?rest_route=%2Fwp%2Fv2%2Ftags&post=9022"}],"curies":[{"name":"wp","href":"https:\/\/api.w.org\/{rel}","templated":true}]}}