{"id":9056,"date":"2023-03-25T20:19:15","date_gmt":"2023-03-25T23:19:15","guid":{"rendered":"https:\/\/vimagazine.com.br\/?p=9056"},"modified":"2023-03-25T20:20:14","modified_gmt":"2023-03-25T23:20:14","slug":"teresa-kodama-participa-da-exposicao-o-circo-que-nos-habita%ef%bf%bc","status":"publish","type":"post","link":"https:\/\/vimagazine.com.br\/?p=9056","title":{"rendered":"Teresa Kodama participa da\u00a0Exposi\u00e7\u00e3o &#8220;O Circo Que Nos Habita&#8221;"},"content":{"rendered":"\n<figure class=\"wp-block-image aligncenter size-large is-resized\"><img src=\"https:\/\/vimagazine.com.br\/wp-content\/uploads\/2023\/03\/20230317_200036-1024x768.jpg\" alt=\"\" class=\"wp-image-9057\" width=\"543\" height=\"407\" srcset=\"https:\/\/vimagazine.com.br\/wp-content\/uploads\/2023\/03\/20230317_200036-1024x768.jpg 1024w, https:\/\/vimagazine.com.br\/wp-content\/uploads\/2023\/03\/20230317_200036-300x225.jpg 300w, https:\/\/vimagazine.com.br\/wp-content\/uploads\/2023\/03\/20230317_200036-768x576.jpg 768w, https:\/\/vimagazine.com.br\/wp-content\/uploads\/2023\/03\/20230317_200036-1536x1152.jpg 1536w, https:\/\/vimagazine.com.br\/wp-content\/uploads\/2023\/03\/20230317_200036.jpg 1920w\" sizes=\"(max-width: 543px) 100vw, 543px\" \/><\/figure>\n\n\n\n<figure class=\"wp-block-image aligncenter size-large is-resized\"><img src=\"https:\/\/vimagazine.com.br\/wp-content\/uploads\/2023\/03\/Screenshot_20230322_203650_Gallery-932x1024.jpg\" alt=\"\" class=\"wp-image-9058\" width=\"505\" height=\"554\" srcset=\"https:\/\/vimagazine.com.br\/wp-content\/uploads\/2023\/03\/Screenshot_20230322_203650_Gallery-932x1024.jpg 932w, https:\/\/vimagazine.com.br\/wp-content\/uploads\/2023\/03\/Screenshot_20230322_203650_Gallery-273x300.jpg 273w, https:\/\/vimagazine.com.br\/wp-content\/uploads\/2023\/03\/Screenshot_20230322_203650_Gallery-768x844.jpg 768w, https:\/\/vimagazine.com.br\/wp-content\/uploads\/2023\/03\/Screenshot_20230322_203650_Gallery-1024x1126.jpg 1024w, https:\/\/vimagazine.com.br\/wp-content\/uploads\/2023\/03\/Screenshot_20230322_203650_Gallery.jpg 1079w\" sizes=\"(max-width: 505px) 100vw, 505px\" \/><\/figure>\n\n\n\n<figure class=\"wp-block-image size-large\"><img width=\"1024\" height=\"593\" src=\"https:\/\/vimagazine.com.br\/wp-content\/uploads\/2023\/03\/Screenshot_20230322_203539_WhatsApp-1024x593.jpg\" alt=\"\" class=\"wp-image-9059\" srcset=\"https:\/\/vimagazine.com.br\/wp-content\/uploads\/2023\/03\/Screenshot_20230322_203539_WhatsApp-1024x593.jpg 1024w, https:\/\/vimagazine.com.br\/wp-content\/uploads\/2023\/03\/Screenshot_20230322_203539_WhatsApp-300x174.jpg 300w, https:\/\/vimagazine.com.br\/wp-content\/uploads\/2023\/03\/Screenshot_20230322_203539_WhatsApp-768x445.jpg 768w, https:\/\/vimagazine.com.br\/wp-content\/uploads\/2023\/03\/Screenshot_20230322_203539_WhatsApp.jpg 1048w\" sizes=\"(max-width: 1024px) 100vw, 1024px\" \/><\/figure>\n\n\n\n<p>A Artista est\u00e1&nbsp; muito feliz e honrada estar participar da Exposi\u00e7\u00e3o &#8220;O Circo Que Nos Habita&#8221;.<\/p>\n\n\n\n<p>Idealizou um quadro com muito amor e carinho, voltando no tempo, homenageando o Palha\u00e7o Arrelia e todos os que trabalham no circo.<\/p>\n\n\n\n<p>&#8220;Que honra em estar nessa Exposi\u00e7\u00e3o com Artistas renomados! Gratid\u00e3o a Cia Arte Cultura e ao Professor Oscar D&#8217;Ambrosio pela oportunidade em apresentar os meus trabalhos em t\u00e3o importante Exposi\u00e7\u00e3o de Arte.<\/p>\n\n\n\n<p>O quadro intitulado &#8216;Doces Lembran\u00e7as&#8217; foi pintado com cores vibrantes, que se entrela\u00e7am entre si por meio de figuras geom\u00e9tricas,&nbsp; que nos fazem adentrar no mundo circense, no mundo de sonhos, de fantasia, de magia, de encantamento e de amor, onde tem um bal\u00e3o e um palha\u00e7o idoso &#8211; o Arrelia &#8211; que parece sair da tela para nos encantar com as suas brincadeiras.<\/p>\n\n\n\n<p>O quadro me envolve&nbsp; nas lembran\u00e7as do meu saudoso pai que me levava para assistir esse magn\u00edfico Palha\u00e7o.<br>Doces e Maravilhosas Lembran\u00e7as!!!<\/p>\n\n\n\n<p>Por meio desse quadro, homenageio todos os que trabalham no circo, externando todo o meu respeito, admira\u00e7\u00e3o e dignifica\u00e7\u00e3o pelo trabalho de levar felicidade, alegria e amor \u00e0 todos. Dia 27 de mar\u00e7o \u00e9 o Dia do Circo.<\/p>\n\n\n\n<p>Viva o Circo!!!&#8221;, disse Teresa Kodama.<\/p>\n\n\n\n<p>Prestigiem a Exposi\u00e7\u00e3o e aos Artistas!!!<\/p>\n\n\n\n<p>Per\u00edodo de exposi\u00e7\u00e3o: 17\/03 a 17\/04\/2023<\/p>\n\n\n\n<p>Local: Centro Cultural Santo Amaro<br>Artistas:<\/p>\n\n\n\n<p>Endere\u00e7o: Av. Santo Amaro, 822.<\/p>\n\n\n\n<p>Abertura foi no dia 17\/03\/2023 \u00e0s 19 hLocal: Centro Cultural Santo Amaro.<\/p>\n\n\n\n<p>Entrada franca.<\/p>\n\n\n\n<p>Todos se sentir\u00e3o honrados com a presen\u00e7a de voc\u00eas!!!<\/p>\n\n\n\n<p>Artistas:<br>S\u00e3o Paulo\/SP: Alex Tucci, Ana de Andrade, Cida Ornaghi, Cintia Ka, Eliana Tsuru, Maria Gilka,<br>Marlene Querubin, Martha Wicks Farias, Sandra Huang, Solange Rabelo, Sonia Talarico, Tania<br>Martins, Teresa Kodama, Priscila Ramos<br>Sorocaba\/SP: Ana Maria Reis<br>Belo Horizonte: Carla Faria, Monica Mendes<br>Itupeva\/SP: Carolina Kawall,<br>Goi\u00e2nia: Carlos Elias, Fernanda Porto<br>Rio Acima\/MG &#8211; Erika Gariglio,<br>Pindamonhangaba\/SP: Fabio Mendes<br>Santa Cruz do Rio Pardo\/SP: F\u00e1tima Camargo<br>Carazinho\/RS: Ilse Ana Piva Paim<br>Niter\u00f3i\/RJ: Josephine Di Giovanna,<br>Florian\u00f3polis\/SC: Luah Jassi,<br>Carapicu\u00edba\/SP: Lucas de Pontes<br>Laranjal Paulista\/SP: Rosa Pillon<br>Veran\u00f3polis\/RS: Tet\u00e9 Wall,<br>Rio de Janeiro\/RJ: Thiago Prado,<br>Uberl\u00e2ndia\/MG: Vandeluci Rosa Oliveira<\/p>\n\n\n\n<p>&#8230;&#8230;&#8230;&#8230;&#8230;&#8230;&#8230;&#8230;&#8230;&#8230;&#8230;.<\/p>\n\n\n\n<p>PROJETO \u2013 O CIRCO QUE NOS HABITA<\/p>\n\n\n\n<p>A Cia Arte Cultura realiza mais um projeto de arte de cunho art\u00edstico-cultural no espa\u00e7o expositivo<br>do Centro Cultural Santo Amaro.<\/p>\n\n\n\n<p>A exposi\u00e7\u00e3o ter\u00e1 obras de arte de 30 artistas, realizadas sob tema \u201cO Circo que nos Habita\u201d com<br>curadoria do Professor Doutor Oscar D\u00b4Ambrosio, homenageando a empres\u00e1ria de circo e artista<br>pl\u00e1stica Marlene Querubim.<br>Sobre a artista Homenageada \u2013 Marlene Querubin<br>Marlene Ol\u00edmpia Querubin, considerada a primeira dama do circo brasileiro (t\u00edtulo dado por Beto<br>Carreiro, em 1995) \u2013 fundou o consagrado Circo Spacial (que dirige atualmente), a Academia<br>Brasileira de Circo, o Circo Sertanejo e tamb\u00e9m a UBCI \u2013 Uni\u00e3o Brasileira de Circos Itinerantes, com<br>mais 150 circos, e, mais recentemente, a Fam\u00edlia Spacial. Nenhuma outra mulher no Brasil montou<br>tantos circos em t\u00e3o curto espa\u00e7o de tempo.<\/p>\n\n\n\n<p>Mas, antes de fundar o Circo Spacial, em 1985, Marlene trabalhou no Circo Vostok durante tr\u00eas anos<br>e dirigiu o Circo M\u00e1gico, em S\u00e3o Paulo, com projetos musicais e art\u00edsticos.<\/p>\n\n\n\n<p>No teatro, escreveu, dirigiu e atuou em v\u00e1rios espet\u00e1culos por todo o pa\u00eds. Teve participa\u00e7\u00f5es<br>especiais em festivais e no Circo Teatro Chimbica. Em Cascavel (PR), dirigiu o Departamento de<br>Planejamento da Prefeitura, fundou o Grupo de Teatro GTEC e a Federa\u00e7\u00e3o Paranaense de Teatro.<\/p>\n\n\n\n<p>Atuou junto ao Sindicado dos Artistas do Paran\u00e1.<\/p>\n\n\n\n<p>Pelo curador:<\/p>\n\n\n\n<p>O objetivo da exposi\u00e7\u00e3o \u00e9 pensar no circo como uma grande fam\u00edlia que se organiza para colocar em<br>cena cotidianamente o espet\u00e1culo da vida. A pr\u00f3pria palavra circo vem do latim \u201ccircus\u201d, que<br>significa \u201ccircunfer\u00eancia&#8221;, aludindo ao espa\u00e7o do picadeiro, local em que as a\u00e7\u00f5es se desenvolvem<br>para o p\u00fablico, que engloba crian\u00e7as, adultos e idosos.<\/p>\n\n\n\n<p>Os circos, em sua origem, tinham muitas vezes o nome das fam\u00edlias em torno da qual o grupo se<br>formava, acrescentando agregados ou convidados. N\u00e3o \u00e9 tarefa f\u00e1cil se \u201cequilibrar\u201d e \u201cpular no<br>vazio\u201d para conviver com essa complexa din\u00e2mica entre as quest\u00f5es familiares cotidiana e um<br>trabalho que demanda aten\u00e7\u00e3o 24 horas por dia sete vezes por semana<br>Lidar com a programa\u00e7\u00e3o de um espet\u00e1culo significa trabalhar, em nome do coletivo, com os v\u00e1rios<br>especialistas em diversas habilidades, como malabaristas, equilibristas, trapezistas, palha\u00e7os,<br>acrobatas e ilusionistas.<\/p>\n\n\n\n<p>Geralmente muitos atuam em mais de uma atividade, o que mostra a<br>diversidade de potencialidades de cada um.<\/p>\n\n\n\n<p>A exposi\u00e7\u00e3o traz para as artes visuais o universo dos picadeiros que abrigam espet\u00e1culos itinerantes,<br>com os assentos ao redor do palco, localizado embaixo de uma tenda ou coberto por uma lona.<\/p>\n\n\n\n<p>Assim como no circo, esperamos que, na cena final, com a exposi\u00e7\u00e3o montada, todos os artistas<br>agrade\u00e7am os aplausos da plateia, j\u00e1 ansiosa pelo pr\u00f3ximo espet\u00e1culo do circo que habita cada um<br>de n\u00f3s e a sociedade como um todo.<\/p>\n\n\n\n<p>Oscar D&#8217;Ambrosio \u00e9 P\u00f3s-Doutor e Doutor em Educa\u00e7\u00e3o, Arte e Hist\u00f3ria da Cultura, Mestre em Artes<br>Visuais, jornalista, cr\u00edtico de arte e curador.<\/p>\n","protected":false},"excerpt":{"rendered":"<p>A Artista est\u00e1&nbsp; muito feliz e honrada estar participar da Exposi\u00e7\u00e3o &#8220;O Circo Que Nos&#8230;<\/p>\n","protected":false},"author":19,"featured_media":9060,"comment_status":"closed","ping_status":"open","sticky":false,"template":"","format":"standard","meta":{"om_disable_all_campaigns":false,"_monsterinsights_skip_tracking":false,"_monsterinsights_sitenote_active":false,"_monsterinsights_sitenote_note":"","_monsterinsights_sitenote_category":0,"spay_email":""},"categories":[27],"tags":[],"jetpack_featured_media_url":"https:\/\/vimagazine.com.br\/wp-content\/uploads\/2023\/03\/20230317_194515.jpg","_links":{"self":[{"href":"https:\/\/vimagazine.com.br\/index.php?rest_route=\/wp\/v2\/posts\/9056"}],"collection":[{"href":"https:\/\/vimagazine.com.br\/index.php?rest_route=\/wp\/v2\/posts"}],"about":[{"href":"https:\/\/vimagazine.com.br\/index.php?rest_route=\/wp\/v2\/types\/post"}],"author":[{"embeddable":true,"href":"https:\/\/vimagazine.com.br\/index.php?rest_route=\/wp\/v2\/users\/19"}],"replies":[{"embeddable":true,"href":"https:\/\/vimagazine.com.br\/index.php?rest_route=%2Fwp%2Fv2%2Fcomments&post=9056"}],"version-history":[{"count":2,"href":"https:\/\/vimagazine.com.br\/index.php?rest_route=\/wp\/v2\/posts\/9056\/revisions"}],"predecessor-version":[{"id":9062,"href":"https:\/\/vimagazine.com.br\/index.php?rest_route=\/wp\/v2\/posts\/9056\/revisions\/9062"}],"wp:featuredmedia":[{"embeddable":true,"href":"https:\/\/vimagazine.com.br\/index.php?rest_route=\/wp\/v2\/media\/9060"}],"wp:attachment":[{"href":"https:\/\/vimagazine.com.br\/index.php?rest_route=%2Fwp%2Fv2%2Fmedia&parent=9056"}],"wp:term":[{"taxonomy":"category","embeddable":true,"href":"https:\/\/vimagazine.com.br\/index.php?rest_route=%2Fwp%2Fv2%2Fcategories&post=9056"},{"taxonomy":"post_tag","embeddable":true,"href":"https:\/\/vimagazine.com.br\/index.php?rest_route=%2Fwp%2Fv2%2Ftags&post=9056"}],"curies":[{"name":"wp","href":"https:\/\/api.w.org\/{rel}","templated":true}]}}