{"id":9096,"date":"2023-04-03T12:06:27","date_gmt":"2023-04-03T15:06:27","guid":{"rendered":"https:\/\/vimagazine.com.br\/?p=9096"},"modified":"2023-04-03T12:06:30","modified_gmt":"2023-04-03T15:06:30","slug":"tim-music-noites-cariocas-com-pabllo-vittar-e-urias-na-sexta-e-no-sabado-foi-a-vez-do-gilsons","status":"publish","type":"post","link":"https:\/\/vimagazine.com.br\/?p=9096","title":{"rendered":"TIM MUSIC NOITES CARIOCAS com Pabllo Vittar e Urias, na sexta. E no s\u00e1bado foi a vez do Gilsons"},"content":{"rendered":"\n<p>O segundo final de semana do TIM Music Noites Cariocas foi mais um&nbsp;sucesso, o que era de se esperar!&nbsp;<\/p>\n\n\n\n<p><strong>Na sexta<\/strong>, o&nbsp;evento promovido pelos empres\u00e1rios Alexandre Accioly e Luiz Andr\u00e9 Calainho,&nbsp;inovou e&nbsp;cobriu o Morro da Urca com as&nbsp;cores do arco&nbsp;\u00edris&nbsp;para as apresenta\u00e7\u00f5es de&nbsp;<strong>Pabllo&nbsp;Vittar&nbsp;e Urias.&nbsp;<\/strong><\/p>\n\n\n\n<p>A&nbsp;\u2018Noite da Diversidade\u2019, com banheiros unissex e seguran\u00e7a preparada para garantir a divers\u00e3o,&nbsp;lotou com a comunidade LGBTQIA+.&nbsp;A&nbsp;hostess Karina&nbsp;Kar\u00e3o&nbsp;fez as honras e a DJ Chloe V&nbsp;botou quem&nbsp;chegava para&nbsp;dan\u00e7ar com hinos como \u2018I&nbsp;will&nbsp;survive\u2019 e \u2018I&nbsp;don\u2019t&nbsp;care\u2019, entre outras.&nbsp;<\/p>\n\n\n\n<p>Um esquenta para a entrada de\u00a0Urias,\u00a0a jovem mineira,\u00a0que<strong>\u00a0<\/strong>cantou\u00a0seu\u00a0repert\u00f3rio, como\u00a0\u201cDiaba\u201d\u00a0e\u00a0\u201cFoi Mal,\u00a0acompanhadas\u00a0do coro da plateia. Em seguida, foi a vez da\u00a0Pabllo\u00a0Vittar\u00a0subir no palco com os sucessos do\u00a0\u201cNoitada\u201d, como\u00a0\u201cCadeado\u201d, \u201cAMEIANOITE\u201d,\u00a0\u201cBalinha de Cora\u00e7\u00e3o\u201d\u00a0e mais\u00a0uma fileira de hits irresist\u00edveis.\u00a0Vittar\u00a0fez uma apresenta\u00e7\u00e3o afiada,\u00a0que\u00a0levou o p\u00fablico \u00e0s alturas, literalmente,\u00a0deixando\u00a0clara a sua relev\u00e2ncia nesse\u00a0universo.\u00a0<\/p>\n\n\n\n<figure class=\"wp-block-image size-large\"><img width=\"1024\" height=\"683\" src=\"https:\/\/vimagazine.com.br\/wp-content\/uploads\/2023\/04\/TIM-Music-Noites-Cariocas-Karina-Karao-e-Chloe-V-Foto-Gabi-Netto-1-1024x683.jpg\" alt=\"\" class=\"wp-image-9098\" srcset=\"https:\/\/vimagazine.com.br\/wp-content\/uploads\/2023\/04\/TIM-Music-Noites-Cariocas-Karina-Karao-e-Chloe-V-Foto-Gabi-Netto-1-1024x683.jpg 1024w, https:\/\/vimagazine.com.br\/wp-content\/uploads\/2023\/04\/TIM-Music-Noites-Cariocas-Karina-Karao-e-Chloe-V-Foto-Gabi-Netto-1-300x200.jpg 300w, https:\/\/vimagazine.com.br\/wp-content\/uploads\/2023\/04\/TIM-Music-Noites-Cariocas-Karina-Karao-e-Chloe-V-Foto-Gabi-Netto-1-768x512.jpg 768w, https:\/\/vimagazine.com.br\/wp-content\/uploads\/2023\/04\/TIM-Music-Noites-Cariocas-Karina-Karao-e-Chloe-V-Foto-Gabi-Netto-1-1536x1024.jpg 1536w, https:\/\/vimagazine.com.br\/wp-content\/uploads\/2023\/04\/TIM-Music-Noites-Cariocas-Karina-Karao-e-Chloe-V-Foto-Gabi-Netto-1.jpg 1920w\" sizes=\"(max-width: 1024px) 100vw, 1024px\" \/><\/figure>\n\n\n\n<p><strong>No s\u00e1bado foi a vez do&nbsp;Gilsons<\/strong><strong>,<\/strong>&nbsp;com seu DNA poderoso &#8211;&nbsp;formado por&nbsp;Jos\u00e9 Gil, Francisco Gil e Jo\u00e3o Gil,&nbsp;respectivamente filho e netos de Gilberto Gil, levar o p\u00fablico para a experi\u00eancia&nbsp;inesquec\u00edvel de se divertir&nbsp;com&nbsp;um show&nbsp;em uma das vistas mais lindas do mundo.&nbsp;A chuva que caiu no in\u00edcio da apresenta\u00e7\u00e3o abarrotou o anfiteatro&nbsp;e&nbsp;todas as m\u00fasicas foram cantadas em&nbsp;un\u00edssono.&nbsp;\u2018Ver a galera aqui pertinho, todo mundo cantando junto \u00e9 uma energia muito boa. Estamos junto e misturado!\u2019,&nbsp;comemorou&nbsp;Jo\u00e3o Gil ao final&nbsp;da apresenta\u00e7\u00e3o.&nbsp;&nbsp;<\/p>\n\n\n\n<p>No pr\u00f3ximo fim de semana \u00e9 a vez de Roupa Nova (7 de abril) e Alceu Valen\u00e7a (8) subirem no bondinho para mais uma noite carioca. O projeto essa diversidade de sons, apresentando m\u00fasicos consagrados e nomes do&nbsp;cen\u00e1rio atual da m\u00fasica brasileira. O TIM Music Noites Cariocas \u00e9 muito mais que uma tend\u00eancia, \u00e9 uma marca nacional.<\/p>\n\n\n\n<p><strong>AGENDA dos pr\u00f3ximos shows no TIM MUSIC NOITES CARIOCAS &nbsp;<\/strong><\/p>\n\n\n\n<p>7 de abril \u2013 Roupa Nova&nbsp;<\/p>\n\n\n\n<p>8 de abril \u2013 Alceu Valen\u00e7a&nbsp;<\/p>\n\n\n\n<p>14 de abril \u2013 Criolo \/ Abertura: Jonathan Ferr&nbsp;<\/p>\n\n\n\n<p>15 de abril \u2013 Nando Reis\u00a0<\/p>\n\n\n\n<p><strong>BT Assessoria de Comunica\u00e7\u00e3o\u00a0<\/strong><\/p>\n\n\n\n<figure class=\"wp-block-image size-large\"><img width=\"689\" height=\"1024\" src=\"https:\/\/vimagazine.com.br\/wp-content\/uploads\/2023\/04\/TIM-Music-Noites-Cariocas-Thiago-Araujo-Foto-Gabi-Netto-5-689x1024.jpg\" alt=\"\" class=\"wp-image-9100\" srcset=\"https:\/\/vimagazine.com.br\/wp-content\/uploads\/2023\/04\/TIM-Music-Noites-Cariocas-Thiago-Araujo-Foto-Gabi-Netto-5-689x1024.jpg 689w, https:\/\/vimagazine.com.br\/wp-content\/uploads\/2023\/04\/TIM-Music-Noites-Cariocas-Thiago-Araujo-Foto-Gabi-Netto-5-202x300.jpg 202w, https:\/\/vimagazine.com.br\/wp-content\/uploads\/2023\/04\/TIM-Music-Noites-Cariocas-Thiago-Araujo-Foto-Gabi-Netto-5-768x1141.jpg 768w, https:\/\/vimagazine.com.br\/wp-content\/uploads\/2023\/04\/TIM-Music-Noites-Cariocas-Thiago-Araujo-Foto-Gabi-Netto-5-1034x1536.jpg 1034w, https:\/\/vimagazine.com.br\/wp-content\/uploads\/2023\/04\/TIM-Music-Noites-Cariocas-Thiago-Araujo-Foto-Gabi-Netto-5-1024x1522.jpg 1024w, https:\/\/vimagazine.com.br\/wp-content\/uploads\/2023\/04\/TIM-Music-Noites-Cariocas-Thiago-Araujo-Foto-Gabi-Netto-5.jpg 1292w\" sizes=\"(max-width: 689px) 100vw, 689px\" \/><\/figure>\n\n\n\n<figure class=\"wp-block-image size-large\"><img width=\"683\" height=\"1024\" src=\"https:\/\/vimagazine.com.br\/wp-content\/uploads\/2023\/04\/TIM-Music-Noites-Cariocas-Mikaella-Mendy-Foto-Gabi-Netto-3-683x1024.jpg\" alt=\"\" class=\"wp-image-9099\" srcset=\"https:\/\/vimagazine.com.br\/wp-content\/uploads\/2023\/04\/TIM-Music-Noites-Cariocas-Mikaella-Mendy-Foto-Gabi-Netto-3-683x1024.jpg 683w, https:\/\/vimagazine.com.br\/wp-content\/uploads\/2023\/04\/TIM-Music-Noites-Cariocas-Mikaella-Mendy-Foto-Gabi-Netto-3-200x300.jpg 200w, https:\/\/vimagazine.com.br\/wp-content\/uploads\/2023\/04\/TIM-Music-Noites-Cariocas-Mikaella-Mendy-Foto-Gabi-Netto-3-768x1152.jpg 768w, https:\/\/vimagazine.com.br\/wp-content\/uploads\/2023\/04\/TIM-Music-Noites-Cariocas-Mikaella-Mendy-Foto-Gabi-Netto-3-1024x1536.jpg 1024w, https:\/\/vimagazine.com.br\/wp-content\/uploads\/2023\/04\/TIM-Music-Noites-Cariocas-Mikaella-Mendy-Foto-Gabi-Netto-3.jpg 1280w\" sizes=\"(max-width: 683px) 100vw, 683px\" \/><\/figure>\n\n\n\n<figure class=\"wp-block-image size-large\"><img width=\"1024\" height=\"683\" src=\"https:\/\/vimagazine.com.br\/wp-content\/uploads\/2023\/04\/TIM-Music-Noites-Cariocas-Calainho-e-Urias-Foto-Gabi-Netto-10-1024x683.jpg\" alt=\"\" class=\"wp-image-9101\" srcset=\"https:\/\/vimagazine.com.br\/wp-content\/uploads\/2023\/04\/TIM-Music-Noites-Cariocas-Calainho-e-Urias-Foto-Gabi-Netto-10-1024x683.jpg 1024w, https:\/\/vimagazine.com.br\/wp-content\/uploads\/2023\/04\/TIM-Music-Noites-Cariocas-Calainho-e-Urias-Foto-Gabi-Netto-10-300x200.jpg 300w, https:\/\/vimagazine.com.br\/wp-content\/uploads\/2023\/04\/TIM-Music-Noites-Cariocas-Calainho-e-Urias-Foto-Gabi-Netto-10-768x512.jpg 768w, https:\/\/vimagazine.com.br\/wp-content\/uploads\/2023\/04\/TIM-Music-Noites-Cariocas-Calainho-e-Urias-Foto-Gabi-Netto-10-1536x1024.jpg 1536w, https:\/\/vimagazine.com.br\/wp-content\/uploads\/2023\/04\/TIM-Music-Noites-Cariocas-Calainho-e-Urias-Foto-Gabi-Netto-10.jpg 1920w\" sizes=\"(max-width: 1024px) 100vw, 1024px\" \/><\/figure>\n\n\n\n<figure class=\"wp-block-image size-large\"><img width=\"683\" height=\"1024\" src=\"https:\/\/vimagazine.com.br\/wp-content\/uploads\/2023\/04\/TIM-Music-Noites-Cariocas-Gilsons-e-Calainho-Foto-Gabi-Netto-683x1024.jpg\" alt=\"\" class=\"wp-image-9103\" srcset=\"https:\/\/vimagazine.com.br\/wp-content\/uploads\/2023\/04\/TIM-Music-Noites-Cariocas-Gilsons-e-Calainho-Foto-Gabi-Netto-683x1024.jpg 683w, https:\/\/vimagazine.com.br\/wp-content\/uploads\/2023\/04\/TIM-Music-Noites-Cariocas-Gilsons-e-Calainho-Foto-Gabi-Netto-200x300.jpg 200w, https:\/\/vimagazine.com.br\/wp-content\/uploads\/2023\/04\/TIM-Music-Noites-Cariocas-Gilsons-e-Calainho-Foto-Gabi-Netto-768x1152.jpg 768w, https:\/\/vimagazine.com.br\/wp-content\/uploads\/2023\/04\/TIM-Music-Noites-Cariocas-Gilsons-e-Calainho-Foto-Gabi-Netto-1024x1536.jpg 1024w, https:\/\/vimagazine.com.br\/wp-content\/uploads\/2023\/04\/TIM-Music-Noites-Cariocas-Gilsons-e-Calainho-Foto-Gabi-Netto.jpg 1280w\" sizes=\"(max-width: 683px) 100vw, 683px\" \/><\/figure>\n","protected":false},"excerpt":{"rendered":"<p>O segundo final de semana do TIM Music Noites Cariocas foi mais um&nbsp;sucesso, o que&#8230;<\/p>\n","protected":false},"author":3,"featured_media":9097,"comment_status":"closed","ping_status":"open","sticky":false,"template":"","format":"standard","meta":{"om_disable_all_campaigns":false,"_monsterinsights_skip_tracking":false,"_monsterinsights_sitenote_active":false,"_monsterinsights_sitenote_note":"","_monsterinsights_sitenote_category":0,"spay_email":""},"categories":[1],"tags":[],"jetpack_featured_media_url":"https:\/\/vimagazine.com.br\/wp-content\/uploads\/2023\/04\/TIM-Music-Noites-Cariocas-Pabllo-Vittar-Foto-Gabi-Netto-16-e1680534134629.jpg","_links":{"self":[{"href":"https:\/\/vimagazine.com.br\/index.php?rest_route=\/wp\/v2\/posts\/9096"}],"collection":[{"href":"https:\/\/vimagazine.com.br\/index.php?rest_route=\/wp\/v2\/posts"}],"about":[{"href":"https:\/\/vimagazine.com.br\/index.php?rest_route=\/wp\/v2\/types\/post"}],"author":[{"embeddable":true,"href":"https:\/\/vimagazine.com.br\/index.php?rest_route=\/wp\/v2\/users\/3"}],"replies":[{"embeddable":true,"href":"https:\/\/vimagazine.com.br\/index.php?rest_route=%2Fwp%2Fv2%2Fcomments&post=9096"}],"version-history":[{"count":1,"href":"https:\/\/vimagazine.com.br\/index.php?rest_route=\/wp\/v2\/posts\/9096\/revisions"}],"predecessor-version":[{"id":9104,"href":"https:\/\/vimagazine.com.br\/index.php?rest_route=\/wp\/v2\/posts\/9096\/revisions\/9104"}],"wp:featuredmedia":[{"embeddable":true,"href":"https:\/\/vimagazine.com.br\/index.php?rest_route=\/wp\/v2\/media\/9097"}],"wp:attachment":[{"href":"https:\/\/vimagazine.com.br\/index.php?rest_route=%2Fwp%2Fv2%2Fmedia&parent=9096"}],"wp:term":[{"taxonomy":"category","embeddable":true,"href":"https:\/\/vimagazine.com.br\/index.php?rest_route=%2Fwp%2Fv2%2Fcategories&post=9096"},{"taxonomy":"post_tag","embeddable":true,"href":"https:\/\/vimagazine.com.br\/index.php?rest_route=%2Fwp%2Fv2%2Ftags&post=9096"}],"curies":[{"name":"wp","href":"https:\/\/api.w.org\/{rel}","templated":true}]}}