{"id":9141,"date":"2023-04-12T14:52:52","date_gmt":"2023-04-12T17:52:52","guid":{"rendered":"https:\/\/vimagazine.com.br\/?p=9141"},"modified":"2023-04-12T14:52:53","modified_gmt":"2023-04-12T17:52:53","slug":"adolescencia-psicologa-da-dicas-para-os-pais-de-como-agir","status":"publish","type":"post","link":"https:\/\/vimagazine.com.br\/?p=9141","title":{"rendered":"Adolesc\u00eancia: psic\u00f3loga d\u00e1 dicas para os pais de como agir"},"content":{"rendered":"\n<p><em>Filhos precisam de espa\u00e7o para terem novas experi\u00eancias e arcarem com as consequ\u00eancias, mas os adultos tamb\u00e9m devem ficar de prontid\u00e3o para agir quando necess\u00e1rio, diz psic\u00f3loga<\/em><\/p>\n\n\n\n<p>Nos \u00faltimos meses seu pequeno come\u00e7ou a n\u00e3o querer cumprir regras e nem combinados. Passou a reclamar e colocar dificuldades em tudo. Al\u00e9m disso, tem argumento na ponta da l\u00edngua e adora criar dramas. Esses s\u00e3o alguns sinais de que o seu filho j\u00e1 n\u00e3o \u00e9 mais a crian\u00e7a que costumava ser. Ele est\u00e1 deixando a inf\u00e2ncia para tr\u00e1s, para entrar na pr\u00e9-adolesc\u00eancia. Para entender essa fase e tamb\u00e9m apontar a import\u00e2ncia do seu papel como pais, conversamos com Josiane de Souza, psic\u00f3loga especializada em terapia familiar&nbsp; do Departamento de Est\u00e9tica Sadalla Amin Ghanem, empresa do Grupo Opty. Confira:<\/p>\n\n\n\n<p><strong>Quais s\u00e3o os primeiros sintomas que o filho est\u00e1 entrando na adolesc\u00eancia?<\/strong><\/p>\n\n\n\n<p><strong>Josiane: <\/strong>muitos pais acham que o in\u00edcio da adolesc\u00eancia \u00e9 marcado pelo desenvolvimento biol\u00f3gico da crian\u00e7a, as grandes mudan\u00e7as no corpo da menina e do menino,&nbsp; a menarca (primeira menstrua\u00e7\u00e3o) e para os meninos o surgimento de p\u00ealos, as mudan\u00e7as na voz e os desejos sexuais.&nbsp; Mas, nem sempre a adolesc\u00eancia inicia-se junto com a puberdade, ela \u00e9 caracterizada como uma fase de transi\u00e7\u00e3o entre a crian\u00e7a e o adulto onde ocorre o desenvolvimento biopsicossocial, ou seja, a crian\u00e7a passar\u00e1 por mudan\u00e7as biol\u00f3gicas, psicol\u00f3gicas, emocionais e sociais. Segundo o ECA (Estatuto da Crian\u00e7a e do Adolescente) \u00e9 considerado adolescente jovens entre 12 e 18 anos. Sobre o aspecto psicol\u00f3gico um dos primeiros comportamentos que os pais podem notar \u00e9 o afastamento familiar, um maior envolvimento com grupos de amigos e comportamentos de introspec\u00e7\u00e3o e acentuada fun\u00e7\u00e3o social.&nbsp;&nbsp;<\/p>\n\n\n\n<p><strong>Como deve ser a comunica\u00e7\u00e3o verbal e n\u00e3o verbal entre pais e filhos?<\/strong><\/p>\n\n\n\n<p><strong>Josiane: <\/strong>os pais devem conversar de forma aberta e clara com os filhos sobre todas as mudan\u00e7as fisiol\u00f3gicas que eles est\u00e3o passando nessa fase.&nbsp; Al\u00e9m disso, \u00e9 preciso ouvir e acolher as d\u00favidas e medos que os filhos t\u00eam. A adolesc\u00eancia \u00e9 uma fase de muitas d\u00favidas, descobertas e muitas indaga\u00e7\u00f5es,&nbsp; por isso, \u00e9 importante que os pais estipulem regras, limites e&nbsp; apontem dire\u00e7\u00f5es, mas sem deixar de demonstrar afeto, cuidado e prote\u00e7\u00e3o.&nbsp; Os pais precisam apontar o caminho, mas deixar que os filhos aprendam a construir seus pr\u00f3prios caminhos, pois \u00e9 assim que eles ir\u00e3o se desenvolver. Os adolescentes precisam encontrar nos pais um ponto de refer\u00eancia e seguran\u00e7a.<\/p>\n\n\n\n<p><strong>Quais as principais atitudes que afastam o adolescente?<\/strong><\/p>\n\n\n\n<p><strong>Josiane: <\/strong>posturas muito autorit\u00e1rias que n\u00e3o abrem margens para di\u00e1logos, lares desestruturados, disfuncionais e com padr\u00f5es morais r\u00edgidos tendem a gerar conflitos entre pais e filhos. A internet tem ocupado um papel de ampla aten\u00e7\u00e3o e tempo na vida dos adolescentes, a pandemia potencializou isso pelo tempo excessivo de isolamento ser estabelecido como base de uma rotina familiar na vida dos adolescentes e crian\u00e7as.&nbsp;<\/p>\n\n\n\n<p><strong>\u00c9 poss\u00edvel passar por essa fase de maneira tranquila? Quais suas dicas?&nbsp;<\/strong><\/p>\n\n\n\n<p><strong>Josiane: <\/strong>o ambiente familiar deve ser pautado no respeito, afetividade, prote\u00e7\u00e3o , di\u00e1logo, criatividade e tempo de qualidade em familia com atividades que saiam da rotina familiar. &nbsp; Os pais precisam sincronizar trabalho, vida familiar com esse mundo dos filhos e dentro de alguns limites permitir que os filhos vivenciem experi\u00eancias dessa fase de uma forma leve e agrad\u00e1vel, pois eles est\u00e3o crescendo e precisam disso para se desenvolver a sua identidade. Outro ponto importante \u00e9 com rela\u00e7\u00e3o a confian\u00e7a que os pais t\u00eam nos filhos, certificar-se com quem o filho est\u00e1 e o que est\u00e1 fazendo \u00e9 importante, por\u00e9m, isso \u00e9 diferente de vigi\u00e1-lo e control\u00e1-lo.&nbsp; Al\u00e9m disso, os pais precisam entender que eles s\u00e3o modelos nessa transi\u00e7\u00e3o da inf\u00e2ncia para a vida adulta, chamada adolesc\u00eancia,&nbsp; pois os filhos aprendem muito mais observando as atitudes dos respons\u00e1veis. Os pais podem sim ser firmes, por\u00e9m cuidando para n\u00e3o perder o respeito e gerar uma rela\u00e7\u00e3o conflituosa dentro do ambiente familiar. Em situa\u00e7\u00f5es onde a fam\u00edlia ou o pr\u00f3prio jovem n\u00e3o consiga lidar com todas as mudan\u00e7as que a fase tr\u00e1s, a psicoterapia ajuda muito a estabelecer a comunica\u00e7\u00e3o entre a fam\u00edlia e o adolescente bem como formas de passar pela adolesc\u00eancia de uma maneira mais equilibrada poss\u00edvel. Nessa fase eles t\u00eam muita dificuldade de comunicar aos pais os pr\u00f3prios sentimentos, pois muitas vezes nem eles entendem o que est\u00e3o&nbsp; vivendo e pensando e com isso a compreens\u00e3o se torna complexa e sem respostas. A&nbsp; terapia vem propor essa sist\u00eamica constru\u00e7\u00e3o no relacionamento do adolescente com ele mesmo para desenvolver essas rela\u00e7\u00f5es familiares de forma funcional e tamb\u00e9m rela\u00e7\u00f5es sociais saud\u00e1veis e construtivas, fundamental nessa fase de grandes mudan\u00e7as e escolhas.&nbsp;&nbsp;<\/p>\n","protected":false},"excerpt":{"rendered":"<p>Filhos precisam de espa\u00e7o para terem novas experi\u00eancias e arcarem com as consequ\u00eancias, mas os&#8230;<\/p>\n","protected":false},"author":20,"featured_media":9142,"comment_status":"closed","ping_status":"open","sticky":false,"template":"","format":"standard","meta":{"om_disable_all_campaigns":false,"_monsterinsights_skip_tracking":false,"_monsterinsights_sitenote_active":false,"_monsterinsights_sitenote_note":"","_monsterinsights_sitenote_category":0,"spay_email":""},"categories":[31],"tags":[],"jetpack_featured_media_url":"https:\/\/vimagazine.com.br\/wp-content\/uploads\/2023\/04\/WhatsApp-Image-2023-04-12-at-14.46.17.jpeg","_links":{"self":[{"href":"https:\/\/vimagazine.com.br\/index.php?rest_route=\/wp\/v2\/posts\/9141"}],"collection":[{"href":"https:\/\/vimagazine.com.br\/index.php?rest_route=\/wp\/v2\/posts"}],"about":[{"href":"https:\/\/vimagazine.com.br\/index.php?rest_route=\/wp\/v2\/types\/post"}],"author":[{"embeddable":true,"href":"https:\/\/vimagazine.com.br\/index.php?rest_route=\/wp\/v2\/users\/20"}],"replies":[{"embeddable":true,"href":"https:\/\/vimagazine.com.br\/index.php?rest_route=%2Fwp%2Fv2%2Fcomments&post=9141"}],"version-history":[{"count":1,"href":"https:\/\/vimagazine.com.br\/index.php?rest_route=\/wp\/v2\/posts\/9141\/revisions"}],"predecessor-version":[{"id":9143,"href":"https:\/\/vimagazine.com.br\/index.php?rest_route=\/wp\/v2\/posts\/9141\/revisions\/9143"}],"wp:featuredmedia":[{"embeddable":true,"href":"https:\/\/vimagazine.com.br\/index.php?rest_route=\/wp\/v2\/media\/9142"}],"wp:attachment":[{"href":"https:\/\/vimagazine.com.br\/index.php?rest_route=%2Fwp%2Fv2%2Fmedia&parent=9141"}],"wp:term":[{"taxonomy":"category","embeddable":true,"href":"https:\/\/vimagazine.com.br\/index.php?rest_route=%2Fwp%2Fv2%2Fcategories&post=9141"},{"taxonomy":"post_tag","embeddable":true,"href":"https:\/\/vimagazine.com.br\/index.php?rest_route=%2Fwp%2Fv2%2Ftags&post=9141"}],"curies":[{"name":"wp","href":"https:\/\/api.w.org\/{rel}","templated":true}]}}