{"id":9154,"date":"2023-04-14T17:38:29","date_gmt":"2023-04-14T20:38:29","guid":{"rendered":"https:\/\/vimagazine.com.br\/?p=9154"},"modified":"2023-04-14T17:38:32","modified_gmt":"2023-04-14T20:38:32","slug":"grupo-facanha-lanca-single-surpresa-com-o-cantor-cleverson-luiz","status":"publish","type":"post","link":"https:\/\/vimagazine.com.br\/?p=9154","title":{"rendered":"Grupo Fa\u00e7anha lan\u00e7a single \u201cSurpresa\u201d com o cantor Cleverson Luiz"},"content":{"rendered":"\n<p>Faixa faz parte do \u201cPagode do Fa\u00e7anha\u201d, lan\u00e7ado recentemente, e chega em todas as plataformas digitais nesta sexta-feira (14)<\/p>\n\n\n\n<p>Nesta sexta-feira (14) o grupo Fa\u00e7anha lan\u00e7a em todas as plataformas digitais o single \u201cSurpresa\u201d com o cantor Cleverson Luiz.&nbsp; A faixa faz parte do DVD \u201cPagode do Fa\u00e7anha\u201d, lan\u00e7ado recentemente.&nbsp;<a href=\"https:\/\/youtu.be\/ymBzgzVBNqU\" rel=\"noreferrer noopener\" target=\"_blank\"><strong>Confira<\/strong><\/a><strong>!<\/strong><\/p>\n\n\n\n<p><em>\u201cEstamos muito realizados com esse projeto. Agora nossos f\u00e3s poder\u00e3o ouvir sua m\u00fasica preferida do nosso DVD na sua plataforma preferida! S\u00f3 tiveram participa\u00e7\u00f5es de amigos especiais que fazem parte da hist\u00f3ria do nosso grupo. \u2018Surpresa\u2019 foi uma das faixas mais legais de gravar, quando falamos de melodia e letra.\u201d<\/em>, conta Cauique, vocalista do Fa\u00e7anha.<\/p>\n\n\n\n<p>Gravado na zona leste de S\u00e3o Paulo, o lan\u00e7amento teve a participa\u00e7\u00e3o tamb\u00e9m do&nbsp;Billy SP, Ricardinho (Art Popular), Marquinhos Sensa\u00e7\u00e3o, Marcelinho (Sem Compromisso) e Salgadinho.<\/p>\n\n\n\n<p>Com mais de 27 anos e atualmente agenciados pela fus\u00e3o entre as produtoras A Base90 e WFA Music, Cauique, Jair e Jow prometem agitar a cena do samba esse ano com o \u201cPagode do Fa\u00e7anha 2\u201d.&nbsp; Aguardem!<\/p>\n\n\n\n<p><strong><u>Contatos Imprensa<\/u><\/strong><\/p>\n\n\n\n<p>Carol Freitas Assessoria<br>Ana Carolina de Freitas <br><a href=\"mailto:Carolfreitas.jornalista@gmail.com\" target=\"_blank\" rel=\"noreferrer noopener\">Carolfreitas.jornalista@gmail.com<\/a><\/p>\n","protected":false},"excerpt":{"rendered":"<p>Faixa faz parte do \u201cPagode do Fa\u00e7anha\u201d, lan\u00e7ado recentemente, e chega em todas as plataformas&#8230;<\/p>\n","protected":false},"author":3,"featured_media":9155,"comment_status":"closed","ping_status":"open","sticky":false,"template":"","format":"standard","meta":{"om_disable_all_campaigns":false,"_monsterinsights_skip_tracking":false,"_monsterinsights_sitenote_active":false,"_monsterinsights_sitenote_note":"","_monsterinsights_sitenote_category":0,"spay_email":""},"categories":[1],"tags":[],"jetpack_featured_media_url":"https:\/\/vimagazine.com.br\/wp-content\/uploads\/2023\/04\/WhatsApp-Image-2023-04-13-at-14.28.09-e1681504629126.jpeg","_links":{"self":[{"href":"https:\/\/vimagazine.com.br\/index.php?rest_route=\/wp\/v2\/posts\/9154"}],"collection":[{"href":"https:\/\/vimagazine.com.br\/index.php?rest_route=\/wp\/v2\/posts"}],"about":[{"href":"https:\/\/vimagazine.com.br\/index.php?rest_route=\/wp\/v2\/types\/post"}],"author":[{"embeddable":true,"href":"https:\/\/vimagazine.com.br\/index.php?rest_route=\/wp\/v2\/users\/3"}],"replies":[{"embeddable":true,"href":"https:\/\/vimagazine.com.br\/index.php?rest_route=%2Fwp%2Fv2%2Fcomments&post=9154"}],"version-history":[{"count":1,"href":"https:\/\/vimagazine.com.br\/index.php?rest_route=\/wp\/v2\/posts\/9154\/revisions"}],"predecessor-version":[{"id":9156,"href":"https:\/\/vimagazine.com.br\/index.php?rest_route=\/wp\/v2\/posts\/9154\/revisions\/9156"}],"wp:featuredmedia":[{"embeddable":true,"href":"https:\/\/vimagazine.com.br\/index.php?rest_route=\/wp\/v2\/media\/9155"}],"wp:attachment":[{"href":"https:\/\/vimagazine.com.br\/index.php?rest_route=%2Fwp%2Fv2%2Fmedia&parent=9154"}],"wp:term":[{"taxonomy":"category","embeddable":true,"href":"https:\/\/vimagazine.com.br\/index.php?rest_route=%2Fwp%2Fv2%2Fcategories&post=9154"},{"taxonomy":"post_tag","embeddable":true,"href":"https:\/\/vimagazine.com.br\/index.php?rest_route=%2Fwp%2Fv2%2Ftags&post=9154"}],"curies":[{"name":"wp","href":"https:\/\/api.w.org\/{rel}","templated":true}]}}