{"id":9157,"date":"2023-04-14T17:41:56","date_gmt":"2023-04-14T20:41:56","guid":{"rendered":"https:\/\/vimagazine.com.br\/?p=9157"},"modified":"2023-04-14T17:41:58","modified_gmt":"2023-04-14T20:41:58","slug":"moises-navarro-participa-da-comemoracao-de-35-anos-do-programa-arrumacao","status":"publish","type":"post","link":"https:\/\/vimagazine.com.br\/?p=9157","title":{"rendered":"Mois\u00e9s Navarro participa da comemora\u00e7\u00e3o de 35 anos do Programa Arruma\u00e7\u00e3o"},"content":{"rendered":"\n<p>O cantor e compositor mineiro Mois\u00e9s Navarro participa da grande comemora\u00e7\u00e3o dos 35 anos, da exist\u00eancia do programa \u201cArruma\u00e7\u00e3o\u201d que \u00e9 veiculado atrav\u00e9s da Rede Minas e apresentado por Saulo Laranjeiras, dia 18 de Abril, \u00e0s 19h, no Grande Teatro Cemig Pal\u00e1cio das Artes, com entrada gratuita.<\/p>\n\n\n\n<p>Fonte: Luciano Oliveira<\/p>\n","protected":false},"excerpt":{"rendered":"<p>O cantor e compositor mineiro Mois\u00e9s Navarro participa da grande comemora\u00e7\u00e3o dos 35 anos, da&#8230;<\/p>\n","protected":false},"author":3,"featured_media":9158,"comment_status":"closed","ping_status":"open","sticky":false,"template":"","format":"standard","meta":{"om_disable_all_campaigns":false,"_monsterinsights_skip_tracking":false,"_monsterinsights_sitenote_active":false,"_monsterinsights_sitenote_note":"","_monsterinsights_sitenote_category":0,"spay_email":""},"categories":[1],"tags":[],"jetpack_featured_media_url":"https:\/\/vimagazine.com.br\/wp-content\/uploads\/2023\/04\/image004.jpg","_links":{"self":[{"href":"https:\/\/vimagazine.com.br\/index.php?rest_route=\/wp\/v2\/posts\/9157"}],"collection":[{"href":"https:\/\/vimagazine.com.br\/index.php?rest_route=\/wp\/v2\/posts"}],"about":[{"href":"https:\/\/vimagazine.com.br\/index.php?rest_route=\/wp\/v2\/types\/post"}],"author":[{"embeddable":true,"href":"https:\/\/vimagazine.com.br\/index.php?rest_route=\/wp\/v2\/users\/3"}],"replies":[{"embeddable":true,"href":"https:\/\/vimagazine.com.br\/index.php?rest_route=%2Fwp%2Fv2%2Fcomments&post=9157"}],"version-history":[{"count":1,"href":"https:\/\/vimagazine.com.br\/index.php?rest_route=\/wp\/v2\/posts\/9157\/revisions"}],"predecessor-version":[{"id":9159,"href":"https:\/\/vimagazine.com.br\/index.php?rest_route=\/wp\/v2\/posts\/9157\/revisions\/9159"}],"wp:featuredmedia":[{"embeddable":true,"href":"https:\/\/vimagazine.com.br\/index.php?rest_route=\/wp\/v2\/media\/9158"}],"wp:attachment":[{"href":"https:\/\/vimagazine.com.br\/index.php?rest_route=%2Fwp%2Fv2%2Fmedia&parent=9157"}],"wp:term":[{"taxonomy":"category","embeddable":true,"href":"https:\/\/vimagazine.com.br\/index.php?rest_route=%2Fwp%2Fv2%2Fcategories&post=9157"},{"taxonomy":"post_tag","embeddable":true,"href":"https:\/\/vimagazine.com.br\/index.php?rest_route=%2Fwp%2Fv2%2Ftags&post=9157"}],"curies":[{"name":"wp","href":"https:\/\/api.w.org\/{rel}","templated":true}]}}