{"id":9258,"date":"2023-04-27T08:00:00","date_gmt":"2023-04-27T11:00:00","guid":{"rendered":"https:\/\/vimagazine.com.br\/?p=9258"},"modified":"2023-04-27T09:49:27","modified_gmt":"2023-04-27T12:49:27","slug":"saiba-quem-sao-as-apresentadoras-que-vao-brilhar-no-palco-do-miss-brasil-terra-2023","status":"publish","type":"post","link":"https:\/\/vimagazine.com.br\/?p=9258","title":{"rendered":"Saiba quem s\u00e3o as apresentadoras que v\u00e3o brilhar no palco do Miss Brasil Terra 2023"},"content":{"rendered":"\n<p>Chegando na reta final de prepara\u00e7\u00e3o para o concurso Miss Brasil Terra 2023, que acontecer\u00e1 no dia 30 de abril e no dia 1 de maio, no Teatro WTC (World Trade Center) no Sheraton Hotel. Est\u00e3o 26 candidatas na competi\u00e7\u00e3o, que representar\u00e3o v\u00e1rios estados do Brasil, num projeto que tem por objetivo, promover a Beleza, preserva\u00e7\u00e3o da fauna e flora e sustentabilidade.<\/p>\n\n\n\n<p>Al\u00e9m das candidatas, teremos as incr\u00edveis apresentadoras, que v\u00e3o abrilhantar as 2 noites do concurso.<\/p>\n\n\n\n<p>S\u00e3o elas: Laih Barrionuevo, Vanessa Rivelli, Leila Schuster, Fl\u00e1via Cavalcante e Carol Portella.<\/p>\n\n\n\n<p>No primeiro dia de evento, Laih Barrionuevo estar\u00e1 se apresentando diretamente do palco do WTC.<\/p>\n\n\n\n<p>Laih iniciou sua carreira como modelo bem jovem e inclusive foi Miss Brasil Teen em 2006. Seguiu no mundo miss, ganhando mais um t\u00edtulo em 2008, como Miss Paran\u00e1. No Dia 30, apresentar\u00e1 a competi\u00e7\u00e3o onde as misses mostraram os trajes t\u00edpicos de seus estados. Al\u00e9m disso, na grande final, Laih mostrar\u00e1 os bastidores do concurso, quando as candidatas se apresentaram em trajes banho e trajes de gala. Fora do mundo das misses, Laih Barrionuevo \u00e9 assistente de palco do programa \u2018Hora do Faro\u2019, modelo e influencer.<\/p>\n\n\n\n<p>Vanessa Rivelli tamb\u00e9m estar\u00e1 presente no palco no dia 30 para apresentar a competi\u00e7\u00e3o de trajes t\u00edpicos. Vanessa \u00e9 apresentadora de TV desde 2002 e tem vasta experi\u00eancia com varejo e mestre de cerim\u00f4nias. Eventos ao vivo tamb\u00e9m fazem parte do seu curriculum e atualmente apresenta o canal de ofertas Mega Tv. Tamb\u00e9m atua como Geradora de Conte\u00fado para diversas marcas em todo Brasil.<\/p>\n\n\n\n<figure class=\"wp-container-2 wp-block-gallery-1 wp-block-gallery has-nested-images columns-default is-cropped\">\n<figure class=\"wp-block-image size-large\"><img width=\"1280\" height=\"1920\" data-id=\"9260\"  src=\"https:\/\/vimagazine.com.br\/wp-content\/uploads\/2023\/04\/Flavia-Cavalcante.jpg\" alt=\"\" class=\"wp-image-9260\" srcset=\"https:\/\/vimagazine.com.br\/wp-content\/uploads\/2023\/04\/Flavia-Cavalcante.jpg 1280w, https:\/\/vimagazine.com.br\/wp-content\/uploads\/2023\/04\/Flavia-Cavalcante-200x300.jpg 200w, https:\/\/vimagazine.com.br\/wp-content\/uploads\/2023\/04\/Flavia-Cavalcante-683x1024.jpg 683w, https:\/\/vimagazine.com.br\/wp-content\/uploads\/2023\/04\/Flavia-Cavalcante-768x1152.jpg 768w, https:\/\/vimagazine.com.br\/wp-content\/uploads\/2023\/04\/Flavia-Cavalcante-1024x1536.jpg 1024w\" sizes=\"(max-width: 1280px) 100vw, 1280px\" \/><figcaption>Fl\u00e1via Cavalcante<\/figcaption><\/figure>\n\n\n\n<figure class=\"wp-block-image size-large\"><img width=\"900\" height=\"1429\" data-id=\"9264\"  src=\"https:\/\/vimagazine.com.br\/wp-content\/uploads\/2023\/04\/Vanessa-Rivelli.jpeg\" alt=\"\" class=\"wp-image-9264\" srcset=\"https:\/\/vimagazine.com.br\/wp-content\/uploads\/2023\/04\/Vanessa-Rivelli.jpeg 900w, https:\/\/vimagazine.com.br\/wp-content\/uploads\/2023\/04\/Vanessa-Rivelli-189x300.jpeg 189w, https:\/\/vimagazine.com.br\/wp-content\/uploads\/2023\/04\/Vanessa-Rivelli-645x1024.jpeg 645w, https:\/\/vimagazine.com.br\/wp-content\/uploads\/2023\/04\/Vanessa-Rivelli-768x1219.jpeg 768w\" sizes=\"(max-width: 900px) 100vw, 900px\" \/><figcaption>Vanessa Rivelli<\/figcaption><\/figure>\n\n\n\n<figure class=\"wp-block-image size-large\"><img width=\"960\" height=\"1280\" data-id=\"9262\"  src=\"https:\/\/vimagazine.com.br\/wp-content\/uploads\/2023\/04\/Laih-Barrionuevo.jpeg\" alt=\"\" class=\"wp-image-9262\" srcset=\"https:\/\/vimagazine.com.br\/wp-content\/uploads\/2023\/04\/Laih-Barrionuevo.jpeg 960w, https:\/\/vimagazine.com.br\/wp-content\/uploads\/2023\/04\/Laih-Barrionuevo-225x300.jpeg 225w, https:\/\/vimagazine.com.br\/wp-content\/uploads\/2023\/04\/Laih-Barrionuevo-768x1024.jpeg 768w\" sizes=\"(max-width: 960px) 100vw, 960px\" \/><figcaption>Laih Barrionuevo<\/figcaption><\/figure>\n<\/figure>\n\n\n\n<p>J\u00e1 na grande final, teremos Fla\u0301via Cavalcante nos palcos, ela \u00e9 coordenadora nacional do concurso, com uma longa bagagem de t\u00edtulos e atribui\u00e7\u00f5es. Foi Miss Cear\u00e1 1989, dois anos com o t\u00edtulo de Miss Brasil e ganhou como melhor traje t\u00edpico ao participar do concurso internacional Miss Universo. A baiana viajou o mundo durante seus dois anos de reinado, levando o nome do Brasil sempre com muita beleza e eleg\u00e2ncia. Atualmente toda a organiza\u00e7\u00e3o do Miss Terra Brasil passa pelas suas m\u00e3os.<\/p>\n\n\n\n<p>A jornalista Leila Schuster acompanhar\u00e1 Fl\u00e1via nessa grande miss\u00e3o de apresentar a final. Com um passaporte amplo de viagens ao redor do mundo, Leila busca inspira\u00e7\u00f5es em tudo que absorve para abastecer as colunas que assina mensalmente nas revistas Go Where e Regional. A ga\u00facha que \u00e9 tamb\u00e9m \u00e9 uma grande empres\u00e1ria no ramo da moda, possui experi\u00eancia na televis\u00e3o. J\u00e1 apresentou o quadro Lifestyle no programa Amaury Jr., onde trazia semanalmente as Dicas da Leila Schuster. Em 1993, representou o Brasil no Miss Universo e ap\u00f3s a s\u00e9tima coloca\u00e7\u00e3o na competi\u00e7\u00e3o trabalhou como modelo em diferentes pa\u00edses e continentes. Sua conex\u00e3o com o mundo da beleza e da moda nunca deixou de existir, sendo presen\u00e7a constante em eventos e workshops, inspirando novas gera\u00e7\u00f5es que buscam um t\u00edtulo de beleza.<\/p>\n\n\n\n<figure class=\"wp-container-4 wp-block-gallery-3 wp-block-gallery has-nested-images columns-default is-cropped\">\n<figure class=\"wp-block-image size-large\"><img width=\"654\" height=\"1024\" data-id=\"9263\"  src=\"https:\/\/vimagazine.com.br\/wp-content\/uploads\/2023\/04\/Leila-Schuster.jpeg\" alt=\"\" class=\"wp-image-9263\" srcset=\"https:\/\/vimagazine.com.br\/wp-content\/uploads\/2023\/04\/Leila-Schuster.jpeg 654w, https:\/\/vimagazine.com.br\/wp-content\/uploads\/2023\/04\/Leila-Schuster-192x300.jpeg 192w\" sizes=\"(max-width: 654px) 100vw, 654px\" \/><figcaption>Leila Schuster<\/figcaption><\/figure>\n\n\n\n<figure class=\"wp-block-image size-large\"><img width=\"720\" height=\"1280\" data-id=\"9259\"  src=\"https:\/\/vimagazine.com.br\/wp-content\/uploads\/2023\/04\/Carol-Portella.jpeg\" alt=\"\" class=\"wp-image-9259\" srcset=\"https:\/\/vimagazine.com.br\/wp-content\/uploads\/2023\/04\/Carol-Portella.jpeg 720w, https:\/\/vimagazine.com.br\/wp-content\/uploads\/2023\/04\/Carol-Portella-169x300.jpeg 169w, https:\/\/vimagazine.com.br\/wp-content\/uploads\/2023\/04\/Carol-Portella-576x1024.jpeg 576w\" sizes=\"(max-width: 720px) 100vw, 720px\" \/><figcaption>Carol Portella<\/figcaption><\/figure>\n<\/figure>\n\n\n\n<p>Para deixar os espectadores a par de todos os detalhes, Carol Portella estar\u00e1 direto dos bastidores com Laih Barrionuevo no dia da grande final. Ligada no mundo da moda, Carol Portella j\u00e1 apresentou diversas reportagens pelo canal E! e inclusive j\u00e1 participou da cobertura do S\u00e3o Paulo Fashion Week. No mundo das misses foi eleita Miss Brasil Universo 1992. Em 2002 apresentou o Miss Brasil Terra, onde entrevistou diversas personalidades. Neste ano, nos bastidores, Carol seguir\u00e1 com seu excelente trabalho, apresentando e entrevistando convidados ilustres.<\/p>\n\n\n\n<p>O evento esse ano ser\u00e1 televisionado pela Rede TV! No dia sete de maio, das 17h \u00e0s 19h. A premia\u00e7\u00e3o do concurso deste ano est\u00e1 incr\u00edvel: 1.\u00ba lugar \u2014 trinta mil reais, 2.\u00ba lugar \u2014 vinte mil reais, 3.\u00ba lugar &#8211;dez mil reais e para 4.\u00ba \u2014 lugar cinco mil reais. Al\u00e9m de todos esses pr\u00eamios, tem tamb\u00e9m um Pr\u00eamio Especial de Melhor Traje T\u00edpico no valor de dez mil reais. Vale lembrar que o Miss Brasil Terra est\u00e1 entre os quatro maiores concursos do Brasil, com premia\u00e7\u00e3o em dinheiro.<\/p>\n","protected":false},"excerpt":{"rendered":"<p>Chegando na reta final de prepara\u00e7\u00e3o para o concurso Miss Brasil Terra 2023, que acontecer\u00e1&#8230;<\/p>\n","protected":false},"author":18,"featured_media":9261,"comment_status":"closed","ping_status":"open","sticky":false,"template":"","format":"standard","meta":{"om_disable_all_campaigns":false,"_monsterinsights_skip_tracking":false,"_monsterinsights_sitenote_active":false,"_monsterinsights_sitenote_note":"","_monsterinsights_sitenote_category":0,"spay_email":""},"categories":[1],"tags":[567,637,106,639,641,640,172,571,574,298,638],"jetpack_featured_media_url":"https:\/\/vimagazine.com.br\/wp-content\/uploads\/2023\/04\/Laih-Barrionuevo-Vanessa-Rivelli-Leila-Schuster-Flavia-Cavalcante-e-Carol-Portella.jpg","_links":{"self":[{"href":"https:\/\/vimagazine.com.br\/index.php?rest_route=\/wp\/v2\/posts\/9258"}],"collection":[{"href":"https:\/\/vimagazine.com.br\/index.php?rest_route=\/wp\/v2\/posts"}],"about":[{"href":"https:\/\/vimagazine.com.br\/index.php?rest_route=\/wp\/v2\/types\/post"}],"author":[{"embeddable":true,"href":"https:\/\/vimagazine.com.br\/index.php?rest_route=\/wp\/v2\/users\/18"}],"replies":[{"embeddable":true,"href":"https:\/\/vimagazine.com.br\/index.php?rest_route=%2Fwp%2Fv2%2Fcomments&post=9258"}],"version-history":[{"count":1,"href":"https:\/\/vimagazine.com.br\/index.php?rest_route=\/wp\/v2\/posts\/9258\/revisions"}],"predecessor-version":[{"id":9265,"href":"https:\/\/vimagazine.com.br\/index.php?rest_route=\/wp\/v2\/posts\/9258\/revisions\/9265"}],"wp:featuredmedia":[{"embeddable":true,"href":"https:\/\/vimagazine.com.br\/index.php?rest_route=\/wp\/v2\/media\/9261"}],"wp:attachment":[{"href":"https:\/\/vimagazine.com.br\/index.php?rest_route=%2Fwp%2Fv2%2Fmedia&parent=9258"}],"wp:term":[{"taxonomy":"category","embeddable":true,"href":"https:\/\/vimagazine.com.br\/index.php?rest_route=%2Fwp%2Fv2%2Fcategories&post=9258"},{"taxonomy":"post_tag","embeddable":true,"href":"https:\/\/vimagazine.com.br\/index.php?rest_route=%2Fwp%2Fv2%2Ftags&post=9258"}],"curies":[{"name":"wp","href":"https:\/\/api.w.org\/{rel}","templated":true}]}}