{"id":9274,"date":"2023-04-27T18:04:42","date_gmt":"2023-04-27T21:04:42","guid":{"rendered":"https:\/\/vimagazine.com.br\/?p=9274"},"modified":"2023-04-27T18:04:44","modified_gmt":"2023-04-27T21:04:44","slug":"aclasp-promove-cerimonia-em-tributo-a-princesa-isabel-na-assembleia-legislativa-de-sao-paulo","status":"publish","type":"post","link":"https:\/\/vimagazine.com.br\/?p=9274","title":{"rendered":"ACLASP PROMOVE CERIM\u00d4NIA EM TRIBUTO \u00c0 PRINCESA ISABEL NA ASSEMBLEIA LEGISLATIVA DE SAO PAULO"},"content":{"rendered":"\n<p class=\"has-text-align-center\">Aconteceu neste \u00faltimo 11 de abril de 2023 ,uma cerim\u00f4nia de homenagem Diploma Princesa Isabel promovida pela Academia de Ci\u00eancias, Letras e Artes de S\u00e3o Paulo (Aclasp) Diploma Princesa Isabel na Assembleia Legislativa de S\u00e3o Paulo (ALESP). <\/p>\n\n\n\n<p class=\"has-text-align-center\"><strong>Entre os homenageados estavam personalidades que se destacaram em suas \u00e1reas de atua\u00e7\u00e3o e que contribu\u00edram para o desenvolvimento do pa\u00eds.<\/strong><\/p>\n\n\n\n<p class=\"has-text-align-center\">Logo no in\u00edcio do evento, o presidente da Aclasp, Roberto Ferrari, fez quest\u00e3o de ressaltar a participa\u00e7\u00e3o efetiva da princesa Isabel no processo que p\u00f4s fim \u00e0 escravatura no Brasil [foi ela quem assinou a lei \u00c1urea, em 13 de maio de 1888] e o seu papel para o desenvolvimento do Pa\u00eds. <\/p>\n\n\n\n<p class=\"has-text-align-center\">Ferrari ressaltou que, mesmo com as recentes releituras sobre fatos do passado, nada pode tirar a import\u00e2ncia dessa personagem para a hist\u00f3ria do Brasil e que tudo deve ser colocado em um devido contexto temporal. Sendo assim, seu nome continuar\u00e1 na honraria.<\/p>\n\n\n\n<p class=\"has-text-align-center\"><strong>&#8220;A princesa Isabel deve ser sempre lembrada como uma das maiores mulheres do s\u00e9culo 19 e n\u00e3o podemos julgar a\u00e7\u00f5es de tempos passados com a vis\u00e3o do s\u00e9culo 21. Seria um erro imenso se fiz\u00e9ssemos isso&#8221;, afirmou.<\/strong><\/p>\n\n\n\n<p class=\"has-text-align-center\">O c\u00f4nsul-geral adjunto de Portugal, Jorge Longa Marques, foi um dos homenageados pela sua atua\u00e7\u00e3o na promo\u00e7\u00e3o das rela\u00e7\u00f5es entre Brasil e Portugal. A vice-presidente da Funda\u00e7\u00e3o UIysses Guimar\u00e3es, Ana Paula Junqueira, tamb\u00e9m recebeu o diploma em reconhecimento pelo seu trabalho em prol do desenvolvimento social do pa\u00eds.<\/p>\n\n\n\n<figure class=\"wp-block-image aligncenter size-full is-resized\"><img src=\"https:\/\/vimagazine.com.br\/wp-content\/uploads\/2023\/04\/aRTISTA-PLASTICAELIZETE-DURAN-9A-DIREITA.jpg\" alt=\"\" class=\"wp-image-9276\" width=\"465\" height=\"434\" srcset=\"https:\/\/vimagazine.com.br\/wp-content\/uploads\/2023\/04\/aRTISTA-PLASTICAELIZETE-DURAN-9A-DIREITA.jpg 465w, https:\/\/vimagazine.com.br\/wp-content\/uploads\/2023\/04\/aRTISTA-PLASTICAELIZETE-DURAN-9A-DIREITA-300x280.jpg 300w\" sizes=\"(max-width: 465px) 100vw, 465px\" \/><\/figure>\n\n\n\n<p class=\"has-text-align-center\">Richard Manoel Ferreira, diretor do Social, grupo organizado do setor privado que desenvolve iniciativas para a gera\u00e7\u00e3o de renda, foi outro homenageado. Sua contribui\u00e7\u00e3o para a cria\u00e7\u00e3o de oportunidades de trabalho e renda para as comunidades carentes foi reconhecida pela Aclasp.<\/p>\n\n\n\n<p class=\"has-text-align-center\"><strong>A atriz de teatro e televis\u00e3o Myrian Rios tamb\u00e9m foi agraciada com o diploma em reconhecimento pelos seus 45 anos de carreira e pela sua contribui\u00e7\u00e3o para a cultura brasileira. Sua presen\u00e7a na cerim\u00f4nia foi um momento de emo\u00e7\u00e3o para todos os presentes.<\/strong><\/p>\n\n\n\n<p class=\"has-text-align-center\">Al\u00e9m dos homenageados mencionados, a artista pl\u00e1stica Elizete Duran tamb\u00e9m recebeu o diploma. Sua obra \u00e9 reconhecida internacionalmente e ela \u00e9 uma refer\u00eancia na arte contempor\u00e2nea brasileira.<\/p>\n\n\n\n<p class=\"has-text-align-center\">A noite de cerim\u00f4nia Diploma Princesa Isabel foi um momento de celebra\u00e7\u00e3o e reconhecimento para as personalidades homenageadas e para a cultura brasileira como um todo. <\/p>\n\n\n\n<p class=\"has-text-align-center\"><strong>A Aclasp cumpriu seu papel em reconhecer o trabalho e a contribui\u00e7\u00e3o de figuras importantes da sociedade, promovendo assim uma cultura de valoriza\u00e7\u00e3o do m\u00e9rito e da excel\u00eanci<\/strong><\/p>\n\n\n\n<figure class=\"wp-block-image aligncenter size-full\"><img width=\"580\" height=\"370\" src=\"https:\/\/vimagazine.com.br\/wp-content\/uploads\/2023\/04\/aclasp2.jpg\" alt=\"\" class=\"wp-image-9277\" srcset=\"https:\/\/vimagazine.com.br\/wp-content\/uploads\/2023\/04\/aclasp2.jpg 580w, https:\/\/vimagazine.com.br\/wp-content\/uploads\/2023\/04\/aclasp2-300x191.jpg 300w\" sizes=\"(max-width: 580px) 100vw, 580px\" \/><\/figure>\n","protected":false},"excerpt":{"rendered":"<p>Aconteceu neste \u00faltimo 11 de abril de 2023 ,uma cerim\u00f4nia de homenagem Diploma Princesa Isabel&#8230;<\/p>\n","protected":false},"author":3,"featured_media":9275,"comment_status":"closed","ping_status":"open","sticky":false,"template":"","format":"standard","meta":{"om_disable_all_campaigns":false,"_monsterinsights_skip_tracking":false,"_monsterinsights_sitenote_active":false,"_monsterinsights_sitenote_note":"","_monsterinsights_sitenote_category":0,"spay_email":""},"categories":[1],"tags":[],"jetpack_featured_media_url":"https:\/\/vimagazine.com.br\/wp-content\/uploads\/2023\/04\/aclasp.jpg","_links":{"self":[{"href":"https:\/\/vimagazine.com.br\/index.php?rest_route=\/wp\/v2\/posts\/9274"}],"collection":[{"href":"https:\/\/vimagazine.com.br\/index.php?rest_route=\/wp\/v2\/posts"}],"about":[{"href":"https:\/\/vimagazine.com.br\/index.php?rest_route=\/wp\/v2\/types\/post"}],"author":[{"embeddable":true,"href":"https:\/\/vimagazine.com.br\/index.php?rest_route=\/wp\/v2\/users\/3"}],"replies":[{"embeddable":true,"href":"https:\/\/vimagazine.com.br\/index.php?rest_route=%2Fwp%2Fv2%2Fcomments&post=9274"}],"version-history":[{"count":1,"href":"https:\/\/vimagazine.com.br\/index.php?rest_route=\/wp\/v2\/posts\/9274\/revisions"}],"predecessor-version":[{"id":9278,"href":"https:\/\/vimagazine.com.br\/index.php?rest_route=\/wp\/v2\/posts\/9274\/revisions\/9278"}],"wp:featuredmedia":[{"embeddable":true,"href":"https:\/\/vimagazine.com.br\/index.php?rest_route=\/wp\/v2\/media\/9275"}],"wp:attachment":[{"href":"https:\/\/vimagazine.com.br\/index.php?rest_route=%2Fwp%2Fv2%2Fmedia&parent=9274"}],"wp:term":[{"taxonomy":"category","embeddable":true,"href":"https:\/\/vimagazine.com.br\/index.php?rest_route=%2Fwp%2Fv2%2Fcategories&post=9274"},{"taxonomy":"post_tag","embeddable":true,"href":"https:\/\/vimagazine.com.br\/index.php?rest_route=%2Fwp%2Fv2%2Ftags&post=9274"}],"curies":[{"name":"wp","href":"https:\/\/api.w.org\/{rel}","templated":true}]}}