{"id":9290,"date":"2023-05-02T18:01:56","date_gmt":"2023-05-02T21:01:56","guid":{"rendered":"https:\/\/vimagazine.com.br\/?p=9290"},"modified":"2023-05-02T18:01:58","modified_gmt":"2023-05-02T21:01:58","slug":"galeria-33-realiza-feira-de-artesanato-neste-final-de-semana-%ef%bf%bc","status":"publish","type":"post","link":"https:\/\/vimagazine.com.br\/?p=9290","title":{"rendered":"Galeria 33 realiza feira de artesanato neste final de semana\u00a0\ufffc"},"content":{"rendered":"\n<p><em>Pela primeira vez o local recebe o Arte para ter, que al\u00e9m de produtos <\/em><em>oferece atra\u00e7\u00f5es culturais, como uma mostra de cinema infantil, oficinas de arte e show ao vivo&nbsp;<\/em><\/p>\n\n\n\n<p>Neste s\u00e1bado e domingo, (6 e 7 de maio), das 10h \u00e0s 19h, a Galeria 33 Arthouse re\u00fane artistas visuais, designers, artes\u00e3os e poetas para um evento cheio de arte e criatividade. Segundo a organizadora, o evento chamado de Arte para ter &#8220;\u00e9 uma vitrine para produtores locais, e apresenta uma ampla variedade de formatos, incluindo arte, gravura, fotografia, design e artesanato para todos os bolsos e gostos&#8221;, destaca Katiana Machado.&nbsp;<\/p>\n\n\n\n<p>Para esta primeira edi\u00e7\u00e3o, o evento contar\u00e1 com a parceria da AAPLAJ e Feiraville e al\u00e9m das op\u00e7\u00f5es de arte para estimular o envolvimento e novos colecionadores, oferecer\u00e1 tamb\u00e9m v\u00e1rias atra\u00e7\u00f5es culturais para todas as idades, incluindo uma mostra de cinema infantil, palestras, breves oficinas de arte e shows ao vivo. Todas as atra\u00e7\u00f5es s\u00e3o gratuitas.&nbsp;<\/p>\n\n\n\n<p>O projeto \u00e9 patrocinado pelo Simdec, Sistema Municipal de Desenvolvimento pela Cultura, Prefeitura Municipal de Joinville e Secretaria de Cultura e Turismo.&nbsp;<\/p>\n\n\n\n<p><strong>Agende-se<\/strong><\/p>\n\n\n\n<p>O qu\u00ea: Vitrine Arte para ter&nbsp;<\/p>\n\n\n\n<p>Quando: 6 e 7 de maio, das 10h \u00e0s 19h<\/p>\n\n\n\n<p>Onde: Galeria 33 Rua Bento Gon\u00e7alves, 33 &#8211; Gl\u00f3ria<\/p>\n\n\n\n<p>Quanto: Gratuito&nbsp;<\/p>\n\n\n\n<p><strong>Programa\u00e7\u00e3o<\/strong><\/p>\n\n\n\n<p><strong>S\u00e1bado&nbsp;<\/strong><\/p>\n\n\n\n<p>10h &#8211; Oficina de pintura a Nankin com palito &#8211; Instrutora Cristina Pretti&nbsp;<\/p>\n\n\n\n<p>14h &#8211; Sess\u00e3o de cinema infantil&nbsp;<\/p>\n\n\n\n<p>16h &#8211; Conversa sobre arte com Tirotti<\/p>\n\n\n\n<p>17h &#8211; M\u00fasica ao vivo com Claudio Ramalho&nbsp;<\/p>\n\n\n\n<p><strong>Domingo&nbsp;<\/strong><\/p>\n\n\n\n<p>10h &#8211; Sess\u00e3o de cinema infantil&nbsp;<\/p>\n\n\n\n<p>14h &#8211; Sess\u00e3o de cinema infantil&nbsp;<\/p>\n\n\n\n<p>15h &#8211; Lan\u00e7amento de livros da Manuscrito Editora&nbsp;<\/p>\n\n\n\n<p>16h &#8211; M\u00fasica ao vivo com V\u00e2nio Tomelin<\/p>\n","protected":false},"excerpt":{"rendered":"<p>Pela primeira vez o local recebe o Arte para ter, que al\u00e9m de produtos oferece&#8230;<\/p>\n","protected":false},"author":20,"featured_media":9291,"comment_status":"closed","ping_status":"open","sticky":false,"template":"","format":"standard","meta":{"om_disable_all_campaigns":false,"_monsterinsights_skip_tracking":false,"_monsterinsights_sitenote_active":false,"_monsterinsights_sitenote_note":"","_monsterinsights_sitenote_category":0,"spay_email":""},"categories":[75],"tags":[],"jetpack_featured_media_url":"https:\/\/vimagazine.com.br\/wp-content\/uploads\/2023\/05\/2020-10-07.jpg","_links":{"self":[{"href":"https:\/\/vimagazine.com.br\/index.php?rest_route=\/wp\/v2\/posts\/9290"}],"collection":[{"href":"https:\/\/vimagazine.com.br\/index.php?rest_route=\/wp\/v2\/posts"}],"about":[{"href":"https:\/\/vimagazine.com.br\/index.php?rest_route=\/wp\/v2\/types\/post"}],"author":[{"embeddable":true,"href":"https:\/\/vimagazine.com.br\/index.php?rest_route=\/wp\/v2\/users\/20"}],"replies":[{"embeddable":true,"href":"https:\/\/vimagazine.com.br\/index.php?rest_route=%2Fwp%2Fv2%2Fcomments&post=9290"}],"version-history":[{"count":1,"href":"https:\/\/vimagazine.com.br\/index.php?rest_route=\/wp\/v2\/posts\/9290\/revisions"}],"predecessor-version":[{"id":9292,"href":"https:\/\/vimagazine.com.br\/index.php?rest_route=\/wp\/v2\/posts\/9290\/revisions\/9292"}],"wp:featuredmedia":[{"embeddable":true,"href":"https:\/\/vimagazine.com.br\/index.php?rest_route=\/wp\/v2\/media\/9291"}],"wp:attachment":[{"href":"https:\/\/vimagazine.com.br\/index.php?rest_route=%2Fwp%2Fv2%2Fmedia&parent=9290"}],"wp:term":[{"taxonomy":"category","embeddable":true,"href":"https:\/\/vimagazine.com.br\/index.php?rest_route=%2Fwp%2Fv2%2Fcategories&post=9290"},{"taxonomy":"post_tag","embeddable":true,"href":"https:\/\/vimagazine.com.br\/index.php?rest_route=%2Fwp%2Fv2%2Ftags&post=9290"}],"curies":[{"name":"wp","href":"https:\/\/api.w.org\/{rel}","templated":true}]}}