{"id":9325,"date":"2023-05-03T08:32:57","date_gmt":"2023-05-03T11:32:57","guid":{"rendered":"https:\/\/vimagazine.com.br\/?p=9325"},"modified":"2023-05-03T08:32:58","modified_gmt":"2023-05-03T11:32:58","slug":"lara-franco-na-seletiva-de-kart-fia-girls-on-track","status":"publish","type":"post","link":"https:\/\/vimagazine.com.br\/?p=9325","title":{"rendered":"Lara Franco na Seletiva de Kart FIA Girls On Track"},"content":{"rendered":"\n<p class=\"has-text-align-center\"><strong><em>Seletiva contou com mais de 70 inscri\u00e7\u00f5es<\/em><\/strong><strong><\/strong><\/p>\n\n\n\n<p class=\"has-text-align-center\">No dia 08 de maio o Kart\u00f3dromo Granja Viana recebe a Seletiva de Kart FIA Girls On Track, que al\u00e9m da KGV, tem o apoio da Bravar, MG Pneus e subs\u00eddio do FIA Grant Programme, e a piloto Lara Franco est\u00e1 entre as 39 pilotos selecionadas para a competi\u00e7\u00e3o.<\/p>\n\n\n\n<p class=\"has-text-align-center\">O evento ocorrer\u00e1 todo em um dia, com treino para cada categoria, o classificat\u00f3rio, baterias de elimina\u00e7\u00e3o e a final, que definir\u00e1 a piloto das categorias graduado, j\u00fanior e cadete, a campe\u00e3&nbsp; levar\u00e1 como premia\u00e7\u00e3o a inscri\u00e7\u00e3o gratuita e equipamento (chassi | motor | pneus | equipes) para disputar em julho a 24\u00aa edi\u00e7\u00e3o da Copa Brasil de Kart, no Kart\u00f3dromo Beto Carrero, em Penha (SC).<\/p>\n\n\n\n<p class=\"has-text-align-center\">Lara que \u00e9 piloto profissional e atualmente corre na V11 Aldeia Cup, ficou emocionada e muito contente por ter sido aprovada para a seletiva&nbsp;<em>&#8220;Saber que fui selecionada para a seletiva \u00e9 uma emo\u00e7\u00e3o muito grande, pois sempre imaginei que participar de uma copa do Brasil seria um sonho muito distante, e ver que tenho essa chance me motiva a dar o meu melhor na pista para realizar um sonho que \u00e9 fazer a copa do Brasil.&#8221;<\/em><\/p>\n\n\n\n<p class=\"has-text-align-center\">A comiss\u00e3o conta em sua forma\u00e7\u00e3o com a piloto Bia Figueiredo, a publicit\u00e1ria Bruna Fraz\u00e3o e a engenheira e chefe de equipe Rachel Loh, que nos conta um pouco sobre a seletiva e deixa uma mensagem para a piloto Lara Franco:\u00a0<em>&#8220;A Seletiva de Kart FIA GIRLS ON TRACK Brasil tem como principal objetivo fortalecer e ampliar a presen\u00e7a feminina na base do automobilismo nacional. <\/em><\/p>\n\n\n\n<p class=\"has-text-align-center\"><em>A CBA via Comiss\u00e3o Feminina de Automobilismo vai promover o evento no dia 8 de Maio no Kart\u00f3dromo da Granja Viana. Mulheres entre 8 e 25 anos podem participar, o limite de cada categoria s\u00e3o 16 participantes. S\u00e3o 3 categorias: Cadete (8 a 11 anos), Junior (12 a 15 anos) e Graduadas (16 a 25 anos). A campe\u00e3 de cada categoria ser\u00e1 premiada com inscri\u00e7\u00e3o gratuita e equipamento (chassis+motor+equipe) para disputar em julho a 24a edi\u00e7\u00e3o da Copa do Brasil de Kart, no Kart\u00f3dromo Beto Carrero, em Penha (SC). A piloto Lara Franco foi selecionada para categoria Graduadas, e eu estarei na torcida para que ela fa\u00e7a uma \u00f3tima disputa em busca do pr\u00eamio. <\/em><\/p>\n\n\n\n<p class=\"has-text-align-center\"><em>Lara \u00e9 um exemplo de dedica\u00e7\u00e3o e paix\u00e3o pelo kartismo, esperamos fomentar sua paix\u00e3o para outros carros tamb\u00e9m para que em um futuro pr\u00f3ximo ela possa integrar o grid das grandes categorias que temos no pa\u00eds.<\/em><\/p>\n\n\n\n<p class=\"has-text-align-center\">Fonte: Thamyres Moura| MTB 94113\/SP<\/p>\n\n\n\n<p class=\"has-text-align-center\"> Foto: Lucca Pilan<\/p>\n","protected":false},"excerpt":{"rendered":"<p>Seletiva contou com mais de 70 inscri\u00e7\u00f5es No dia 08 de maio o Kart\u00f3dromo Granja&#8230;<\/p>\n","protected":false},"author":3,"featured_media":9326,"comment_status":"closed","ping_status":"open","sticky":false,"template":"","format":"standard","meta":{"om_disable_all_campaigns":false,"_monsterinsights_skip_tracking":false,"_monsterinsights_sitenote_active":false,"_monsterinsights_sitenote_note":"","_monsterinsights_sitenote_category":0,"spay_email":""},"categories":[1],"tags":[],"jetpack_featured_media_url":"https:\/\/vimagazine.com.br\/wp-content\/uploads\/2023\/05\/WhatsApp-Image-2023-04-24-at-22.11.31-300x200-1.jpeg","_links":{"self":[{"href":"https:\/\/vimagazine.com.br\/index.php?rest_route=\/wp\/v2\/posts\/9325"}],"collection":[{"href":"https:\/\/vimagazine.com.br\/index.php?rest_route=\/wp\/v2\/posts"}],"about":[{"href":"https:\/\/vimagazine.com.br\/index.php?rest_route=\/wp\/v2\/types\/post"}],"author":[{"embeddable":true,"href":"https:\/\/vimagazine.com.br\/index.php?rest_route=\/wp\/v2\/users\/3"}],"replies":[{"embeddable":true,"href":"https:\/\/vimagazine.com.br\/index.php?rest_route=%2Fwp%2Fv2%2Fcomments&post=9325"}],"version-history":[{"count":1,"href":"https:\/\/vimagazine.com.br\/index.php?rest_route=\/wp\/v2\/posts\/9325\/revisions"}],"predecessor-version":[{"id":9327,"href":"https:\/\/vimagazine.com.br\/index.php?rest_route=\/wp\/v2\/posts\/9325\/revisions\/9327"}],"wp:featuredmedia":[{"embeddable":true,"href":"https:\/\/vimagazine.com.br\/index.php?rest_route=\/wp\/v2\/media\/9326"}],"wp:attachment":[{"href":"https:\/\/vimagazine.com.br\/index.php?rest_route=%2Fwp%2Fv2%2Fmedia&parent=9325"}],"wp:term":[{"taxonomy":"category","embeddable":true,"href":"https:\/\/vimagazine.com.br\/index.php?rest_route=%2Fwp%2Fv2%2Fcategories&post=9325"},{"taxonomy":"post_tag","embeddable":true,"href":"https:\/\/vimagazine.com.br\/index.php?rest_route=%2Fwp%2Fv2%2Ftags&post=9325"}],"curies":[{"name":"wp","href":"https:\/\/api.w.org\/{rel}","templated":true}]}}