{"id":9362,"date":"2023-05-06T00:03:14","date_gmt":"2023-05-06T03:03:14","guid":{"rendered":"https:\/\/vimagazine.com.br\/?p=9362"},"modified":"2023-05-06T00:03:15","modified_gmt":"2023-05-06T03:03:15","slug":"profissional-deborah-rocha-ensina-o-segredo-milagroso-da-umectacao","status":"publish","type":"post","link":"https:\/\/vimagazine.com.br\/?p=9362","title":{"rendered":"Profissional D\u00e9borah Rocha ensina o segredo milagroso da Umecta\u00e7\u00e3o"},"content":{"rendered":"\n<p>A Hair Style, D\u00e9borah Rocha do sal\u00e3o Ophicina do Cabelo, ensina aqui os benef\u00edcios instant\u00e2neos da umecta\u00e7\u00e3o para trazer brilho e vitalidade aos fios.&nbsp;&nbsp;<\/p>\n\n\n\n<p>Veja abaixo o passo a passo.<\/p>\n\n\n\n<p>O que \u00e9 a umecta\u00e7\u00e3o?<\/p>\n\n\n\n<p>\u00c9 um tratamento completo de nutri\u00e7\u00e3o.&nbsp; Essa t\u00e9cnica busca nutrir e fortalecer os fios, atrav\u00e9s dos \u00f3leos vegetais. Pr\u00f3prios para o cabelo! Isso \u00e9 importante frisar.<\/p>\n\n\n\n<p>Passo a passo:<\/p>\n\n\n\n<ol><li>O primeiro passo \u00e9 aplicar o \u00f3leo vegetal (para cabelos) no cabelo seco!<\/li><\/ol>\n\n\n\n<figure class=\"wp-block-image size-large is-resized\"><img src=\"https:\/\/vimagazine.com.br\/wp-content\/uploads\/2023\/05\/image-1-1-576x1024.jpg\" alt=\"\" class=\"wp-image-9364\" width=\"336\" height=\"596\" srcset=\"https:\/\/vimagazine.com.br\/wp-content\/uploads\/2023\/05\/image-1-1-576x1024.jpg 576w, https:\/\/vimagazine.com.br\/wp-content\/uploads\/2023\/05\/image-1-1-169x300.jpg 169w, https:\/\/vimagazine.com.br\/wp-content\/uploads\/2023\/05\/image-1-1-768x1365.jpg 768w, https:\/\/vimagazine.com.br\/wp-content\/uploads\/2023\/05\/image-1-1-864x1536.jpg 864w, https:\/\/vimagazine.com.br\/wp-content\/uploads\/2023\/05\/image-1-1.jpg 900w\" sizes=\"(max-width: 336px) 100vw, 336px\" \/><\/figure>\n\n\n\n<p>Eu uso vapor de oz\u00f4nio, para abrir as cut\u00edculas, causando emoli\u00eancia e devolvendo \u00e1gua para o fio. Que \u00e9 a cereja do bolo!<\/p>\n\n\n\n<ol start=\"2\"><li>O segundo passo \u00e9 aplicar o condicionador sobre esse \u00f3leo vegetal, trazendo o pH do fio para o mais pr\u00f3ximo do natural. Nesse caso eu escolhi a linha da L&#8217;Or\u00e9al NutriOil. A linha \u00e9 composta por 7 \u00f3leos essenciais, que garante uma hidrata\u00e7\u00e3o profunda e uma a\u00e7\u00e3o antioxidante.<\/li><\/ol>\n\n\n\n<figure class=\"wp-block-image size-large is-resized\"><img src=\"https:\/\/vimagazine.com.br\/wp-content\/uploads\/2023\/05\/image-4-768x1024.jpg\" alt=\"\" class=\"wp-image-9367\" width=\"332\" height=\"442\" srcset=\"https:\/\/vimagazine.com.br\/wp-content\/uploads\/2023\/05\/image-4-768x1024.jpg 768w, https:\/\/vimagazine.com.br\/wp-content\/uploads\/2023\/05\/image-4-225x300.jpg 225w, https:\/\/vimagazine.com.br\/wp-content\/uploads\/2023\/05\/image-4-1152x1536.jpg 1152w, https:\/\/vimagazine.com.br\/wp-content\/uploads\/2023\/05\/image-4-1024x1365.jpg 1024w, https:\/\/vimagazine.com.br\/wp-content\/uploads\/2023\/05\/image-4.jpg 1200w\" sizes=\"(max-width: 332px) 100vw, 332px\" \/><\/figure>\n\n\n\n<ol start=\"3\"><li>Em seguida eu retiro todo esse \u00f3leo, lavando duas vezes com o shampoo da mesma marca (L&#8217;Or\u00e9al NutriOil).<\/li><\/ol>\n\n\n\n<ol start=\"4\"><li>Seco bem o cabelo com a toalha e aplico a m\u00e1scara L&#8217;Or\u00e9al NutriOil. Deixo o tempo de descanso por 5 minutos.<\/li><\/ol>\n\n\n\n<figure class=\"wp-block-image size-large is-resized\"><img src=\"https:\/\/vimagazine.com.br\/wp-content\/uploads\/2023\/05\/image-3-682x1024.jpg\" alt=\"\" class=\"wp-image-9366\" width=\"369\" height=\"555\" srcset=\"https:\/\/vimagazine.com.br\/wp-content\/uploads\/2023\/05\/image-3-682x1024.jpg 682w, https:\/\/vimagazine.com.br\/wp-content\/uploads\/2023\/05\/image-3-200x300.jpg 200w, https:\/\/vimagazine.com.br\/wp-content\/uploads\/2023\/05\/image-3-768x1153.jpg 768w, https:\/\/vimagazine.com.br\/wp-content\/uploads\/2023\/05\/image-3-1023x1536.jpg 1023w, https:\/\/vimagazine.com.br\/wp-content\/uploads\/2023\/05\/image-3-1024x1537.jpg 1024w, https:\/\/vimagazine.com.br\/wp-content\/uploads\/2023\/05\/image-3.jpg 1066w\" sizes=\"(max-width: 369px) 100vw, 369px\" \/><\/figure>\n\n\n\n<ol start=\"5\"><li>Enx\u00e1guo toda a m\u00e1scara, e passo novamente o condicionador L&#8217;Or\u00e9al NutriOil, para que todo o tratamento seja selado.<\/li><\/ol>\n\n\n\n<ol start=\"6\"><li>Antes de escovar, aplico o protetor t\u00e9rmico da mesma marca.<\/li><\/ol>\n\n\n\n<figure class=\"wp-block-image size-large is-resized\"><img src=\"https:\/\/vimagazine.com.br\/wp-content\/uploads\/2023\/05\/image-2-576x1024.jpg\" alt=\"\" class=\"wp-image-9365\" width=\"376\" height=\"668\" srcset=\"https:\/\/vimagazine.com.br\/wp-content\/uploads\/2023\/05\/image-2-576x1024.jpg 576w, https:\/\/vimagazine.com.br\/wp-content\/uploads\/2023\/05\/image-2-169x300.jpg 169w, https:\/\/vimagazine.com.br\/wp-content\/uploads\/2023\/05\/image-2-768x1365.jpg 768w, https:\/\/vimagazine.com.br\/wp-content\/uploads\/2023\/05\/image-2-864x1536.jpg 864w, https:\/\/vimagazine.com.br\/wp-content\/uploads\/2023\/05\/image-2.jpg 900w\" sizes=\"(max-width: 376px) 100vw, 376px\" \/><\/figure>\n\n\n\n<p>E o resultado \u00e9 esse, um cabelo perfeito em quest\u00e3o de minutos.<\/p>\n\n\n\n<figure class=\"wp-block-image size-full is-resized\"><img src=\"https:\/\/vimagazine.com.br\/wp-content\/uploads\/2023\/05\/image-1.jpg\" alt=\"\" class=\"wp-image-9363\" width=\"438\" height=\"717\" srcset=\"https:\/\/vimagazine.com.br\/wp-content\/uploads\/2023\/05\/image-1.jpg 625w, https:\/\/vimagazine.com.br\/wp-content\/uploads\/2023\/05\/image-1-183x300.jpg 183w\" sizes=\"(max-width: 438px) 100vw, 438px\" \/><\/figure>\n\n\n\n<p>Beleza: D\u00e9borah Rocha<\/p>\n\n\n\n<p>Sal\u00e3o Ophicina do Cabelo<br>Modelo: Giovanna Gottlieb Cersosimo<\/p>\n\n\n\n<p>Fotos: Divulga\u00e7\u00e3o<\/p>\n","protected":false},"excerpt":{"rendered":"<p>A Hair Style, D\u00e9borah Rocha do sal\u00e3o Ophicina do Cabelo, ensina aqui os benef\u00edcios instant\u00e2neos&#8230;<\/p>\n","protected":false},"author":18,"featured_media":9368,"comment_status":"closed","ping_status":"open","sticky":false,"template":"","format":"standard","meta":{"om_disable_all_campaigns":false,"_monsterinsights_skip_tracking":false,"_monsterinsights_sitenote_active":false,"_monsterinsights_sitenote_note":"","_monsterinsights_sitenote_category":0,"spay_email":""},"categories":[1],"tags":[567,500,654,653,651,288,652],"jetpack_featured_media_url":"https:\/\/vimagazine.com.br\/wp-content\/uploads\/2023\/05\/WhatsApp-Image-2023-05-05-at-21.02.38-1.jpeg","_links":{"self":[{"href":"https:\/\/vimagazine.com.br\/index.php?rest_route=\/wp\/v2\/posts\/9362"}],"collection":[{"href":"https:\/\/vimagazine.com.br\/index.php?rest_route=\/wp\/v2\/posts"}],"about":[{"href":"https:\/\/vimagazine.com.br\/index.php?rest_route=\/wp\/v2\/types\/post"}],"author":[{"embeddable":true,"href":"https:\/\/vimagazine.com.br\/index.php?rest_route=\/wp\/v2\/users\/18"}],"replies":[{"embeddable":true,"href":"https:\/\/vimagazine.com.br\/index.php?rest_route=%2Fwp%2Fv2%2Fcomments&post=9362"}],"version-history":[{"count":1,"href":"https:\/\/vimagazine.com.br\/index.php?rest_route=\/wp\/v2\/posts\/9362\/revisions"}],"predecessor-version":[{"id":9369,"href":"https:\/\/vimagazine.com.br\/index.php?rest_route=\/wp\/v2\/posts\/9362\/revisions\/9369"}],"wp:featuredmedia":[{"embeddable":true,"href":"https:\/\/vimagazine.com.br\/index.php?rest_route=\/wp\/v2\/media\/9368"}],"wp:attachment":[{"href":"https:\/\/vimagazine.com.br\/index.php?rest_route=%2Fwp%2Fv2%2Fmedia&parent=9362"}],"wp:term":[{"taxonomy":"category","embeddable":true,"href":"https:\/\/vimagazine.com.br\/index.php?rest_route=%2Fwp%2Fv2%2Fcategories&post=9362"},{"taxonomy":"post_tag","embeddable":true,"href":"https:\/\/vimagazine.com.br\/index.php?rest_route=%2Fwp%2Fv2%2Ftags&post=9362"}],"curies":[{"name":"wp","href":"https:\/\/api.w.org\/{rel}","templated":true}]}}