{"id":9370,"date":"2023-05-08T12:24:49","date_gmt":"2023-05-08T15:24:49","guid":{"rendered":"https:\/\/vimagazine.com.br\/?p=9370"},"modified":"2023-05-08T12:24:51","modified_gmt":"2023-05-08T15:24:51","slug":"del-feliz-esta-na-franca-pelo-forro","status":"publish","type":"post","link":"https:\/\/vimagazine.com.br\/?p=9370","title":{"rendered":"Del Feliz est\u00e1 na Fran\u00e7a, pelo Forr\u00f3!"},"content":{"rendered":"\n<p>A Companhia Biscoitinho tem sido um importante agente na promo\u00e7\u00e3o do interc\u00e2mbio cultural entre o Brasil e a Fran\u00e7a, por meio de uma s\u00e9rie de projetos culturais ao longo do ano, na cidade de Lille, &nbsp;norte da Fran\u00e7a. Al\u00e9m disso, anualmente, realiza o Festival de Forr\u00f3 &#8220;Vamo Que Vamo&#8221; com apresenta\u00e7\u00f5es musicais e workshops de dan\u00e7a e m\u00fasica. Este ano, o evento tamb\u00e9m promove discuss\u00f5es importantes para o reconhecimento do Forr\u00f3 como Patrim\u00f4nio da Humanidade.<\/p>\n\n\n\n<figure class=\"wp-container-2 wp-block-gallery-1 wp-block-gallery has-nested-images columns-4 is-cropped\">\n<figure class=\"wp-block-image size-large\"><img width=\"1200\" height=\"1600\" data-id=\"9377\"  src=\"https:\/\/vimagazine.com.br\/wp-content\/uploads\/2023\/05\/Del-Feliz-na-Franca-3.jpeg\" alt=\"\" class=\"wp-image-9377\" srcset=\"https:\/\/vimagazine.com.br\/wp-content\/uploads\/2023\/05\/Del-Feliz-na-Franca-3.jpeg 1200w, https:\/\/vimagazine.com.br\/wp-content\/uploads\/2023\/05\/Del-Feliz-na-Franca-3-225x300.jpeg 225w, https:\/\/vimagazine.com.br\/wp-content\/uploads\/2023\/05\/Del-Feliz-na-Franca-3-768x1024.jpeg 768w, https:\/\/vimagazine.com.br\/wp-content\/uploads\/2023\/05\/Del-Feliz-na-Franca-3-1152x1536.jpeg 1152w, https:\/\/vimagazine.com.br\/wp-content\/uploads\/2023\/05\/Del-Feliz-na-Franca-3-1024x1365.jpeg 1024w\" sizes=\"(max-width: 1200px) 100vw, 1200px\" \/><\/figure>\n\n\n\n<figure class=\"wp-block-image size-large\"><img width=\"1200\" height=\"1600\" data-id=\"9376\"  src=\"https:\/\/vimagazine.com.br\/wp-content\/uploads\/2023\/05\/Del-Feliz-na-Franca-2.jpeg\" alt=\"\" class=\"wp-image-9376\" srcset=\"https:\/\/vimagazine.com.br\/wp-content\/uploads\/2023\/05\/Del-Feliz-na-Franca-2.jpeg 1200w, https:\/\/vimagazine.com.br\/wp-content\/uploads\/2023\/05\/Del-Feliz-na-Franca-2-225x300.jpeg 225w, https:\/\/vimagazine.com.br\/wp-content\/uploads\/2023\/05\/Del-Feliz-na-Franca-2-768x1024.jpeg 768w, https:\/\/vimagazine.com.br\/wp-content\/uploads\/2023\/05\/Del-Feliz-na-Franca-2-1152x1536.jpeg 1152w, https:\/\/vimagazine.com.br\/wp-content\/uploads\/2023\/05\/Del-Feliz-na-Franca-2-1024x1365.jpeg 1024w\" sizes=\"(max-width: 1200px) 100vw, 1200px\" \/><\/figure>\n\n\n\n<figure class=\"wp-block-image size-large\"><img width=\"1600\" height=\"1200\" data-id=\"9375\"  src=\"https:\/\/vimagazine.com.br\/wp-content\/uploads\/2023\/05\/Del-Feliz-na-Franca-1.jpeg\" alt=\"\" class=\"wp-image-9375\" srcset=\"https:\/\/vimagazine.com.br\/wp-content\/uploads\/2023\/05\/Del-Feliz-na-Franca-1.jpeg 1600w, https:\/\/vimagazine.com.br\/wp-content\/uploads\/2023\/05\/Del-Feliz-na-Franca-1-300x225.jpeg 300w, https:\/\/vimagazine.com.br\/wp-content\/uploads\/2023\/05\/Del-Feliz-na-Franca-1-1024x768.jpeg 1024w, https:\/\/vimagazine.com.br\/wp-content\/uploads\/2023\/05\/Del-Feliz-na-Franca-1-768x576.jpeg 768w, https:\/\/vimagazine.com.br\/wp-content\/uploads\/2023\/05\/Del-Feliz-na-Franca-1-1536x1152.jpeg 1536w\" sizes=\"(max-width: 1600px) 100vw, 1600px\" \/><\/figure>\n\n\n\n<figure class=\"wp-block-image size-large\"><img width=\"960\" height=\"1280\" data-id=\"9373\"  src=\"https:\/\/vimagazine.com.br\/wp-content\/uploads\/2023\/05\/Del-Feliz-na-Franca-6.jpeg\" alt=\"\" class=\"wp-image-9373\" srcset=\"https:\/\/vimagazine.com.br\/wp-content\/uploads\/2023\/05\/Del-Feliz-na-Franca-6.jpeg 960w, https:\/\/vimagazine.com.br\/wp-content\/uploads\/2023\/05\/Del-Feliz-na-Franca-6-225x300.jpeg 225w, https:\/\/vimagazine.com.br\/wp-content\/uploads\/2023\/05\/Del-Feliz-na-Franca-6-768x1024.jpeg 768w\" sizes=\"(max-width: 960px) 100vw, 960px\" \/><\/figure>\n<\/figure>\n\n\n\n<p>No \u00faltimo s\u00e1bado, o Gare Saint Sauveur, Esta\u00e7\u00e3o S\u00e3o Salvador, &nbsp;foi palco de um show super animado do cantor e compositor Del Feliz. O artista levou para o p\u00fablico franc\u00eas um pouco das riquezas da cultura nordestina e expressou seu contentamento em representar a Bahia e o Nordeste no primeiro evento oficial pelo tombamento do Forr\u00f3 como Patrim\u00f3nio Mundial: &nbsp;&#8220;Como baiano, sinto-me muito orgulhoso de participar desse momento hist\u00f3rico e representar os artistas nessa campanha, assim como fiz na luta pelo reconhecimento do Forr\u00f3 como Patrim\u00f4nio Cultural do Brasil\u201d-.&nbsp; As atra\u00e7\u00f5es Forr\u00f3 Quartier Brasil, Coisa de Z\u00e9, Nonato Lima e Jorge Roj\u00e3o tamb\u00e9m abrilhantaram o evento.<\/p>\n\n\n\n<figure class=\"wp-container-4 wp-block-gallery-3 wp-block-gallery has-nested-images columns-default is-cropped\">\n<figure class=\"wp-block-image size-large\"><img width=\"1600\" height=\"1200\" data-id=\"9372\"  src=\"https:\/\/vimagazine.com.br\/wp-content\/uploads\/2023\/05\/Del-Feliz-na-Franca-5.jpeg\" alt=\"\" class=\"wp-image-9372\" srcset=\"https:\/\/vimagazine.com.br\/wp-content\/uploads\/2023\/05\/Del-Feliz-na-Franca-5.jpeg 1600w, https:\/\/vimagazine.com.br\/wp-content\/uploads\/2023\/05\/Del-Feliz-na-Franca-5-300x225.jpeg 300w, https:\/\/vimagazine.com.br\/wp-content\/uploads\/2023\/05\/Del-Feliz-na-Franca-5-1024x768.jpeg 1024w, https:\/\/vimagazine.com.br\/wp-content\/uploads\/2023\/05\/Del-Feliz-na-Franca-5-768x576.jpeg 768w, https:\/\/vimagazine.com.br\/wp-content\/uploads\/2023\/05\/Del-Feliz-na-Franca-5-1536x1152.jpeg 1536w\" sizes=\"(max-width: 1600px) 100vw, 1600px\" \/><\/figure>\n\n\n\n<figure class=\"wp-block-image size-large\"><img width=\"1200\" height=\"1600\" data-id=\"9371\"  src=\"https:\/\/vimagazine.com.br\/wp-content\/uploads\/2023\/05\/Del-Feliz-na-Franca-4.jpeg\" alt=\"\" class=\"wp-image-9371\" srcset=\"https:\/\/vimagazine.com.br\/wp-content\/uploads\/2023\/05\/Del-Feliz-na-Franca-4.jpeg 1200w, https:\/\/vimagazine.com.br\/wp-content\/uploads\/2023\/05\/Del-Feliz-na-Franca-4-225x300.jpeg 225w, https:\/\/vimagazine.com.br\/wp-content\/uploads\/2023\/05\/Del-Feliz-na-Franca-4-768x1024.jpeg 768w, https:\/\/vimagazine.com.br\/wp-content\/uploads\/2023\/05\/Del-Feliz-na-Franca-4-1152x1536.jpeg 1152w, https:\/\/vimagazine.com.br\/wp-content\/uploads\/2023\/05\/Del-Feliz-na-Franca-4-1024x1365.jpeg 1024w\" sizes=\"(max-width: 1200px) 100vw, 1200px\" \/><\/figure>\n<\/figure>\n\n\n\n<p>O festival tamb\u00e9m conta com confer\u00eancias &nbsp;importantes &nbsp;na busca do t\u00edtulo de Patrim\u00f3nio Mundial para o forr\u00f3. Al\u00e9m&nbsp; de Del Feliz, tamb\u00e9m &nbsp;participam &nbsp;das palestras &nbsp;nomes como D. Joana Alves, presidente do F\u00f3rum Nacional do Forr\u00f3 de Raiz, Henrique Sampaio, diretor do projeto, e Denize Rocha, que presta assessoria aos movimentos de valoriza\u00e7\u00e3o do forr\u00f3 tradicional.<\/p>\n\n\n\n<p>Esse encontro na Fran\u00e7a &nbsp;\u00e9 um marco no progresso dos esfor\u00e7os para o reconhecimento do Forr\u00f3 como Patrim\u00f4nio da Humanidade.<\/p>\n","protected":false},"excerpt":{"rendered":"<p>A Companhia Biscoitinho tem sido um importante agente na promo\u00e7\u00e3o do interc\u00e2mbio cultural entre o&#8230;<\/p>\n","protected":false},"author":18,"featured_media":9374,"comment_status":"closed","ping_status":"open","sticky":false,"template":"","format":"standard","meta":{"om_disable_all_campaigns":false,"_monsterinsights_skip_tracking":false,"_monsterinsights_sitenote_active":false,"_monsterinsights_sitenote_note":"","_monsterinsights_sitenote_category":0,"spay_email":""},"categories":[1],"tags":[655,657,656,72,288,349],"jetpack_featured_media_url":"https:\/\/vimagazine.com.br\/wp-content\/uploads\/2023\/05\/Del-Feliz-na-Franca-7.jpeg","_links":{"self":[{"href":"https:\/\/vimagazine.com.br\/index.php?rest_route=\/wp\/v2\/posts\/9370"}],"collection":[{"href":"https:\/\/vimagazine.com.br\/index.php?rest_route=\/wp\/v2\/posts"}],"about":[{"href":"https:\/\/vimagazine.com.br\/index.php?rest_route=\/wp\/v2\/types\/post"}],"author":[{"embeddable":true,"href":"https:\/\/vimagazine.com.br\/index.php?rest_route=\/wp\/v2\/users\/18"}],"replies":[{"embeddable":true,"href":"https:\/\/vimagazine.com.br\/index.php?rest_route=%2Fwp%2Fv2%2Fcomments&post=9370"}],"version-history":[{"count":1,"href":"https:\/\/vimagazine.com.br\/index.php?rest_route=\/wp\/v2\/posts\/9370\/revisions"}],"predecessor-version":[{"id":9378,"href":"https:\/\/vimagazine.com.br\/index.php?rest_route=\/wp\/v2\/posts\/9370\/revisions\/9378"}],"wp:featuredmedia":[{"embeddable":true,"href":"https:\/\/vimagazine.com.br\/index.php?rest_route=\/wp\/v2\/media\/9374"}],"wp:attachment":[{"href":"https:\/\/vimagazine.com.br\/index.php?rest_route=%2Fwp%2Fv2%2Fmedia&parent=9370"}],"wp:term":[{"taxonomy":"category","embeddable":true,"href":"https:\/\/vimagazine.com.br\/index.php?rest_route=%2Fwp%2Fv2%2Fcategories&post=9370"},{"taxonomy":"post_tag","embeddable":true,"href":"https:\/\/vimagazine.com.br\/index.php?rest_route=%2Fwp%2Fv2%2Ftags&post=9370"}],"curies":[{"name":"wp","href":"https:\/\/api.w.org\/{rel}","templated":true}]}}