{"id":9379,"date":"2023-05-08T14:00:02","date_gmt":"2023-05-08T17:00:02","guid":{"rendered":"https:\/\/vimagazine.com.br\/?p=9379"},"modified":"2023-05-08T14:01:13","modified_gmt":"2023-05-08T17:01:13","slug":"delas-summit-2023-contara-com-grandes-nomes-do-empreendedorismo-feminino","status":"publish","type":"post","link":"https:\/\/vimagazine.com.br\/?p=9379","title":{"rendered":"Delas Summit 2023 contar\u00e1 com grandes nomes do empreendedorismo feminino"},"content":{"rendered":"\n<p class=\"has-text-align-center\"><em><strong>Carol Paiffer, Maria C\u00e2ndida e Chai Carioni apresentar\u00e3o insights para impulsionar neg\u00f3cios liderados por mulheres<\/strong><\/em><\/p>\n\n\n\n<p class=\"has-text-align-center\">Fomentar o empreendedorismo feminino, gerar conex\u00e3o, networking e fortalecer neg\u00f3cios liderados por mulheres \u00e9 o objetivo da 1\u00aa edi\u00e7\u00e3o do Delas Summit 2023.<\/p>\n\n\n\n<p class=\"has-text-align-center\"> O evento, idealizado pelo programa Sebrae Delas Mulher de Neg\u00f3cios, do Sebrae\/SC, ser\u00e1 no pr\u00f3ximo dia 12 de maio, no Expocentro Balne\u00e1rio Cambori\u00fa, e contar\u00e1 com a presen\u00e7a de nomes de impacto, como: Carol Paiffer, Maria C\u00e2ndida e Chai Carioni.\u00a0<\/p>\n\n\n\n<p class=\"has-text-align-center\">CEO da Atom Educacional e s\u00f3cia fundadora do Instituto \u00caxito de Empreendedorismo, Carol Paiffer atua no mercado financeiro desde 2005, com foco no day trade. Al\u00e9m disso, ela \u00e9 uma importante influenciadora para que outras mulheres invistam na bolsa de valores e conhe\u00e7am este mercado. <\/p>\n\n\n\n<p class=\"has-text-align-center\">No Delas Summit ela apresentar\u00e1 uma abordagem sobre \u201cComo ganhar dinheiro e continuar realizando seu prop\u00f3sito\u201d, alinhado ao autoconhecimento, comprometimento, controle emocional e conhecimento sobre o mercado para auxiliar as empreendedoras a tomar as r\u00e9deas sobre as suas decis\u00f5es.<\/p>\n\n\n\n<p class=\"has-text-align-center\">A jornalista Maria C\u00e2ndida, que atua no quadro Bem-Estar Menopausa, em um programa de TV, al\u00e9m de criar conte\u00fados femininos multiplataforma e ser autora do livro \u201cMulheres que Brilham\u201d, trar\u00e1 o tema \u201cSa\u00fade, bem-estar e estilo de vida, independentes da sua idade\u201d. C\u00e2ndida trabalha quest\u00f5es relacionadas ao etarismo, como quebrar os tabus da idade e observar este movimento de transforma\u00e7\u00e3o na vida, assim como questionar-se sobre o \u201ccomo\u201d vamos envelhecer. <\/p>\n\n\n\n<p class=\"has-text-align-center\">Com constata\u00e7\u00f5es reais ela demonstra que n\u00e3o existe outra forma que n\u00e3o seja atrav\u00e9s da sa\u00fade, da preven\u00e7\u00e3o, do autocuidado e do planejamento, transformando a qualidade de vida em pot\u00eancia produtiva no dia a dia do seu neg\u00f3cio.<\/p>\n\n\n\n<p class=\"has-text-align-center\">Outro destaque do Delas Summit 2023 \u00e9 Chai Carioni, empres\u00e1ria que atua na \u00e1rea de desenvolvimento humano, desde 2015, por meio de programas de lideran\u00e7a como o L\u00edder 4.0. <\/p>\n\n\n\n<p class=\"has-text-align-center\">Com conte\u00fados, ferramentas, mentorias e aulas sobre organiza\u00e7\u00e3o, produtividade, posicionamento, intelig\u00eancia emocional, comunica\u00e7\u00e3o e empreendedorismo ela trabalha as compet\u00eancias que cercam a lideran\u00e7a sist\u00eamica do ser humano. Na sua palestra ela falar\u00e1 sobre \u201cPaz, Pix, Palco e Pausa\u201d.<\/p>\n\n\n\n<p class=\"has-text-align-center\">Para Marina Barbieri, gestora do Sebrae Delas Mulher de Neg\u00f3cios, do Sebrae\/SC, o encontro ser\u00e1 uma oportunidade \u00fanica para impulsionar ainda mais o empreendedorismo feminino catarinense. \u201cInvestir no desenvolvimento das mulheres \u00e9 primordial para equalizarmos o espa\u00e7o delas no empreendedorismo e nos setores de inova\u00e7\u00e3o, por exemplo. Santa Catarina tem 17% de empreendedoras que j\u00e1 atuam por conta pr\u00f3pria no pr\u00f3prio neg\u00f3cio, o n\u00famero ainda \u00e9 pequeno, mas est\u00e1 acima da m\u00e9dia nacional. <\/p>\n\n\n\n<p class=\"has-text-align-center\">E o Delas Summit v\u00eam para trazer essa for\u00e7a e demonstrar que todas t\u00eam esse potencial de gerir uma empresa\u201d, destaca.\u00a0<\/p>\n\n\n\n<p class=\"has-text-align-center\">A programa\u00e7\u00e3o completa do Delas Summit 2023 est\u00e1 dispon\u00edvel no site <a href=\"https:\/\/delassummit.com.br\/\" target=\"_blank\" rel=\"noreferrer noopener\">https:\/\/delassummit.com.br\/<\/a>.<\/p>\n\n\n\n<p class=\"has-text-align-center\"> O evento ser\u00e1 no dia 12 de maio, das 13h \u00e0s 22h, em Balne\u00e1rio Cambori\u00fa.<\/p>\n\n\n\n<p class=\"has-text-align-center\">Fonte: Mariana Woj<\/p>\n","protected":false},"excerpt":{"rendered":"<p>Carol Paiffer, Maria C\u00e2ndida e Chai Carioni apresentar\u00e3o insights para impulsionar neg\u00f3cios liderados por mulheres&#8230;<\/p>\n","protected":false},"author":3,"featured_media":9380,"comment_status":"closed","ping_status":"open","sticky":false,"template":"","format":"standard","meta":{"om_disable_all_campaigns":false,"_monsterinsights_skip_tracking":false,"_monsterinsights_sitenote_active":false,"_monsterinsights_sitenote_note":"","_monsterinsights_sitenote_category":0,"spay_email":""},"categories":[1],"tags":[],"jetpack_featured_media_url":"https:\/\/vimagazine.com.br\/wp-content\/uploads\/2023\/05\/SEBRAE-DELAS.jpg","_links":{"self":[{"href":"https:\/\/vimagazine.com.br\/index.php?rest_route=\/wp\/v2\/posts\/9379"}],"collection":[{"href":"https:\/\/vimagazine.com.br\/index.php?rest_route=\/wp\/v2\/posts"}],"about":[{"href":"https:\/\/vimagazine.com.br\/index.php?rest_route=\/wp\/v2\/types\/post"}],"author":[{"embeddable":true,"href":"https:\/\/vimagazine.com.br\/index.php?rest_route=\/wp\/v2\/users\/3"}],"replies":[{"embeddable":true,"href":"https:\/\/vimagazine.com.br\/index.php?rest_route=%2Fwp%2Fv2%2Fcomments&post=9379"}],"version-history":[{"count":1,"href":"https:\/\/vimagazine.com.br\/index.php?rest_route=\/wp\/v2\/posts\/9379\/revisions"}],"predecessor-version":[{"id":9381,"href":"https:\/\/vimagazine.com.br\/index.php?rest_route=\/wp\/v2\/posts\/9379\/revisions\/9381"}],"wp:featuredmedia":[{"embeddable":true,"href":"https:\/\/vimagazine.com.br\/index.php?rest_route=\/wp\/v2\/media\/9380"}],"wp:attachment":[{"href":"https:\/\/vimagazine.com.br\/index.php?rest_route=%2Fwp%2Fv2%2Fmedia&parent=9379"}],"wp:term":[{"taxonomy":"category","embeddable":true,"href":"https:\/\/vimagazine.com.br\/index.php?rest_route=%2Fwp%2Fv2%2Fcategories&post=9379"},{"taxonomy":"post_tag","embeddable":true,"href":"https:\/\/vimagazine.com.br\/index.php?rest_route=%2Fwp%2Fv2%2Ftags&post=9379"}],"curies":[{"name":"wp","href":"https:\/\/api.w.org\/{rel}","templated":true}]}}