{"id":9387,"date":"2023-05-09T12:17:01","date_gmt":"2023-05-09T15:17:01","guid":{"rendered":"https:\/\/vimagazine.com.br\/?p=9387"},"modified":"2023-05-09T12:17:04","modified_gmt":"2023-05-09T15:17:04","slug":"renata-cavallieri-integra-o-elenco-de-o-musical-dos-musicais-em-cartaz-em-sao-paulo","status":"publish","type":"post","link":"https:\/\/vimagazine.com.br\/?p=9387","title":{"rendered":"Renata Cavallieri integra o elenco de \u201cO Musical dos Musicais\u201d em cartaz em S\u00e3o Paulo"},"content":{"rendered":"\n<p><em>A atriz Renata Cavallieri integra o elenco do espet\u00e1culo \u201cO Musical dos Musicais\u201d, sob dire\u00e7\u00e3o geral de Fernanda Chamma, em cartaz no Teatro Nair Bello, em S\u00e3o Paulo.<\/em><\/p>\n\n\n\n<p>\u201cO Musical dos Musicais\u201d re\u00fane jovens talentos e nomes consagrados do Teatro Musical em um formato \u00fanico de Pocket Show.&nbsp;Fosse, Anast\u00e1sia, Mamma Mia, Chicago, Hairspray, Les Miserables, Cabaret, Wicked, Grease, Newsies, Heathers, Matilda, Mean Girls, SIX, 13, Hamilton, entre outros famosos musicais far\u00e3o parte do tributo, apresentado no palco do Teatro Nair Bello.&nbsp;Durante a temporada o espet\u00e1culo contar\u00e1 com as participa\u00e7\u00f5es especiais como Ar\u00edzio Magalh\u00e3es, Arthur Berges, Ana Ara\u00fajo e Joyce Cosmo, al\u00e9m de alunos de escolas de dan\u00e7a e da Escola de Atores Wolf Maya. \u201cO Musical dos Musicais\u201d promete entretenimento para toda fam\u00edlia.<\/p>\n\n\n\n<p>Renata Cavallieri \u00e9 atriz, faz teatro desde 2018 e j\u00e1 atuou em pe\u00e7as como \u201cCad\u00ea a Crian\u00e7a que Tava Aqui?\u201d da Berro Produ\u00e7\u00f5es e \u201cEscola do Rock\u201d, do Est\u00fadio Broadway, sob dire\u00e7\u00e3o de Fernanda Chamma e \u201cSonho de uma Noite de Ver\u00e3o\u201d com dire\u00e7\u00e3o de Ivan Parente. Estuda canto, jazz, sapateado e interpreta\u00e7\u00e3o. J\u00e1 atuou em diversas dublagens.<\/p>\n\n\n\n<p><strong>Ficha t\u00e9cnica:<\/strong><\/p>\n\n\n\n<p>Dire\u00e7\u00e3o: Fernanda Chamma<\/p>\n\n\n\n<p>Dire\u00e7\u00e3o Musical: Vinicius Loyola e Catarina Marcato<\/p>\n\n\n\n<p>Coreografias: Nat\u00e1lia Antunes e Fran Ribeiro<\/p>\n\n\n\n<p>Dire\u00e7\u00e3o Residente: Manu Casado<\/p>\n\n\n\n<p>Design de Luz: Rodrigo Sawl<\/p>\n\n\n\n<p>Produ\u00e7\u00e3o: Ellen Sim\u00f5es<\/p>\n\n\n\n<p>Stage Manager: Eduardo Munhoz<\/p>\n\n\n\n<p><strong>Servi\u00e7o:<\/strong><\/p>\n\n\n\n<p><em>\u201cO Musical dos Musicais\u201d<\/em><\/p>\n\n\n\n<p>Curta Temporada<\/p>\n\n\n\n<p>At\u00e9 04 de junho de 2023<\/p>\n\n\n\n<p>Sextas-feiras e s\u00e1bados \u00e0s 21h e domingo \u00e0s 17h<\/p>\n\n\n\n<p>Teatro Nair Bello &#8211; Shopping Frei Caneca<\/p>\n\n\n\n<p>Ingressos entre R$50,00 e R$100,00<\/p>\n\n\n\n<p>Vendas online:&nbsp;<a href=\"https:\/\/bileto.sympla.com.br\/event\/82116\/d\/190679\/s\/1288897\" target=\"_blank\" rel=\"noreferrer noopener\">https:\/\/bileto.sympla.com.br\/event\/82116\/d\/190679\/s\/1288897<\/a><\/p>\n\n\n\n<p>Ou na bilheteria do Teatro Nair Bello<\/p>\n\n\n\n<p>May Calixto | Unic\u00f3rnio Assessoria e M\u00eddia<\/p>\n\n\n\n<p>Contato:&nbsp;<a href=\"mailto:unicornioassessoria@gmail.com\" target=\"_blank\" rel=\"noreferrer noopener\">unicornioassessoria@gmail.com<\/a><\/p>\n","protected":false},"excerpt":{"rendered":"<p>A atriz Renata Cavallieri integra o elenco do espet\u00e1culo \u201cO Musical dos Musicais\u201d, sob dire\u00e7\u00e3o&#8230;<\/p>\n","protected":false},"author":3,"featured_media":9388,"comment_status":"closed","ping_status":"open","sticky":false,"template":"","format":"standard","meta":{"om_disable_all_campaigns":false,"_monsterinsights_skip_tracking":false,"_monsterinsights_sitenote_active":false,"_monsterinsights_sitenote_note":"","_monsterinsights_sitenote_category":0,"spay_email":""},"categories":[1],"tags":[],"jetpack_featured_media_url":"https:\/\/vimagazine.com.br\/wp-content\/uploads\/2023\/05\/renata-e1683645356989.jpg","_links":{"self":[{"href":"https:\/\/vimagazine.com.br\/index.php?rest_route=\/wp\/v2\/posts\/9387"}],"collection":[{"href":"https:\/\/vimagazine.com.br\/index.php?rest_route=\/wp\/v2\/posts"}],"about":[{"href":"https:\/\/vimagazine.com.br\/index.php?rest_route=\/wp\/v2\/types\/post"}],"author":[{"embeddable":true,"href":"https:\/\/vimagazine.com.br\/index.php?rest_route=\/wp\/v2\/users\/3"}],"replies":[{"embeddable":true,"href":"https:\/\/vimagazine.com.br\/index.php?rest_route=%2Fwp%2Fv2%2Fcomments&post=9387"}],"version-history":[{"count":1,"href":"https:\/\/vimagazine.com.br\/index.php?rest_route=\/wp\/v2\/posts\/9387\/revisions"}],"predecessor-version":[{"id":9389,"href":"https:\/\/vimagazine.com.br\/index.php?rest_route=\/wp\/v2\/posts\/9387\/revisions\/9389"}],"wp:featuredmedia":[{"embeddable":true,"href":"https:\/\/vimagazine.com.br\/index.php?rest_route=\/wp\/v2\/media\/9388"}],"wp:attachment":[{"href":"https:\/\/vimagazine.com.br\/index.php?rest_route=%2Fwp%2Fv2%2Fmedia&parent=9387"}],"wp:term":[{"taxonomy":"category","embeddable":true,"href":"https:\/\/vimagazine.com.br\/index.php?rest_route=%2Fwp%2Fv2%2Fcategories&post=9387"},{"taxonomy":"post_tag","embeddable":true,"href":"https:\/\/vimagazine.com.br\/index.php?rest_route=%2Fwp%2Fv2%2Ftags&post=9387"}],"curies":[{"name":"wp","href":"https:\/\/api.w.org\/{rel}","templated":true}]}}