{"id":9425,"date":"2023-05-13T18:51:33","date_gmt":"2023-05-13T21:51:33","guid":{"rendered":"https:\/\/vimagazine.com.br\/?p=9425"},"modified":"2023-05-13T18:51:34","modified_gmt":"2023-05-13T21:51:34","slug":"6-premio-ceara-encena-o-grande-encontro-do-teatro-cearense-esta-de-volta","status":"publish","type":"post","link":"https:\/\/vimagazine.com.br\/?p=9425","title":{"rendered":"6\u00b0 Pr\u00eamio Cear\u00e1 Encena: O Grande Encontro do Teatro Cearense est\u00e1 de volta"},"content":{"rendered":"\n<p><strong><em>Grupo Arte de Viver volta a realizar a premia\u00e7\u00e3o no pr\u00f3ximo dia 16 de maio, \u00e0s 18h30, no Theatro Jos\u00e9 de Alencar.<\/em><\/strong><\/p>\n\n\n\n<p>O Grupo Arte de Viver tem a honra de anunciar a 6\u00aa edi\u00e7\u00e3o do Pr\u00eamio Cear\u00e1 Encena, que acontecer\u00e1 no dia 16 de maio, \u00e0s 18h30, no palco principal do Theatro Jos\u00e9 de Alencar. O evento, que j\u00e1 se consagrou como o grande encontro do teatro cearense, tem como objetivo reconhecer e valorizar aqueles que fizeram e fazem hist\u00f3ria na cena teatral cearense, dentro e fora dos palcos.<\/p>\n\n\n\n<p>Assim como nos anos anteriores, a solenidade contar\u00e1 com uma comiss\u00e3o julgadora formada por renomados profissionais do teatro cearense: Hiroldo Serra, Hemet\u00e9rio Segundo, Almeida J\u00fanior e Ueliton Rocon. A presen\u00e7a desses grandes nomes do teatro \u00e9 um indicativo da seriedade e da import\u00e2ncia do Pr\u00eamio Cear\u00e1 Em Cena para a cultura local.<\/p>\n\n\n\n<p>Outro destaque do evento ser\u00e1 a participa\u00e7\u00e3o especial de Dedim Gouveia J\u00fanior, que promete animar ainda mais a noite com sua arte e talento.<\/p>\n\n\n\n<p>O Grupo Arte de Viver, organizador do evento, refor\u00e7a o compromisso de valorizar e difundir a cultura cearense, e espera contar com a presen\u00e7a de todos os amantes do teatro e da cultura local para celebrar mais uma edi\u00e7\u00e3o do Pr\u00eamio Cear\u00e1 Encena.<\/p>\n\n\n\n<p><strong>ARTE DE VIVER&nbsp;<\/strong><\/p>\n\n\n\n<p>O Grupo Arte de Viver \u00e9 o organizador do Pr\u00eamio Cear\u00e1 Encena e, al\u00e9m disso, tem trabalhado incessantemente nos \u00faltimos anos para contribuir para o fortalecimento da cultura e do teatro cearense. Segundo o diretor do Pr\u00eamio Cear\u00e1 Encena, Hemet\u00e9rio Segundo, o Grupo Arte de Viver tem como projeto para os pr\u00f3ximos cinco anos consolidar ainda mais seus resultados no cen\u00e1rio teatral e art\u00edstico cearense, desbravar novos rumos para conquistar ainda mais seu p\u00fablico, contribuir para a forma\u00e7\u00e3o de novos artistas em seu estado e sensibilizar a sociedade sobre a import\u00e2ncia de se investir na arte, cultura e educa\u00e7\u00e3o.<\/p>\n\n\n\n<p>O Grupo Arte de Viver iniciou suas atividades no teatro em 1992, com uma pe\u00e7a de teatro escolar, A paix\u00e3o pelo teatro cresceu e a partir da\u00ed o grupo se consolidou e hoje \u00e9 uma refer\u00eancia no cen\u00e1rio teatral e art\u00edstico cearense.<\/p>\n\n\n\n<figure class=\"wp-block-image size-large\"><img width=\"1024\" height=\"683\" src=\"https:\/\/vimagazine.com.br\/wp-content\/uploads\/2023\/05\/IMG-20230508-WA0202-1024x683.jpg\" alt=\"\" class=\"wp-image-9427\" srcset=\"https:\/\/vimagazine.com.br\/wp-content\/uploads\/2023\/05\/IMG-20230508-WA0202-1024x683.jpg 1024w, https:\/\/vimagazine.com.br\/wp-content\/uploads\/2023\/05\/IMG-20230508-WA0202-300x200.jpg 300w, https:\/\/vimagazine.com.br\/wp-content\/uploads\/2023\/05\/IMG-20230508-WA0202-768x512.jpg 768w, https:\/\/vimagazine.com.br\/wp-content\/uploads\/2023\/05\/IMG-20230508-WA0202.jpg 1296w\" sizes=\"(max-width: 1024px) 100vw, 1024px\" \/><\/figure>\n\n\n\n<p>Com uma trajet\u00f3ria de sucesso no cen\u00e1rio teatral cearense, o Grupo Arte de Viver vem se destacando por sua capacidade de inovar e produzir obras que, al\u00e9m de entreter, s\u00e3o capazes de sensibilizar e transformar a sociedade. Com a chegada de uma nova d\u00e9cada, a equipe j\u00e1 come\u00e7a a se planejar para os pr\u00f3ximos cinco anos.<\/p>\n\n\n\n<p>Segundo o diretor art\u00edstico da companhia, o grupo pretende firmar ainda mais sua presen\u00e7a no cen\u00e1rio teatral e art\u00edstico cearense, conquistando p\u00fablicos cada vez maiores e diversificados. Al\u00e9m disso, a equipe deseja contribuir mais para a forma\u00e7\u00e3o de novos artistas no estado e sensibilizar a sociedade e o poder p\u00fablico sobre a import\u00e2ncia de se investir na arte e na cultura como elementos de primeira necessidade. Para o Grupo Arte de Viver, assim como a comida alimenta o corpo, a arte alimenta a alma e edifica o futuro.<\/p>\n\n\n\n<p><strong>HEMET\u00c9RIO SEGUNDO, 25 ANOS DE TEATRO<\/strong><\/p>\n\n\n\n<p>Hemet\u00e9rio Segundo, diretor do Grupo Arte de Viver e criador do Pr\u00eamio Cear\u00e1 Encena, est\u00e1 em festa, pelos seus 25 anos de teatro. &#8220;Esse \u00e9 um grande ano, 25 anos n\u00e3o s\u00e3o 25 dias, \u00e9 uma vida e merece ser celebrada. Na \u00e1rea educacional, a festa j\u00e1 come\u00e7ou, fui aprovado para fazer meu Doutorado em uma Institui\u00e7\u00e3o Federal de Ensino, o que muito me honra, principalmente depois de fazer e concluir diversas gradua\u00e7\u00f5es e especializa\u00e7\u00f5es nas \u00e1reas de arte, educa\u00e7\u00e3o e tecnologia, de ter tido a oportunidade de fazer meu Mestrado na Europa, agora chegar no maior est\u00e1gio acad\u00eamico em uma institui\u00e7\u00e3o p\u00fablica, para mim \u00e9 uma honra, um presente que vem coroar minha trajet\u00f3ria de luta pela educa\u00e7\u00e3o na sala de aula e sou muito grato por isso&#8221;, afirmou.<\/p>\n\n\n\n<p>Hemet\u00e9rio tamb\u00e9m acabou de estrear um novo programa como apresentador na r\u00e1dio FM Benfica, onde entrevista personalidades todas as semanas. &#8220;Recebi um convite para assumir um programa de r\u00e1dio que, na verdade, n\u00e3o \u00e9 apenas r\u00e1dio, mas uma WebTV pois o programa \u00e9 transmitido ao vivo, em som e imagem pela FM Benfica. Pra mim o convite veio como uma confirma\u00e7\u00e3o, pois no ano dos meus 25 anos de teatro e educa\u00e7\u00e3o, ser convidado para criar, apresentar e dirigir o nosso Hoje Tem, foi mais um sonho realizado&#8221;, completou Hemet\u00e9rio. O programa Hoje Tem vai ao ar na FM Benfica todas as sextas, ao vivo, das 18 \u00e0s 19h.<\/p>\n\n\n\n<figure class=\"wp-block-image size-large\"><img width=\"1024\" height=\"683\" src=\"https:\/\/vimagazine.com.br\/wp-content\/uploads\/2023\/05\/IMG-20230508-WA0203-1024x683.jpg\" alt=\"\" class=\"wp-image-9428\" srcset=\"https:\/\/vimagazine.com.br\/wp-content\/uploads\/2023\/05\/IMG-20230508-WA0203-1024x683.jpg 1024w, https:\/\/vimagazine.com.br\/wp-content\/uploads\/2023\/05\/IMG-20230508-WA0203-300x200.jpg 300w, https:\/\/vimagazine.com.br\/wp-content\/uploads\/2023\/05\/IMG-20230508-WA0203-768x512.jpg 768w, https:\/\/vimagazine.com.br\/wp-content\/uploads\/2023\/05\/IMG-20230508-WA0203.jpg 1296w\" sizes=\"(max-width: 1024px) 100vw, 1024px\" \/><\/figure>\n\n\n\n<p><strong>SERVI\u00c7O<\/strong><\/p>\n\n\n\n<p>6\u00b0 PR\u00caMIO CEAR\u00c1 ENCENA<\/p>\n\n\n\n<p>Dia 16 de maio, \u00e0s 18h30, no palco principal do Theatro Jos\u00e9 de Alencar.<\/p>\n\n\n\n<p>Entrada franca.<\/p>\n\n\n\n<p>Informa\u00e7\u00f5es: 85 99104-3360.<\/p>\n\n\n\n<p>ASSESSORIA DE IMPRENSA:<\/p>\n\n\n\n<p>Fernanda Leite &#8211; (85) 99714-8251<\/p>\n","protected":false},"excerpt":{"rendered":"<p>Grupo Arte de Viver volta a realizar a premia\u00e7\u00e3o no pr\u00f3ximo dia 16 de maio,&#8230;<\/p>\n","protected":false},"author":3,"featured_media":9426,"comment_status":"closed","ping_status":"open","sticky":false,"template":"","format":"standard","meta":{"om_disable_all_campaigns":false,"_monsterinsights_skip_tracking":false,"_monsterinsights_sitenote_active":false,"_monsterinsights_sitenote_note":"","_monsterinsights_sitenote_category":0,"spay_email":""},"categories":[1],"tags":[],"jetpack_featured_media_url":"https:\/\/vimagazine.com.br\/wp-content\/uploads\/2023\/05\/IMG-20230508-WA0200-e1684014616895.jpg","_links":{"self":[{"href":"https:\/\/vimagazine.com.br\/index.php?rest_route=\/wp\/v2\/posts\/9425"}],"collection":[{"href":"https:\/\/vimagazine.com.br\/index.php?rest_route=\/wp\/v2\/posts"}],"about":[{"href":"https:\/\/vimagazine.com.br\/index.php?rest_route=\/wp\/v2\/types\/post"}],"author":[{"embeddable":true,"href":"https:\/\/vimagazine.com.br\/index.php?rest_route=\/wp\/v2\/users\/3"}],"replies":[{"embeddable":true,"href":"https:\/\/vimagazine.com.br\/index.php?rest_route=%2Fwp%2Fv2%2Fcomments&post=9425"}],"version-history":[{"count":1,"href":"https:\/\/vimagazine.com.br\/index.php?rest_route=\/wp\/v2\/posts\/9425\/revisions"}],"predecessor-version":[{"id":9429,"href":"https:\/\/vimagazine.com.br\/index.php?rest_route=\/wp\/v2\/posts\/9425\/revisions\/9429"}],"wp:featuredmedia":[{"embeddable":true,"href":"https:\/\/vimagazine.com.br\/index.php?rest_route=\/wp\/v2\/media\/9426"}],"wp:attachment":[{"href":"https:\/\/vimagazine.com.br\/index.php?rest_route=%2Fwp%2Fv2%2Fmedia&parent=9425"}],"wp:term":[{"taxonomy":"category","embeddable":true,"href":"https:\/\/vimagazine.com.br\/index.php?rest_route=%2Fwp%2Fv2%2Fcategories&post=9425"},{"taxonomy":"post_tag","embeddable":true,"href":"https:\/\/vimagazine.com.br\/index.php?rest_route=%2Fwp%2Fv2%2Ftags&post=9425"}],"curies":[{"name":"wp","href":"https:\/\/api.w.org\/{rel}","templated":true}]}}