{"id":9430,"date":"2023-05-13T18:55:52","date_gmt":"2023-05-13T21:55:52","guid":{"rendered":"https:\/\/vimagazine.com.br\/?p=9430"},"modified":"2023-05-13T18:55:54","modified_gmt":"2023-05-13T21:55:54","slug":"thales-lessa-lanca-videoclipe-da-nova-versao-da-musica-cade-seu-namorado-moca","status":"publish","type":"post","link":"https:\/\/vimagazine.com.br\/?p=9430","title":{"rendered":"Thales Lessa lan\u00e7a videoclipe da nova vers\u00e3o da m\u00fasica \u201cCad\u00ea Seu Namorado Mo\u00e7a\u201d"},"content":{"rendered":"\n<p><em>Com a parceria &nbsp;do cantor Nadson O ferinha<\/em><\/p>\n\n\n\n<p>O cantor e compositor Thales Lessa, &nbsp;lan\u00e7a hoje (12\/05), o registro audiovisual&nbsp;da nova vers\u00e3o da m\u00fasica&nbsp;<strong>&#8220;Cad\u00ea Seu Namorado<\/strong>&nbsp;M<strong>o\u00e7a\u201d,&nbsp;<\/strong>gravado em Salvador- BA&nbsp;&#8211;&nbsp;em uma parceria in\u00e9dita com o cantor Nadson O ferinha.&nbsp;<\/p>\n\n\n\n<p>O single composi\u00e7\u00e3o de&nbsp;<strong>Thales Lessa<\/strong>&nbsp;faz parte do \u00e1lbum \u201cIn Casa\u201d, projeto lan\u00e7ado recentemente com um repert\u00f3rio diversificado de 15 can\u00e7\u00f5es in\u00e9ditas, produzidas por Juninho Melo e com a&nbsp; participa\u00e7\u00f5es&nbsp;especiais de:&nbsp;&nbsp;<strong>Gusttavo Lima, Bruno (da dupla com Marrone) e Diego &amp; Victor Hugo.&nbsp;<\/strong><\/p>\n\n\n\n<p>O cantor com personalidade, voz marcante e estilo \u00fanico vem se consolidando tamb\u00e9m&nbsp; no mercado musical como refer\u00eancia entre os compositores da m\u00fasica sertaneja, forr\u00f3 e tamb\u00e9m pagode. Suas m\u00fasicas s\u00e3o verdadeiros hits, com mais de 2.000 can\u00e7\u00f5es gravadas por artistas renomados. Entre elas podemos destacar:&nbsp;Caso Indefinido &#8211; Cristiano Ara\u00fajo \/ A Mala \u00e9 Falsa &#8211; Felipe Araujo \/ Aquela Pessoa &#8211; Henrique &amp; Juliano \/ Trincadinho &#8211; Jorge &amp; Mateus \/ Voc\u00ea N\u00e3o Me Conhece &#8211; Gusttavo Lima \/ Esque\u00e7a-me Se For Capaz &#8211; Maiara &amp; Mara\u00edsa e Marilia Mendon\u00e7a \/ N\u00e3o Sei o Que L\u00e1 &#8211; Maiara &amp; Mara\u00edsa e Mar\u00edlia Mendon\u00e7a \/ Ela e Ela &#8211; Z\u00e9 Neto &amp; Cristiano.<\/p>\n\n\n\n<p><strong><em>\u201cSobre a vers\u00e3o com o Nadson, foi um prazer gravar com ele, menino do bem e que de alguma forma tamb\u00e9m fez com que a nossa m\u00fasica fosse ouvida de outra forma, e quando entendi isso, fiz quest\u00e3o de convid\u00e1-lo para que esse sucesso ficasse marcado em nossas carreiras. O clipe foi perfeito, os atores foram cir\u00fargicos na atua\u00e7\u00e3o, &nbsp;fazendo com que a letra fosse ainda mais compreendida pelos admiradores da m\u00fasica e os que ainda n\u00e3o a conhecem. A ideia de gravar num ambiente de show, &nbsp;tamb\u00e9m foi incr\u00edvel, mostrando que a m\u00fasica funciona em praticamente todos os momentos, seja em casa, num bar, numa balada curtindo, seja num carro escutando de boa. Enfim, a m\u00fasica \u00e9 sucesso em qualquer situa\u00e7\u00e3o. Que todos abracem essa vers\u00e3o, assim como est\u00e3o abra\u00e7ando a grava\u00e7\u00e3o oficial com o Bruno e que a m\u00fasica continue fazendo o seu papel que \u00e9 tocar as pessoas.\u201d Enfatiza Thales .<\/em><\/strong><\/p>\n\n\n\n<p><strong><em>\u201cAcompanho o Thales h\u00e1 muitos anos e para mim \u00e9 a realiza\u00e7\u00e3o de um sonho lan\u00e7ar uma m\u00fasica nacionalmente ao lado dele\u201d. Comenta o cantor Nadson.<\/em><\/strong><\/p>\n\n\n\n<p>Vale conferir!&nbsp; Cad\u00ea Seu Namorado Mo\u00e7a<\/p>\n\n\n\n<figure class=\"wp-block-embed is-type-video is-provider-youtube wp-block-embed-youtube wp-embed-aspect-16-9 wp-has-aspect-ratio\"><div class=\"wp-block-embed__wrapper\">\n<iframe loading=\"lazy\" title=\"Cad\u00ea Seu Namorado Mo\u00e7a? Nadson Ferinha e Thales lessa (Seresta)\" width=\"640\" height=\"360\" src=\"https:\/\/www.youtube.com\/embed\/tUq_eDJG4Ro?feature=oembed\" frameborder=\"0\" allow=\"accelerometer; autoplay; clipboard-write; encrypted-media; gyroscope; picture-in-picture; web-share\" allowfullscreen><\/iframe>\n<\/div><\/figure>\n\n\n\n<p><strong>Para saber mais acesse:<\/strong><\/p>\n\n\n\n<figure class=\"wp-block-embed\"><div class=\"wp-block-embed__wrapper\">\nhttps:\/\/www.instagram.com\/thaleslessa\/\n<\/div><\/figure>\n\n\n\n<figure class=\"wp-block-embed\"><div class=\"wp-block-embed__wrapper\">\nhttps:\/\/www.youtube.com\/thaleslessa\n<\/div><\/figure>\n\n\n\n<figure class=\"wp-block-embed\"><div class=\"wp-block-embed__wrapper\">\nhttps:\/\/www.facebook.com\/thaleslessaoficial\n<\/div><\/figure>\n\n\n\n<figure class=\"wp-block-embed is-type-rich is-provider-twitter wp-block-embed-twitter\"><div class=\"wp-block-embed__wrapper\">\n<a class=\"twitter-timeline\" data-width=\"640\" data-height=\"960\" data-dnt=\"true\" href=\"https:\/\/twitter.com\/ThalesLessa_?ref_src=twsrc%5Etfw\">Tweets by ThalesLessa_<\/a><script async src=\"https:\/\/platform.twitter.com\/widgets.js\" charset=\"utf-8\"><\/script>\n<\/div><\/figure>\n\n\n\n<figure class=\"wp-block-embed\"><div class=\"wp-block-embed__wrapper\">\nhttps:\/\/tiktok.com\/@thaleslessa\n<\/div><\/figure>\n\n\n\n<p><strong>Fotos cr\u00e9dito \u2013 Divulga\u00e7\u00e3o&nbsp;<\/strong><\/p>\n\n\n\n<p>Assessoria de Imprensa<strong>&nbsp; &#8211;&nbsp;<\/strong>Fernanda Lara Rocca&nbsp;<\/p>\n\n\n\n<p>Divulga\u00e7\u00e3o de TV &#8211; Roberta Lucca<\/p>\n","protected":false},"excerpt":{"rendered":"<p>Com a parceria &nbsp;do cantor Nadson O ferinha O cantor e compositor Thales Lessa, &nbsp;lan\u00e7a&#8230;<\/p>\n","protected":false},"author":3,"featured_media":9431,"comment_status":"closed","ping_status":"open","sticky":false,"template":"","format":"standard","meta":{"om_disable_all_campaigns":false,"_monsterinsights_skip_tracking":false,"_monsterinsights_sitenote_active":false,"_monsterinsights_sitenote_note":"","_monsterinsights_sitenote_category":0,"spay_email":""},"categories":[1],"tags":[],"jetpack_featured_media_url":"https:\/\/vimagazine.com.br\/wp-content\/uploads\/2023\/05\/Divulgacao-3.jpg","_links":{"self":[{"href":"https:\/\/vimagazine.com.br\/index.php?rest_route=\/wp\/v2\/posts\/9430"}],"collection":[{"href":"https:\/\/vimagazine.com.br\/index.php?rest_route=\/wp\/v2\/posts"}],"about":[{"href":"https:\/\/vimagazine.com.br\/index.php?rest_route=\/wp\/v2\/types\/post"}],"author":[{"embeddable":true,"href":"https:\/\/vimagazine.com.br\/index.php?rest_route=\/wp\/v2\/users\/3"}],"replies":[{"embeddable":true,"href":"https:\/\/vimagazine.com.br\/index.php?rest_route=%2Fwp%2Fv2%2Fcomments&post=9430"}],"version-history":[{"count":1,"href":"https:\/\/vimagazine.com.br\/index.php?rest_route=\/wp\/v2\/posts\/9430\/revisions"}],"predecessor-version":[{"id":9432,"href":"https:\/\/vimagazine.com.br\/index.php?rest_route=\/wp\/v2\/posts\/9430\/revisions\/9432"}],"wp:featuredmedia":[{"embeddable":true,"href":"https:\/\/vimagazine.com.br\/index.php?rest_route=\/wp\/v2\/media\/9431"}],"wp:attachment":[{"href":"https:\/\/vimagazine.com.br\/index.php?rest_route=%2Fwp%2Fv2%2Fmedia&parent=9430"}],"wp:term":[{"taxonomy":"category","embeddable":true,"href":"https:\/\/vimagazine.com.br\/index.php?rest_route=%2Fwp%2Fv2%2Fcategories&post=9430"},{"taxonomy":"post_tag","embeddable":true,"href":"https:\/\/vimagazine.com.br\/index.php?rest_route=%2Fwp%2Fv2%2Ftags&post=9430"}],"curies":[{"name":"wp","href":"https:\/\/api.w.org\/{rel}","templated":true}]}}