{"id":9433,"date":"2023-05-15T00:01:08","date_gmt":"2023-05-15T03:01:08","guid":{"rendered":"https:\/\/vimagazine.com.br\/?p=9433"},"modified":"2023-05-15T00:01:12","modified_gmt":"2023-05-15T03:01:12","slug":"feliz-dia-das-maes","status":"publish","type":"post","link":"https:\/\/vimagazine.com.br\/?p=9433","title":{"rendered":"\u201cFeliz Dia das M\u00e3es!\u201d"},"content":{"rendered":"\n<p><\/p>\n\n\n\n<p>No dia 29\/05 completar\u00e3o 18 anos que a mulher mais fant\u00e1stica que conheci partiu! Trata-se de Brasilina Maria de Jesus Costa. Uma mulher empoderada, de um car\u00e1ter impec\u00e1vel, de uma retid\u00e3o incr\u00edvel e que marcou a sua exist\u00eancia fazendo a diferen\u00e7a!<\/p>\n\n\n\n<p>Falar sobre a falta que ela me faz, da imensa e profunda saudade que tenho no meu cora\u00e7\u00e3o das nossas conversas e orienta\u00e7\u00f5es que ela me dava, sem d\u00favidas, \u00e9 algo que jamais tive e terei como mensurar. Hoje, Dia das M\u00e3es, obviamente que todas as lembran\u00e7as se afloram e a emo\u00e7\u00e3o passa a ser uma constante. Contudo, compartilho com todos que me seguem, que nada me deixa t\u00e3o feliz quanto o fato de ter em vida demonstrado com atitudes o meu grande e infinito amor por ela. Portanto, voc\u00ea a\u00ed que tem a sua m\u00e3ezinha viva d\u00ea valor a ela, agora neste exato segundo, a come\u00e7ar por dizer: um eu te amo e externar a gratid\u00e3o por tudo que ela te fez e faz, na pr\u00e1tica do dia a dia, a tratando com todo o zelo e amor!<\/p>\n\n\n\n<p>Minha saudosa av\u00f3 paterna, sempre me dizia que o que ela mais prezava era por ganhar flores em vida. Ou seja, carinho, respeito e reconhecimento enquanto ela estivesse neste plano f\u00edsico, pois para ela de nada adiantaria p\u00f4r flores, coroas de flores e dizer que amamos algu\u00e9m ap\u00f3s a morte. Minha av\u00f3 que foi minha m\u00e3e, que me criou com tanto esmero, tinha uma sabedoria sem igual e isso me norteou e norteia at\u00e9 hoje. Esta sim foi m\u00e3e de verdade, n\u00e3o uma m\u00e3e da boca para fora, pois nunca soltou a minha m\u00e3o seja nos bons ou nos mais desafiadores momentos.<\/p>\n\n\n\n<p>Uma das coisas que eu disse a ela antes do seu falecimento foi que enquanto vida eu tivesse, falaria dela pelos quatro cantos deste mundo e isso \u00e9 o que fa\u00e7o com tanto amor que nem as palavras s\u00e3o suficientes para descrever a devida relev\u00e2ncia dos meus sentimentos por ela, que extrapolam as fronteiras do comum, simples, banal e trivial. Trata-se de um amor que ultrapassa a morte e que vive at\u00e9 hoje.<\/p>\n\n\n\n<p>Atrav\u00e9s da homenagem que fa\u00e7o in memoriam a minha av\u00f3, felicito todas as mam\u00e3es do Brasil e do mundo!! Deus as aben\u00e7oe!! Feliz Dia das M\u00e3es!!!<\/p>\n\n\n\n<p>Imagem: arquivo pessoal<\/p>\n","protected":false},"excerpt":{"rendered":"<p>No dia 29\/05 completar\u00e3o 18 anos que a mulher mais fant\u00e1stica que conheci partiu! Trata-se&#8230;<\/p>\n","protected":false},"author":2,"featured_media":9434,"comment_status":"closed","ping_status":"open","sticky":false,"template":"","format":"standard","meta":{"om_disable_all_campaigns":false,"_monsterinsights_skip_tracking":false,"_monsterinsights_sitenote_active":false,"_monsterinsights_sitenote_note":"","_monsterinsights_sitenote_category":0,"spay_email":""},"categories":[27,55],"tags":[671,672],"jetpack_featured_media_url":"https:\/\/vimagazine.com.br\/wp-content\/uploads\/2023\/05\/762bd3d1-34cf-46fc-bc2c-8c8bd3e62d0e.jpg","_links":{"self":[{"href":"https:\/\/vimagazine.com.br\/index.php?rest_route=\/wp\/v2\/posts\/9433"}],"collection":[{"href":"https:\/\/vimagazine.com.br\/index.php?rest_route=\/wp\/v2\/posts"}],"about":[{"href":"https:\/\/vimagazine.com.br\/index.php?rest_route=\/wp\/v2\/types\/post"}],"author":[{"embeddable":true,"href":"https:\/\/vimagazine.com.br\/index.php?rest_route=\/wp\/v2\/users\/2"}],"replies":[{"embeddable":true,"href":"https:\/\/vimagazine.com.br\/index.php?rest_route=%2Fwp%2Fv2%2Fcomments&post=9433"}],"version-history":[{"count":1,"href":"https:\/\/vimagazine.com.br\/index.php?rest_route=\/wp\/v2\/posts\/9433\/revisions"}],"predecessor-version":[{"id":9435,"href":"https:\/\/vimagazine.com.br\/index.php?rest_route=\/wp\/v2\/posts\/9433\/revisions\/9435"}],"wp:featuredmedia":[{"embeddable":true,"href":"https:\/\/vimagazine.com.br\/index.php?rest_route=\/wp\/v2\/media\/9434"}],"wp:attachment":[{"href":"https:\/\/vimagazine.com.br\/index.php?rest_route=%2Fwp%2Fv2%2Fmedia&parent=9433"}],"wp:term":[{"taxonomy":"category","embeddable":true,"href":"https:\/\/vimagazine.com.br\/index.php?rest_route=%2Fwp%2Fv2%2Fcategories&post=9433"},{"taxonomy":"post_tag","embeddable":true,"href":"https:\/\/vimagazine.com.br\/index.php?rest_route=%2Fwp%2Fv2%2Ftags&post=9433"}],"curies":[{"name":"wp","href":"https:\/\/api.w.org\/{rel}","templated":true}]}}