{"id":9450,"date":"2023-05-17T14:06:33","date_gmt":"2023-05-17T17:06:33","guid":{"rendered":"https:\/\/vimagazine.com.br\/?p=9450"},"modified":"2023-05-17T14:06:38","modified_gmt":"2023-05-17T17:06:38","slug":"dupla-sertaneja-andre-adriano-anuncia-retorno-aos-palcos-do-brasil","status":"publish","type":"post","link":"https:\/\/vimagazine.com.br\/?p=9450","title":{"rendered":"Dupla sertaneja \u201cAndr\u00e9 &#038; Adriano\u201d anuncia retorno aos palcos do Brasil"},"content":{"rendered":"\n<p><\/p>\n\n\n\n<p class=\"has-medium-font-size\"><em><strong>Ap\u00f3s uma pausa de 10 anos na carreira, m\u00fasicos retomam trabalho juntos trazendo novidades para o p\u00fablico.<\/strong><\/em><\/p>\n\n\n\n<p class=\"has-medium-font-size\"><\/p>\n\n\n\n<p class=\"has-medium-font-size\">Os f\u00e3s da boa m\u00fasica sertaneja j\u00e1 podem celebrar uma excelente not\u00edcia. Ap\u00f3s um hiato de uma d\u00e9cada dedicado a projetos pessoais, os m\u00fasicos Andr\u00e9 &amp; Adriano retomam a forma\u00e7\u00e3o da dupla que marcou presen\u00e7a em eventos e palcos de todo o pa\u00eds e no exterior. Com cinco \u00e1lbuns e um DVD lan\u00e7ados, e muitos sucessos na bagagem, como \u201cA Jiripoca Vai Piar\u201d, \u201cBeber, Cair e Levantar\u201d, \u201cPancad\u00e3o ou Sertanejo\u201d, \u201cAmei\u201d, \u201cSacramentado\u201d, \u201cDose de Paix\u00e3o\u201d, \u201c\u00c1gua de Coco\u201d e \u201cVou Gastar Meus 10 Reais\u201d (que fez parte da trilha sonora da s\u00e9rie <em>Carga Pesada,<\/em> da Rede Globo), Andr\u00e9 &amp; Adriano j\u00e1 realizaram parceria com grandes nomes do sertanejo ao longo da carreira, como Rionegro &amp; Solim\u00f5es, L\u00e9o Magalh\u00e3es e Gino &amp; Geno.&nbsp;<\/p>\n\n\n\n<p class=\"has-medium-font-size\">Com o retorno da dupla confirmado, o p\u00fablico j\u00e1 pode aguardar o lan\u00e7amento do \u00e1lbum \u201cSimpr\u00e3o de Tudo\u201d ainda neste semestre e da turn\u00ea \u201cNa Estrada com Andr\u00e9 &amp; Adriano \u2013 Simpr\u00e3o de Tudo\u201d, que ter\u00e1 in\u00edcio no dia 8 de julho na cidade de Rinc\u00e3o-SP.<\/p>\n\n\n\n<p class=\"has-medium-font-size\">Uma outra novidade recente da dupla \u00e9 que o artista Eduardo Costa acaba de regravar o sucesso \u201cOlha Eu Aqui\u201d, lan\u00e7ada por Andr\u00e9 &amp; Adriano em 1999, e o artista escolheu o nome desta can\u00e7\u00e3o para o seu novo \u00e1lbum.<\/p>\n\n\n\n<p class=\"has-medium-font-size\">\u201cNossas expectativas nesse retorno como dupla s\u00e3o as melhores poss\u00edveis. Est\u00e1vamos h\u00e1 muito tempo longe dos palcos e costumo dizer que o palco \u00e9 a nossa segunda casa! F\u00e3s de todo o Brasil que conhecem a nossa hist\u00f3ria esperaram nosso retorno. Nosso compromisso \u00e9 com esses f\u00e3s, que torcem pelo nosso sucesso. Esperamos levar alegria e muita paz atrav\u00e9s da nossa m\u00fasica, que sempre foi a marca do nosso trabalho\u201d, comenta Adriano, primeira voz da dupla.&nbsp;&nbsp;&nbsp;<\/p>\n\n\n\n<p class=\"has-medium-font-size\">A carreira da dupla Andr\u00e9 &amp; Adriano conta com a gest\u00e3o da JAM Produ\u00e7\u00f5es. Para acompanhar a carreira e a agenda da dupla Andr\u00e9 &amp; Adriano, siga:<\/p>\n\n\n\n<p><a href=\"https:\/\/www.instagram.com\/andreeadriano_real\/\">https:\/\/www.instagram.com\/andreeadriano_real\/<\/a><\/p>\n\n\n\n<p><a href=\"https:\/\/pt-br.facebook.com\/AndreeAdrianoAVolta\/\">https:\/\/pt-br.facebook.com\/AndreeAdrianoAVolta\/<\/a><\/p>\n\n\n\n<p>Visite: <a href=\"https:\/\/www.andreeadriano.com.br\/\">https:\/\/www.andreeadriano.com.br\/<\/a>&nbsp;<\/p>\n\n\n\n<p class=\"has-medium-font-size\"><strong>Sobre a dupla Andr\u00e9 &amp; Adriano&nbsp;<\/strong><\/p>\n\n\n\n<p class=\"has-medium-font-size\">A dupla Andr\u00e9 &amp; Adriano gravou o primeiro trabalho em 1994 (ainda vinil) entituado &#8220;Toque de M\u00e1gica&#8221;. Com produc\u00e3o independente e distribui\u00e7\u00e3o da San Francisco Discos, destacou-se nesse disco a faixa que d\u00e1 nome ao trabalho, &#8220;Toque de M\u00e1gica&#8221;. \u200b<\/p>\n\n\n\n<p class=\"has-medium-font-size\">Al\u00e9m do sucesso &#8220;A Jiripoca Vai Piar&#8221;, a dupla emplacou v\u00e1rios outros sucessos, tais como: &#8220;Rapadura&#8221;, &#8220;Sertanejo ou Pancad\u00e3o (com a participa\u00e7\u00e3o de Latino), &#8220;Voc\u00ea N\u00e3o Vale Nada&#8221;, &#8220;Vai&#8221;, &#8220;Sacramentado&#8221;, &#8220;Amei&#8221; e \u00e9 claro o grande sucesso da dupla &#8220;Beber, Cair e Levantar&#8221;, que alcan\u00e7ou o primeiro lugar em todas as r\u00e1dios do Brasil e em v\u00e1rios pa\u00edses, dentre eles Portugal.<\/p>\n\n\n\n<p class=\"has-medium-font-size\">&nbsp;As m\u00fasicas de Andr\u00e9 &amp; Adriano foram regravadas por outros artistas, como: &#8220;Al\u00f4 Porteiro&#8221; gravada por Mar\u00edlia Mendon\u00e7a, &#8220;A Fila Anda&#8221; por Leonardo e &#8220;A Jiripoca Vai Piar&#8221;, gravada por Daniel.<\/p>\n\n\n\n<p class=\"has-medium-font-size\"><strong>\u200b<\/strong><\/p>\n\n\n\n<p class=\"has-medium-font-size\"><strong>Sobre a JAM Produ\u00e7\u00f5es<\/strong><\/p>\n\n\n\n<p class=\"has-medium-font-size\">Fundada em 1987 por Jos\u00e9 Adolfo Medeiros, a JAM Produ\u00e7\u00f5es \u00e9 uma empresa que trabalha na \u00e1rea de arte entretenimento, com foco na gest\u00e3o de carreiras art\u00edsticas. Respons\u00e1vel por toda a negocia\u00e7\u00e3o do evento, desde a divulga\u00e7\u00e3o at\u00e9 a realiza\u00e7\u00e3o do show em feiras, exposi\u00e7\u00f5es, eventos corporativos e festas de pe\u00e3o, a JAM Produ\u00e7\u00f5es trabalha com artistas de diferentes segmentos, com um foco mais presente no sertanejo. No portif\u00f3lio atual de artistas, destacam-se: Andr\u00e9 &amp; Adriano, Felipe &amp; Ferrari, Gutto Barbosa e Mazinho Quevedo &amp; Adrielli. A empresa j\u00e1 realizou diversas turn\u00eas internacionais em pa\u00edses como Holanda, B\u00e9lgica, It\u00e1lia, Inglaterra, Fran\u00e7a e estabeleceu parcerias com promotores de eventos de renome que atuam fora do pa\u00eds.&nbsp;<\/p>\n\n\n\n<p class=\"has-medium-font-size\">Para saber mais sobre a JAM Produ\u00e7\u00f5es, visite: <a href=\"https:\/\/www.jamproducoes.com\/\">https:\/\/www.jamproducoes.com\/<\/a>\u00a0<br><\/p>\n\n\n\n<p>Por: M\u00e1rcia Ara\u00fajo (assessoria de impresnsa)<\/p>\n","protected":false},"excerpt":{"rendered":"<p>Ap\u00f3s uma pausa de 10 anos na carreira, m\u00fasicos retomam trabalho juntos trazendo novidades para&#8230;<\/p>\n","protected":false},"author":1,"featured_media":9451,"comment_status":"closed","ping_status":"open","sticky":false,"template":"","format":"standard","meta":{"om_disable_all_campaigns":false,"_monsterinsights_skip_tracking":false,"_monsterinsights_sitenote_active":false,"_monsterinsights_sitenote_note":"","_monsterinsights_sitenote_category":0,"spay_email":""},"categories":[27],"tags":[],"jetpack_featured_media_url":"https:\/\/vimagazine.com.br\/wp-content\/uploads\/2023\/05\/8e95b03b-8e94-43b2-bf81-a8e0a281c1eb.jpg","_links":{"self":[{"href":"https:\/\/vimagazine.com.br\/index.php?rest_route=\/wp\/v2\/posts\/9450"}],"collection":[{"href":"https:\/\/vimagazine.com.br\/index.php?rest_route=\/wp\/v2\/posts"}],"about":[{"href":"https:\/\/vimagazine.com.br\/index.php?rest_route=\/wp\/v2\/types\/post"}],"author":[{"embeddable":true,"href":"https:\/\/vimagazine.com.br\/index.php?rest_route=\/wp\/v2\/users\/1"}],"replies":[{"embeddable":true,"href":"https:\/\/vimagazine.com.br\/index.php?rest_route=%2Fwp%2Fv2%2Fcomments&post=9450"}],"version-history":[{"count":1,"href":"https:\/\/vimagazine.com.br\/index.php?rest_route=\/wp\/v2\/posts\/9450\/revisions"}],"predecessor-version":[{"id":9452,"href":"https:\/\/vimagazine.com.br\/index.php?rest_route=\/wp\/v2\/posts\/9450\/revisions\/9452"}],"wp:featuredmedia":[{"embeddable":true,"href":"https:\/\/vimagazine.com.br\/index.php?rest_route=\/wp\/v2\/media\/9451"}],"wp:attachment":[{"href":"https:\/\/vimagazine.com.br\/index.php?rest_route=%2Fwp%2Fv2%2Fmedia&parent=9450"}],"wp:term":[{"taxonomy":"category","embeddable":true,"href":"https:\/\/vimagazine.com.br\/index.php?rest_route=%2Fwp%2Fv2%2Fcategories&post=9450"},{"taxonomy":"post_tag","embeddable":true,"href":"https:\/\/vimagazine.com.br\/index.php?rest_route=%2Fwp%2Fv2%2Ftags&post=9450"}],"curies":[{"name":"wp","href":"https:\/\/api.w.org\/{rel}","templated":true}]}}