{"id":9462,"date":"2023-05-17T14:41:53","date_gmt":"2023-05-17T17:41:53","guid":{"rendered":"https:\/\/vimagazine.com.br\/?p=9462"},"modified":"2023-05-17T14:43:10","modified_gmt":"2023-05-17T17:43:10","slug":"bukassa-kabengele-participa-como-ator-e-cantor-no-premio-slim-da-cultura-negra","status":"publish","type":"post","link":"https:\/\/vimagazine.com.br\/?p=9462","title":{"rendered":"Bukassa Kabengele participa como ator e cantor no Pr\u00eamio Slim da Cultura Negra"},"content":{"rendered":"\n<p><\/p>\n\n\n\n<p>O ator e cantor Bukassa Kabengele, que protagoniza o promotor Silvio na novela das 18h00 da TV Globo \u201cAmor Perfeito,&#8221; participou do Pr\u00eamio Slim da Cultura Negra com Fabr\u00edcio Boliviera, \u00cdcaro Silva, apresenta\u00e7\u00e3o da Sharon Menezes nos Studiosglobo.<\/p>\n\n\n\n<p>Bukassa, al\u00e9m de declamar um texto de Martin Lutter King, ainda apresentou um show musical de tirar o folego e arrancar aplausos da plateia. <\/p>\n\n\n\n<p><br><\/p>\n\n\n\n<figure class=\"wp-container-2 wp-block-gallery-1 wp-block-gallery has-nested-images columns-default is-cropped\">\n<figure class=\"wp-block-image size-large\"><img width=\"1200\" height=\"1600\" data-id=\"9464\"  src=\"https:\/\/vimagazine.com.br\/wp-content\/uploads\/2023\/05\/PHOTO-2023-05-11-19-12-08.jpg\" alt=\"\" class=\"wp-image-9464\" srcset=\"https:\/\/vimagazine.com.br\/wp-content\/uploads\/2023\/05\/PHOTO-2023-05-11-19-12-08.jpg 1200w, https:\/\/vimagazine.com.br\/wp-content\/uploads\/2023\/05\/PHOTO-2023-05-11-19-12-08-225x300.jpg 225w, https:\/\/vimagazine.com.br\/wp-content\/uploads\/2023\/05\/PHOTO-2023-05-11-19-12-08-768x1024.jpg 768w, https:\/\/vimagazine.com.br\/wp-content\/uploads\/2023\/05\/PHOTO-2023-05-11-19-12-08-1152x1536.jpg 1152w, https:\/\/vimagazine.com.br\/wp-content\/uploads\/2023\/05\/PHOTO-2023-05-11-19-12-08-1024x1365.jpg 1024w\" sizes=\"(max-width: 1200px) 100vw, 1200px\" \/><\/figure>\n\n\n\n<figure class=\"wp-block-image size-large\"><img width=\"720\" height=\"1600\" data-id=\"9465\"  src=\"https:\/\/vimagazine.com.br\/wp-content\/uploads\/2023\/05\/O-Ex-BBB-Fred-Nicacio-e-o-ator-e-cantor-Bukassa-PHOTO-2023-05-11-19-12-08_8.jpg\" alt=\"\" class=\"wp-image-9465\" srcset=\"https:\/\/vimagazine.com.br\/wp-content\/uploads\/2023\/05\/O-Ex-BBB-Fred-Nicacio-e-o-ator-e-cantor-Bukassa-PHOTO-2023-05-11-19-12-08_8.jpg 720w, https:\/\/vimagazine.com.br\/wp-content\/uploads\/2023\/05\/O-Ex-BBB-Fred-Nicacio-e-o-ator-e-cantor-Bukassa-PHOTO-2023-05-11-19-12-08_8-135x300.jpg 135w, https:\/\/vimagazine.com.br\/wp-content\/uploads\/2023\/05\/O-Ex-BBB-Fred-Nicacio-e-o-ator-e-cantor-Bukassa-PHOTO-2023-05-11-19-12-08_8-461x1024.jpg 461w, https:\/\/vimagazine.com.br\/wp-content\/uploads\/2023\/05\/O-Ex-BBB-Fred-Nicacio-e-o-ator-e-cantor-Bukassa-PHOTO-2023-05-11-19-12-08_8-691x1536.jpg 691w\" sizes=\"(max-width: 720px) 100vw, 720px\" \/><figcaption>O Ex BBB Fred Nicacio e o ator e cantor Bukassa<\/figcaption><\/figure>\n<\/figure>\n\n\n\n<figure class=\"wp-block-image size-full\"><img width=\"794\" height=\"847\" src=\"https:\/\/vimagazine.com.br\/wp-content\/uploads\/2023\/05\/Bukassa-cantando-na-Premiacao-thumbnail-13.jpg\" alt=\"\" class=\"wp-image-9466\" srcset=\"https:\/\/vimagazine.com.br\/wp-content\/uploads\/2023\/05\/Bukassa-cantando-na-Premiacao-thumbnail-13.jpg 794w, https:\/\/vimagazine.com.br\/wp-content\/uploads\/2023\/05\/Bukassa-cantando-na-Premiacao-thumbnail-13-281x300.jpg 281w, https:\/\/vimagazine.com.br\/wp-content\/uploads\/2023\/05\/Bukassa-cantando-na-Premiacao-thumbnail-13-768x819.jpg 768w\" sizes=\"(max-width: 794px) 100vw, 794px\" \/><\/figure>\n\n\n\n<p>Fabio Rios Agenciamento<\/p>\n\n\n\n<p>Dgassessoria<\/p>\n","protected":false},"excerpt":{"rendered":"<p>O ator e cantor Bukassa Kabengele, que protagoniza o promotor Silvio na novela das 18h00&#8230;<\/p>\n","protected":false},"author":1,"featured_media":9468,"comment_status":"closed","ping_status":"open","sticky":false,"template":"","format":"standard","meta":{"om_disable_all_campaigns":false,"_monsterinsights_skip_tracking":false,"_monsterinsights_sitenote_active":false,"_monsterinsights_sitenote_note":"","_monsterinsights_sitenote_category":0,"spay_email":""},"categories":[26],"tags":[],"jetpack_featured_media_url":"https:\/\/vimagazine.com.br\/wp-content\/uploads\/2023\/05\/PHOTO-2023-05-11-19-12-08_5-1.jpg","_links":{"self":[{"href":"https:\/\/vimagazine.com.br\/index.php?rest_route=\/wp\/v2\/posts\/9462"}],"collection":[{"href":"https:\/\/vimagazine.com.br\/index.php?rest_route=\/wp\/v2\/posts"}],"about":[{"href":"https:\/\/vimagazine.com.br\/index.php?rest_route=\/wp\/v2\/types\/post"}],"author":[{"embeddable":true,"href":"https:\/\/vimagazine.com.br\/index.php?rest_route=\/wp\/v2\/users\/1"}],"replies":[{"embeddable":true,"href":"https:\/\/vimagazine.com.br\/index.php?rest_route=%2Fwp%2Fv2%2Fcomments&post=9462"}],"version-history":[{"count":1,"href":"https:\/\/vimagazine.com.br\/index.php?rest_route=\/wp\/v2\/posts\/9462\/revisions"}],"predecessor-version":[{"id":9467,"href":"https:\/\/vimagazine.com.br\/index.php?rest_route=\/wp\/v2\/posts\/9462\/revisions\/9467"}],"wp:featuredmedia":[{"embeddable":true,"href":"https:\/\/vimagazine.com.br\/index.php?rest_route=\/wp\/v2\/media\/9468"}],"wp:attachment":[{"href":"https:\/\/vimagazine.com.br\/index.php?rest_route=%2Fwp%2Fv2%2Fmedia&parent=9462"}],"wp:term":[{"taxonomy":"category","embeddable":true,"href":"https:\/\/vimagazine.com.br\/index.php?rest_route=%2Fwp%2Fv2%2Fcategories&post=9462"},{"taxonomy":"post_tag","embeddable":true,"href":"https:\/\/vimagazine.com.br\/index.php?rest_route=%2Fwp%2Fv2%2Ftags&post=9462"}],"curies":[{"name":"wp","href":"https:\/\/api.w.org\/{rel}","templated":true}]}}