{"id":9513,"date":"2023-05-24T20:24:33","date_gmt":"2023-05-24T23:24:33","guid":{"rendered":"https:\/\/vimagazine.com.br\/?p=9513"},"modified":"2023-05-26T14:03:25","modified_gmt":"2023-05-26T17:03:25","slug":"musical-infantil-produzido-em-joinville-estreia-nesta-quinta-feira","status":"publish","type":"post","link":"https:\/\/vimagazine.com.br\/?p=9513","title":{"rendered":"Musical infantil produzido em Joinville estreia nesta sexta-feira"},"content":{"rendered":"\n<p class=\"has-text-align-center\"><strong>\u201cNum mundo novo\u2026 somos todos iguais\u201d, com o Coral Ciser, ser\u00e1 apresentado no Teatro Juarez Machado; ingressos gratuitos, j\u00e1 dispon\u00edveis.<\/strong><\/p>\n\n\n\n<p class=\"has-text-align-center\">O novo espet\u00e1culo do Coral Ciser Show, \u201cNum mundo novo\u2026 Somos todos iguais\u201d, entra em cartaz no pr\u00f3ximo fim de semana, dias 26, 27 e 28 de maio, no Teatro Juarez Machado, em Joinville. Musical infantil com textos e dire\u00e7\u00e3o do carioca Rubens Lima Junior, o projeto \u00e9 assinado pela Albertina Tuma Produ\u00e7\u00f5es. Ingressos gratuitos (reservas pelo site enjoyticket.com.br). <\/p>\n\n\n\n<p class=\"has-text-align-center\">O espet\u00e1culo ser\u00e1 apresentado, tamb\u00e9m, em escolas municipais de Joinville, seguido de palestra para professores, sobre o tema da pe\u00e7a, com sugest\u00f5es de trabalhos art\u00edsticos para as turmas.<\/p>\n\n\n\n<p class=\"has-text-align-center\">Integrar o trabalho \u00e0 arte e ao lazer \u00e9 o objetivo do Coral Ciser Show. O projeto, criado em maio de 1997, conta com uma estrutura completa para proporcionar verdadeiros espet\u00e1culos. <\/p>\n\n\n\n<p class=\"has-text-align-center\">A performance \u00e9 diferente das tradicionais: os participantes fazem aulas de express\u00e3o corporal e dan\u00e7a, agregando coreografias \u00e0s m\u00fasicas. O repert\u00f3rio privilegia a m\u00fasica popular brasileira, al\u00e9m de cl\u00e1ssicos, m\u00fasicas regionais e sacras.<\/p>\n\n\n\n<p class=\"has-text-align-center\">O grupo, formado por funcion\u00e1rios da Ciser, familiares e comunidade, realizou em 2009 o espet\u00e1culo \u201cEra Vidro e se Quebrou\u201d, que subiu ao palco do Teatro Juarez Machado para marcar o cinquenten\u00e1rio da empresa. A montagem envolveu mais de 100 pessoas e buscou reviver as brincadeiras da garotada nos anos 1930 a 1950, emocionando o p\u00fablico.<\/p>\n\n\n\n<p class=\"has-text-align-center\">Doutor em teatro, professor da Universidade Federal do Rio de Janeiro (Unirio) e consultor teatral da Funda\u00e7\u00e3o Roberto Marinho, Rubens dirige, pela primeira vez, um musical com o Coral Ciser Show. As m\u00fasicas e letras s\u00e3o todas in\u00e9ditas. Os textos e as composi\u00e7\u00f5es s\u00e3o do pr\u00f3prio Rubens, com m\u00fasicas e arranjos de Jacson Ara\u00fajo e Bruno Meditation.<\/p>\n\n\n\n<p class=\"has-text-align-center\">\u201cAs hist\u00f3rias infantis de todos os tempos sempre tiveram uma esp\u00e9cie de \u2018moral\u2019 para se refletir no final, um ensinamento para as crian\u00e7as\u201d, explica o diretor Rubens, antes de contar um pouco da hist\u00f3ria: \u201cTudo se passa em um planeta distante da Terra, o Planeta das Tr\u00eas Luas. Nesse lugar, se as pessoas n\u00e3o se entenderem, n\u00e3o forem amigas e solid\u00e1rias, o mundo pode acabar, devido a uma profecia\u201d. A met\u00e1fora de um mundo ideal marca o Planeta das Tr\u00eas Luas, que tem como principal caracter\u00edstica a cren\u00e7a de que somos todos iguais e devemos respeitar as diferen\u00e7as.<\/p>\n\n\n\n<p class=\"has-text-align-center\">\u201cAs crian\u00e7as s\u00e3o a verdadeira for\u00e7a da transforma\u00e7\u00e3o para um mundo melhor\u201d, diz Rubens, antes de elogiar o que ele chama de m\u00e9rito da produtora \u2013 de trabalhar com um grupo de canto tradicional para torn\u00e1-lo um coral c\u00eanico. \u201cE um coral de primeira qualidade, com certeza um dos melhores do Brasil.\u201d<\/p>\n\n\n\n<p class=\"has-text-align-center\">O espet\u00e1culo conta com a participa\u00e7\u00e3o dos m\u00fasicos Rafael Vieira na bateria e Gilberto Machado (Formiga) no contrabaixo el\u00e9trico. \u201cEm tom jovial leve e divertido, o show tem repert\u00f3rio ecl\u00e9tico, com ritmos que passeiam entre o reggae a valsa, balada, o rock e o pop, em uma linguagem simples e direta, para proporcionar \u00e0s crian\u00e7as e ao p\u00fablico uma experi\u00eancia \u00edmpar que, somada \u00e0 energia das can\u00e7\u00f5es, nos conduz \u00e0 linda mensagem e conscientiza\u00e7\u00e3o de que somos, mesmo, todos iguais\u201d, reflete Jacson Ara\u00fajo.<\/p>\n\n\n\n<p class=\"has-text-align-center\"><strong>Programa<\/strong><\/p>\n\n\n\n<p class=\"has-text-align-center\">. Novo Mundo \u2013 Bruno Meditation e Jacson Ara\u00fajo<br>. As Tr\u00eas Luas \u2013 Rubens Lima J\u00fanior e Jacson Ara\u00fajo<br>. A Felicidade \u2013 Rubens Lima J\u00fanior e Jacson Ara\u00fajo<br>. Can\u00e7\u00e3o que Salva \u2013 Rubens Lima J\u00fanior e Jacson Ara\u00fajo<br>. Cada um \u00e9 o que \u00e9 \u2013 Rubens Lima J\u00fanior e Jacson Ara\u00fajo<br>. Voc\u00ea n\u00e3o Sabe Nada \u2013 Rubens Lima J\u00fanior e Jacson Ara\u00fajo<br>. Guerra das Bandeiras \u2013 Rubens Lima J\u00fanior e Jacson Ara\u00fajo<br>. Pitipiti \u2013 Jacson Ara\u00fajo<br>. Pedir Perd\u00e3o \u2013 Rubens Lima J\u00fanior e Jacson Ara\u00fajo<br>. Can\u00e7\u00e3o que Salva II \u2013 Rubens Lima J\u00fanior e Jacson Ara\u00fajo<br>. Felizes Para Sempre \u2013 Rubens Lima J\u00fanior e Jacson Ara\u00fajo<\/p>\n\n\n\n<p class=\"has-text-align-center\"><strong>Ficha t\u00e9cnica<\/strong><\/p>\n\n\n\n<p class=\"has-text-align-center\">Texto, letras e dire\u00e7\u00e3o geral \u2013 Rubens Lima J\u00fanior<\/p>\n\n\n\n<p class=\"has-text-align-center\">M\u00fasicas e dire\u00e7\u00e3o musical \u2013 Jacson Ara\u00fajo<\/p>\n\n\n\n<p class=\"has-text-align-center\">Coreografia \u2013 Esthef\u00e2nia de Moraes<\/p>\n\n\n\n<p class=\"has-text-align-center\">Cen\u00e1rio, figurinos, adere\u00e7os e visagismo \u2013 Augusto Pessoa<\/p>\n\n\n\n<p class=\"has-text-align-center\">Assistentes de dire\u00e7\u00e3o \u2013 Heloisa Castro e Esthef\u00e2nia Moraes<\/p>\n\n\n\n<p class=\"has-text-align-center\">Assessoria de Imprensa Mercado de Comunica\u00e7\u00e3o:<\/p>\n\n\n\n<p class=\"has-text-align-center\"> Ana Ribas Diefenthaeler.<\/p>\n","protected":false},"excerpt":{"rendered":"<p>\u201cNum mundo novo\u2026 somos todos iguais\u201d, com o Coral Ciser, ser\u00e1 apresentado no Teatro Juarez&#8230;<\/p>\n","protected":false},"author":3,"featured_media":9514,"comment_status":"closed","ping_status":"open","sticky":false,"template":"","format":"standard","meta":{"om_disable_all_campaigns":false,"_monsterinsights_skip_tracking":false,"_monsterinsights_sitenote_active":false,"_monsterinsights_sitenote_note":"","_monsterinsights_sitenote_category":0,"spay_email":""},"categories":[1],"tags":[],"jetpack_featured_media_url":"https:\/\/vimagazine.com.br\/wp-content\/uploads\/2023\/05\/WhatsApp-Image-2023-05-22-at-08.29.21-e1684970536315.jpeg","_links":{"self":[{"href":"https:\/\/vimagazine.com.br\/index.php?rest_route=\/wp\/v2\/posts\/9513"}],"collection":[{"href":"https:\/\/vimagazine.com.br\/index.php?rest_route=\/wp\/v2\/posts"}],"about":[{"href":"https:\/\/vimagazine.com.br\/index.php?rest_route=\/wp\/v2\/types\/post"}],"author":[{"embeddable":true,"href":"https:\/\/vimagazine.com.br\/index.php?rest_route=\/wp\/v2\/users\/3"}],"replies":[{"embeddable":true,"href":"https:\/\/vimagazine.com.br\/index.php?rest_route=%2Fwp%2Fv2%2Fcomments&post=9513"}],"version-history":[{"count":2,"href":"https:\/\/vimagazine.com.br\/index.php?rest_route=\/wp\/v2\/posts\/9513\/revisions"}],"predecessor-version":[{"id":9533,"href":"https:\/\/vimagazine.com.br\/index.php?rest_route=\/wp\/v2\/posts\/9513\/revisions\/9533"}],"wp:featuredmedia":[{"embeddable":true,"href":"https:\/\/vimagazine.com.br\/index.php?rest_route=\/wp\/v2\/media\/9514"}],"wp:attachment":[{"href":"https:\/\/vimagazine.com.br\/index.php?rest_route=%2Fwp%2Fv2%2Fmedia&parent=9513"}],"wp:term":[{"taxonomy":"category","embeddable":true,"href":"https:\/\/vimagazine.com.br\/index.php?rest_route=%2Fwp%2Fv2%2Fcategories&post=9513"},{"taxonomy":"post_tag","embeddable":true,"href":"https:\/\/vimagazine.com.br\/index.php?rest_route=%2Fwp%2Fv2%2Ftags&post=9513"}],"curies":[{"name":"wp","href":"https:\/\/api.w.org\/{rel}","templated":true}]}}