{"id":9517,"date":"2023-05-24T21:28:18","date_gmt":"2023-05-25T00:28:18","guid":{"rendered":"https:\/\/vimagazine.com.br\/?p=9517"},"modified":"2023-05-24T21:30:25","modified_gmt":"2023-05-25T00:30:25","slug":"musicarium-academia-filarmonica-brasileira-lanca-exposicao-fotografica-%ef%bf%bc","status":"publish","type":"post","link":"https:\/\/vimagazine.com.br\/?p=9517","title":{"rendered":"Musicarium Academia Filarm\u00f4nica Brasileira lan\u00e7a exposi\u00e7\u00e3o fotogr\u00e1fica\u00a0\ufffc"},"content":{"rendered":"\n<p class=\"has-text-align-center\"><strong>in\u00e9dita em Joinville, nesta <\/strong><strong><em>ter\u00e7a (23)<\/em><\/strong><\/p>\n\n\n\n<p class=\"has-text-align-center\"><em>Doce Melodia: Talento em Evolu\u00e7\u00e3o apresenta imagens exclusivas,&nbsp;feitas pela fot\u00f3grafa joinvilense Kalina Grabowski<\/em><\/p>\n\n\n\n<p class=\"has-text-align-center\">Um convite \u00e0 contempla\u00e7\u00e3o. Assim promete ser o lan\u00e7amento da exposi\u00e7\u00e3o Doce Melodia: Talento em Evolu\u00e7\u00e3o, nesta ter\u00e7a (23), \u00e0s 19h, promovida pelo <a href=\"https:\/\/musicarium.org.br\/\">Musicarium Academia Filarm\u00f4nica Brasileira<\/a>, em Joinville.&nbsp; A mostra exibir\u00e1 registros in\u00e9ditos dos alunos da escola, feitos pelo olhar da fot\u00f3grafa joinvilense <a href=\"https:\/\/www.instagram.com\/estudiokalina\/\">Kalina Grabowski.<\/a>&nbsp;<\/p>\n\n\n\n<p class=\"has-text-align-center\">Uma celebra\u00e7\u00e3o onde as hist\u00f3rias se transformam em melodias e ganham vida, entrela\u00e7adas \u00e0 arte. Os convidados poder\u00e3o embarcar em uma jornada repleta de inspira\u00e7\u00e3o, talento, dedica\u00e7\u00e3o e experi\u00eancias provocadas por imagens incr\u00edveis, que registram a transforma\u00e7\u00e3o musical de alguns alunos do Musicarium ao longo destes \u00faltimos cinco anos.<\/p>\n\n\n\n<p class=\"has-text-align-center\"><br>Helena Nunes Stein, violoncelo, 17 anos;&nbsp; Giovana Roza Santana, fagote, 17 anos; Henrique Eduardo da Rosa, violino, 16 anos; Eduardo Davi dos Santos, contrabaixo, 14 anos; Pedro Henrique Celestino, percuss\u00e3o, 13 anos; Gabriela dos Santos Scheid, violino, 13 anos; Ruth Sagine Alicia Basil, violino, 8 anos; Paula Eduarda de Lima, violoncelo, 10 anos; e Pedro Ramasses Gesser Lima, trompete, 14 anos retratam a evolu\u00e7\u00e3o n\u00e3o s\u00f3 do Musicarium, mas deles mesmo na constru\u00e7\u00e3o desta jornada musical.<\/p>\n\n\n\n<p class=\"has-text-align-center\">A exposi\u00e7\u00e3o traz essa linha do tempo, conectando o passado e o presente e dando um gostinho do que ser\u00e1 o futuro. <em>\u201cEsses jovens artistas n\u00e3o apenas encontraram suas vozes musicais, mas tamb\u00e9m descobriram o poder transformador da arte. Em seu caminho, inspiraram e acolheram novos talentos que complementam hoje o grupo anterior e, assim, temos todas as fam\u00edlias de instrumentos representadas por uma fra\u00e7\u00e3o da grande fam\u00edlia Musicarium\u201d, <\/em>explicou Sergio Ogawa, diretor-presidente e maestro do Musicarium.\u00a0<\/p>\n\n\n\n<figure class=\"wp-block-image size-large\"><img width=\"1024\" height=\"682\" src=\"https:\/\/vimagazine.com.br\/wp-content\/uploads\/2023\/05\/Ruth-1024x682.jpeg\" alt=\"\" class=\"wp-image-9520\" srcset=\"https:\/\/vimagazine.com.br\/wp-content\/uploads\/2023\/05\/Ruth-1024x682.jpeg 1024w, https:\/\/vimagazine.com.br\/wp-content\/uploads\/2023\/05\/Ruth-300x200.jpeg 300w, https:\/\/vimagazine.com.br\/wp-content\/uploads\/2023\/05\/Ruth-768x512.jpeg 768w, https:\/\/vimagazine.com.br\/wp-content\/uploads\/2023\/05\/Ruth-1536x1023.jpeg 1536w, https:\/\/vimagazine.com.br\/wp-content\/uploads\/2023\/05\/Ruth.jpeg 1600w\" sizes=\"(max-width: 1024px) 100vw, 1024px\" \/><\/figure>\n\n\n\n<p class=\"has-text-align-center\">Reconhecida nacionalmente por sua identidade fotogr\u00e1fica minimalista, emotiva e natural, dotada de um estilo \u00fanico, Kalina \u00e9 criadora do maior est\u00fadio fotogr\u00e1fico de luz natural no pa\u00eds.&nbsp; H\u00e1 cinco anos, ela fotografou o prel\u00fadio do Musicarium, onde capturou um momento hist\u00f3rico de jovens m\u00fasicos, que representam o caminho de crescimento, supera\u00e7\u00e3o e aprendizado, trilhado por todos os alunos da academia. Na \u00e9poca, esses alunos n\u00e3o imaginavam a sua trilha de evolu\u00e7\u00e3o que passariam nos pr\u00f3ximos anos, e que hoje, se transformara em um momento hist\u00f3rico, celebrado nesta exposi\u00e7\u00e3o.<\/p>\n\n\n\n<p class=\"has-text-align-center\"><strong>Conhe\u00e7a a Kalina<\/strong><\/p>\n\n\n\n<p class=\"has-text-align-center\">Joinvilense, empres\u00e1ria e fot\u00f3grafa profissional h\u00e1 mais de 12 anos. O mundo da arte, moda e m\u00fasica sempre fascinou Kalina, mas foi na fotografia que encontrou sua paix\u00e3o. Seu primeiro est\u00fadio comercial surgiu em 2014, ap\u00f3s formar-se no curso de Publicidade e Propaganda. Desde sempre, a busca e o aperfei\u00e7oamento em seu processo de trabalho s\u00e3o constantes, o que a tornaram uma refer\u00eancia mundial na fotografia de fam\u00edlia. Ela tamb\u00e9m ministra cursos, com foco em planejamento e gest\u00e3o.<\/p>\n\n\n\n<p class=\"has-text-align-center\">A cerim\u00f4nia de lan\u00e7amento contar\u00e1 com um coquetel especial para os participantes.<br><\/p>\n\n\n\n<p class=\"has-text-align-center\"><strong>Sobre o Musicarium<\/strong><\/p>\n\n\n\n<p class=\"has-text-align-center\">O Musicarium Academia Filarm\u00f4nica Brasileira \u00e9 um centro de forma\u00e7\u00e3o de orquestra, localizado em Joinville\/SC, que tem como objetivo desenvolver jovens talentos, investindo em uma educa\u00e7\u00e3o e cultura musical humanista e de excel\u00eancia.&nbsp; Atende 180 crian\u00e7as e jovens a partir de 4 anos de idade, todos bolsistas. A organiza\u00e7\u00e3o \u00e9 mantida por meio de doa\u00e7\u00f5es e patroc\u00ednios.<\/p>\n\n\n\n<p class=\"has-text-align-center\"><strong>Servi\u00e7o<\/strong><\/p>\n\n\n\n<p class=\"has-text-align-center\">Lan\u00e7amento da Exposi\u00e7\u00e3o Fotogr\u00e1fica Doce Melodia: Talento em Evolu\u00e7\u00e3o<\/p>\n\n\n\n<p class=\"has-text-align-center\"><strong>Quando:<\/strong> 23\/5 \u00e0s 19h<br><strong>Onde:<\/strong> Hall de Exposi\u00e7\u00f5es da Coree<br>Rua Gothard Kaesemodel, 961, 2\u00ba Andar,&nbsp; Anita Garibaldi&nbsp; | Joinville, SC<\/p>\n\n\n\n<p class=\"has-text-align-center\"><strong>Gratuito<\/strong><br><strong>Tai Rodrigues Comunica\u00e7\u00e3o Viva \u2728<br>| <\/strong><a href=\"mailto:tai@tairodrigues.com\"><strong>tai@tairodrigues.com<\/strong><\/a><strong> | <\/strong><a href=\"https:\/\/www.instagram.com\/taicomunica\/\"><strong>@taicomunica<\/strong><\/a><\/p>\n","protected":false},"excerpt":{"rendered":"<p>in\u00e9dita em Joinville, nesta ter\u00e7a (23) Doce Melodia: Talento em Evolu\u00e7\u00e3o apresenta imagens exclusivas,&nbsp;feitas pela&#8230;<\/p>\n","protected":false},"author":3,"featured_media":9518,"comment_status":"closed","ping_status":"open","sticky":false,"template":"","format":"standard","meta":{"om_disable_all_campaigns":false,"_monsterinsights_skip_tracking":false,"_monsterinsights_sitenote_active":false,"_monsterinsights_sitenote_note":"","_monsterinsights_sitenote_category":0,"spay_email":""},"categories":[1],"tags":[],"jetpack_featured_media_url":"https:\/\/vimagazine.com.br\/wp-content\/uploads\/2023\/05\/Kalina.jpeg","_links":{"self":[{"href":"https:\/\/vimagazine.com.br\/index.php?rest_route=\/wp\/v2\/posts\/9517"}],"collection":[{"href":"https:\/\/vimagazine.com.br\/index.php?rest_route=\/wp\/v2\/posts"}],"about":[{"href":"https:\/\/vimagazine.com.br\/index.php?rest_route=\/wp\/v2\/types\/post"}],"author":[{"embeddable":true,"href":"https:\/\/vimagazine.com.br\/index.php?rest_route=\/wp\/v2\/users\/3"}],"replies":[{"embeddable":true,"href":"https:\/\/vimagazine.com.br\/index.php?rest_route=%2Fwp%2Fv2%2Fcomments&post=9517"}],"version-history":[{"count":3,"href":"https:\/\/vimagazine.com.br\/index.php?rest_route=\/wp\/v2\/posts\/9517\/revisions"}],"predecessor-version":[{"id":9522,"href":"https:\/\/vimagazine.com.br\/index.php?rest_route=\/wp\/v2\/posts\/9517\/revisions\/9522"}],"wp:featuredmedia":[{"embeddable":true,"href":"https:\/\/vimagazine.com.br\/index.php?rest_route=\/wp\/v2\/media\/9518"}],"wp:attachment":[{"href":"https:\/\/vimagazine.com.br\/index.php?rest_route=%2Fwp%2Fv2%2Fmedia&parent=9517"}],"wp:term":[{"taxonomy":"category","embeddable":true,"href":"https:\/\/vimagazine.com.br\/index.php?rest_route=%2Fwp%2Fv2%2Fcategories&post=9517"},{"taxonomy":"post_tag","embeddable":true,"href":"https:\/\/vimagazine.com.br\/index.php?rest_route=%2Fwp%2Fv2%2Ftags&post=9517"}],"curies":[{"name":"wp","href":"https:\/\/api.w.org\/{rel}","templated":true}]}}