{"id":9523,"date":"2023-05-24T21:35:28","date_gmt":"2023-05-25T00:35:28","guid":{"rendered":"https:\/\/vimagazine.com.br\/?p=9523"},"modified":"2023-05-24T21:35:31","modified_gmt":"2023-05-25T00:35:31","slug":"sertanejo-lanca-single-equivocada","status":"publish","type":"post","link":"https:\/\/vimagazine.com.br\/?p=9523","title":{"rendered":"Sertanejo lan\u00e7a single \u201cEquivocada\u201d."},"content":{"rendered":"\n<p class=\"has-text-align-center\">Nando Moreno, o cantor soteropolitano que se mudou aos tr\u00eas anos de idade para<br>Goi\u00e1s, a principio morou na fazenda e depois foi para a cidade de Inaciol\u00e2ndia. <\/p>\n\n\n\n<p class=\"has-text-align-center\">O artista passou por v\u00e1rios momentos dif\u00edceis na inf\u00e2ncia, trabalhando com os pais nas<br>lavoras de algod\u00e3o e na \u00e9poca nasceu sua paix\u00e3o pela m\u00fasica sertaneja, tendo como<br>\u00eddolos os cantores sertanejos : Milion\u00e1rio &amp; Jos\u00e9 Rico, Jo\u00e3o Mineiro &amp; Marciano.<\/p>\n\n\n\n<p class=\"has-text-align-center\">O cantor e compositor, com a alegria baiana e o cora\u00e7\u00e3o goiano, n\u00e3o pensou duas<br>vezes quando teve a oportunidade de se mudar para Uberl\u00e2ndia para iniciar sua<br>carreira art\u00edstica. Em 2010 gravou o CD &#8220;Submisso a Voc\u00ea&#8221;, a m\u00fasica que intitula o<br>disco teve \u00f3tima repercuss\u00e3o nas r\u00e1dios dos estados de Minas Gerais e Goi\u00e1s.\u00a0Na<br>sequ\u00eancia surgiram novas composi\u00e7\u00f5es para consagrar\u00a0 este novo talento da m\u00fasica<br>brasileira.<br>Em maio de 2012, gravou seu primeiro DVD, intitulado \u201cDescompromissado\u201d, com<br>participa\u00e7\u00e3o especial de gigantes da m\u00fasica sertaneja, entre eles podemos citar:<br>Rionegro &amp; Solim\u00f5es, Gino &amp; Geno, Cristiano Ara\u00fajo, Z\u00e9 Ricardo &amp; Thiago, Matheus &amp;<br>Kauan, Humberto e Ronaldo, Cuiabano Lima entre outros.<\/p>\n\n\n\n<p class=\"has-text-align-center\"><br>Entre os \u00e1lbuns lan\u00e7ados podemos destacar: Descompromomissado-2012\/Toca Nando<br>Moreno- 2015\/Intitulado Cachaceiro-2016\/Nando Moreno no Sitio-2018\/Nando Moreno<br>Boteco II \u2013 2018\/Resenha no Rancho Ac\u00fastico- 2018\/Ac\u00fastico Nando Moreno 2019<br>Hoje Nando Moreno est\u00e1 em uma nova fase de sua carreira empresariado por<br>Alexandre Mello \u2013 Clube do Cowboy , que esta desenvolvendo v\u00e1rios projetos para o<br>sertanejo , entre eles o lan\u00e7amento do single Equivocada e na sequencia outras faixas<br>in\u00e9ditas.<\/p>\n\n\n\n<p class=\"has-text-align-center\"> Nando Moreno j\u00e1 \u00e9 atra\u00e7\u00e3o confirmada na festa do Pe\u00e3o de Barretos 2023.<br>O artista que ama futebol tem o desejo de ter uma fazenda e viver \u00fanica e<br>exclusivamente da musica, sonha tamb\u00e9m em dividir o palco com grandes nomes do<br>cen\u00e1rio musical, entre eles: Amado Batista \/ Leonardo\/ Di Paulo e Paulino\/ Daniel\/<br>Bruno e Marrone\/ Gusttavo Lima\/ Zez\u00e9 Di Camargo e Luciano.<br>Hoje Nando Moreno, arrasta multid\u00f5es por onde passa levando em suas apresenta\u00e7\u00f5es<br>seu carisma e lindas can\u00e7\u00f5es que contagia o p\u00fablico, entre elas podemos citar :<br>\u201cSubmisso a Voc\u00ea\u201d, \u201cChoro e Bebo\u201d, \u201dCama de Flores\u201d , \u201cBar da Esquina\u201d entre outros.<br>\u201cEstou atravessando um momento muito bom em minha carreira, depois de<br>um momento dif\u00edcil na m\u00fasica, gra\u00e7as a Deus tudo tem a hora certa para<br>acontecer e estou sendo aben\u00e7oado com essa casa nova, estou muito feliz e<br>agrade\u00e7o a Deus por tudo que est\u00e1 acontecendo. Agora vou lan\u00e7ar a m\u00fasica<br>\u201cEquivocada\u201d, acredito muito nessa faixa e tamb\u00e9m em outras que vou<br>lan\u00e7ar na sequ\u00eancia, em breve vamos gravar um novo DVD. <\/p>\n\n\n\n<p class=\"has-text-align-center\">Agora estou com foco neste single,\u00a0 a can\u00e7\u00e3o mexe com o cora\u00e7\u00e3o dos apaixonados, assim<br>como eu, cada vez que canto ela no show fico arrepiado e quando arrepio \u00e9<br>porque a moda \u00e9 problema\u201d.Comenta Nando Moreno.<\/p>\n\n\n\n<p class=\"has-text-align-center\">Para saber mais acesse<br>www.instagram.com\/nandomorenooficial\/<br>www.tiktok.com\/@nandomorenotiktok<br>www.youtube.com\/@NandoMorenoOficial<\/p>\n\n\n\n<p class=\"has-text-align-center\">Divulga\u00e7\u00e3o de TV<br>Roberta Lucca<br>Assessoria de Imprensa<br>Fernanda Lara Rocca<\/p>\n","protected":false},"excerpt":{"rendered":"<p>Nando Moreno, o cantor soteropolitano que se mudou aos tr\u00eas anos de idade paraGoi\u00e1s, a&#8230;<\/p>\n","protected":false},"author":3,"featured_media":9524,"comment_status":"closed","ping_status":"open","sticky":false,"template":"","format":"standard","meta":{"om_disable_all_campaigns":false,"_monsterinsights_skip_tracking":false,"_monsterinsights_sitenote_active":false,"_monsterinsights_sitenote_note":"","_monsterinsights_sitenote_category":0,"spay_email":""},"categories":[1],"tags":[],"jetpack_featured_media_url":"https:\/\/vimagazine.com.br\/wp-content\/uploads\/2023\/05\/RHF_0196-e1684974747834.jpg","_links":{"self":[{"href":"https:\/\/vimagazine.com.br\/index.php?rest_route=\/wp\/v2\/posts\/9523"}],"collection":[{"href":"https:\/\/vimagazine.com.br\/index.php?rest_route=\/wp\/v2\/posts"}],"about":[{"href":"https:\/\/vimagazine.com.br\/index.php?rest_route=\/wp\/v2\/types\/post"}],"author":[{"embeddable":true,"href":"https:\/\/vimagazine.com.br\/index.php?rest_route=\/wp\/v2\/users\/3"}],"replies":[{"embeddable":true,"href":"https:\/\/vimagazine.com.br\/index.php?rest_route=%2Fwp%2Fv2%2Fcomments&post=9523"}],"version-history":[{"count":1,"href":"https:\/\/vimagazine.com.br\/index.php?rest_route=\/wp\/v2\/posts\/9523\/revisions"}],"predecessor-version":[{"id":9525,"href":"https:\/\/vimagazine.com.br\/index.php?rest_route=\/wp\/v2\/posts\/9523\/revisions\/9525"}],"wp:featuredmedia":[{"embeddable":true,"href":"https:\/\/vimagazine.com.br\/index.php?rest_route=\/wp\/v2\/media\/9524"}],"wp:attachment":[{"href":"https:\/\/vimagazine.com.br\/index.php?rest_route=%2Fwp%2Fv2%2Fmedia&parent=9523"}],"wp:term":[{"taxonomy":"category","embeddable":true,"href":"https:\/\/vimagazine.com.br\/index.php?rest_route=%2Fwp%2Fv2%2Fcategories&post=9523"},{"taxonomy":"post_tag","embeddable":true,"href":"https:\/\/vimagazine.com.br\/index.php?rest_route=%2Fwp%2Fv2%2Ftags&post=9523"}],"curies":[{"name":"wp","href":"https:\/\/api.w.org\/{rel}","templated":true}]}}