{"id":9526,"date":"2023-05-24T23:41:46","date_gmt":"2023-05-25T02:41:46","guid":{"rendered":"https:\/\/vimagazine.com.br\/?p=9526"},"modified":"2023-05-24T23:42:43","modified_gmt":"2023-05-25T02:42:43","slug":"luigi-abelama-entrevista-o-empresario-do-abc-bruno-patriani","status":"publish","type":"post","link":"https:\/\/vimagazine.com.br\/?p=9526","title":{"rendered":"Luigi Abelama entrevista o empres\u00e1rio do ABC Bruno Patriani"},"content":{"rendered":"\n<p>Imagem: divulga\u00e7\u00e3o <\/p>\n\n\n\n<p class=\"has-text-align-center\"><strong><em>O CEO da Construtora Patriani, situada em Santo Andr\u00e9, fala sobre sua carreira e sobre motiva\u00e7\u00e3o na vida empreendedora e pessoal<\/em><\/strong><\/p>\n\n\n\n<figure class=\"wp-block-image size-large\"><img width=\"842\" height=\"1024\" src=\"https:\/\/vimagazine.com.br\/wp-content\/uploads\/2023\/05\/4db4d896-e05a-4ce5-9c16-6c0bbc240217-842x1024.jpg\" alt=\"\" class=\"wp-image-9528\" srcset=\"https:\/\/vimagazine.com.br\/wp-content\/uploads\/2023\/05\/4db4d896-e05a-4ce5-9c16-6c0bbc240217-842x1024.jpg 842w, https:\/\/vimagazine.com.br\/wp-content\/uploads\/2023\/05\/4db4d896-e05a-4ce5-9c16-6c0bbc240217-247x300.jpg 247w, https:\/\/vimagazine.com.br\/wp-content\/uploads\/2023\/05\/4db4d896-e05a-4ce5-9c16-6c0bbc240217-768x934.jpg 768w, https:\/\/vimagazine.com.br\/wp-content\/uploads\/2023\/05\/4db4d896-e05a-4ce5-9c16-6c0bbc240217-1024x1246.jpg 1024w, https:\/\/vimagazine.com.br\/wp-content\/uploads\/2023\/05\/4db4d896-e05a-4ce5-9c16-6c0bbc240217.jpg 1080w\" sizes=\"(max-width: 842px) 100vw, 842px\" \/><figcaption>Imagem: divulga\u00e7\u00e3o <\/figcaption><\/figure>\n\n\n\n<p>O pr\u00f3ximo epis\u00f3dio do programa MLA Cast, na&nbsp;<a href=\"https:\/\/www.youtube.com\/channel\/UCZtw_DRrDj31Ij9KJrZxfuQ\" target=\"_blank\" rel=\"noreferrer noopener\">TV S\u00e3o Caetano<\/a>, apresentado&nbsp;especialista em Marketing e Vendas,&nbsp;<a href=\"https:\/\/www.instagram.com\/luigiabelama\/\" target=\"_blank\" rel=\"noreferrer noopener\">Luigi Abelama<\/a>, trar\u00e1 um entrevistado especial do Grande ABC, o CEO da Construtora Patriani,&nbsp;Bruno Patriani. A entrevista vai ao ar no dia 25\/05, a partir das 21h.<\/p>\n\n\n\n<p>Bruno iniciou sua atividade profissional aos 18 anos, no Turismo, tendo seu primeiro contato com vendas e com os clientes. Ap\u00f3s um ano e meio, ele ingressou na atividade agr\u00edcola para cuidar dos neg\u00f3cios da fam\u00edlia, trabalhando na comercializa\u00e7\u00e3o de gado holand\u00eas, leite para cooperativas e corte de eucalipto.&nbsp;<\/p>\n\n\n\n<p>De forma paralela, Bruno passou a atuar junto com o seu pai, Valter Patriani, no mercado imobili\u00e1rio, onde ele j\u00e1 era um investidor.<\/p>\n\n\n\n<p>Valter, que vislumbrava um neg\u00f3cio pr\u00f3prio, convidou Bruno para mergulhar de vez no setor imobili\u00e1rio e fazer de suas experi\u00eancias como cliente, condi\u00e7\u00f5es para construir pr\u00e9dios modernos, tecnol\u00f3gicos e com solu\u00e7\u00f5es para os problemas que eles viviam como clientes de outras construtoras.&nbsp; E assim, nasceu a&nbsp;Construtora Patriani, que completou 10 anos de exist\u00eancia.<\/p>\n\n\n\n<p>N\u00e3o perca esta entrevista que trar\u00e1 muito&nbsp;<em>insights<\/em>&nbsp;positivos!<\/p>\n\n\n\n<p><strong>Luigi Abelama<\/strong><\/p>\n\n\n\n<p>O Head of Sales &amp; Marketing, Luigi Abelama tem um vasto curr\u00edculo quando o assunto \u00e9 ajudar as empresas a conquistarem faturamento com mais de 7 d\u00edgitos.<\/p>\n\n\n\n<p>Por mais de 16 anos, ele foi o executivo respons\u00e1vel na expans\u00e3o de multinacionais estrangeiras no mercado nacional, como exemplo da consultoria brit\u00e2nica em gest\u00e3o de riscos e seguros, AON; da consultoria norte-americana em gerenciamento de riscos, estrat\u00e9gia e pessoas, JLT\/Marsh; da companhia de seguros dos Estados Unidos, Chubb; e da Rede Dor Consultoria, maior rede hospitalar da Am\u00e9rica Latina.<\/p>\n\n\n\n<p>Luigi desenvolveu o m\u00e9todo MLA, um acelerador de neg\u00f3cios, com foco na intelig\u00eancia comercial 360\u00ba, baseado em tr\u00eas pilares: empatia, conex\u00e3o e prop\u00f3sito.<\/p>\n\n\n\n<p>\u201cEu sou um espiritualista, com forte atua\u00e7\u00e3o em princ\u00edpios sist\u00eamicos, reconex\u00e3o da pr\u00f3pria identidade e um olhar voltado para conex\u00e3o a um prop\u00f3sito maior. Isso tudo norteia a minha consultoria. E quando essa base est\u00e1 alinhada, toda mentoria e consultoria em neg\u00f3cios pode ser desenvolvida&nbsp;com&nbsp;sucesso\u201d, conta Luigi.<\/p>\n","protected":false},"excerpt":{"rendered":"<p>Imagem: divulga\u00e7\u00e3o O CEO da Construtora Patriani, situada em Santo Andr\u00e9, fala sobre sua carreira&#8230;<\/p>\n","protected":false},"author":2,"featured_media":9527,"comment_status":"closed","ping_status":"open","sticky":false,"template":"","format":"standard","meta":{"om_disable_all_campaigns":false,"_monsterinsights_skip_tracking":false,"_monsterinsights_sitenote_active":false,"_monsterinsights_sitenote_note":"","_monsterinsights_sitenote_category":0,"spay_email":""},"categories":[27],"tags":[678,677,444],"jetpack_featured_media_url":"https:\/\/vimagazine.com.br\/wp-content\/uploads\/2023\/05\/78d6489d-02c3-4260-b852-cd2c2a9f9e92.jpg","_links":{"self":[{"href":"https:\/\/vimagazine.com.br\/index.php?rest_route=\/wp\/v2\/posts\/9526"}],"collection":[{"href":"https:\/\/vimagazine.com.br\/index.php?rest_route=\/wp\/v2\/posts"}],"about":[{"href":"https:\/\/vimagazine.com.br\/index.php?rest_route=\/wp\/v2\/types\/post"}],"author":[{"embeddable":true,"href":"https:\/\/vimagazine.com.br\/index.php?rest_route=\/wp\/v2\/users\/2"}],"replies":[{"embeddable":true,"href":"https:\/\/vimagazine.com.br\/index.php?rest_route=%2Fwp%2Fv2%2Fcomments&post=9526"}],"version-history":[{"count":3,"href":"https:\/\/vimagazine.com.br\/index.php?rest_route=\/wp\/v2\/posts\/9526\/revisions"}],"predecessor-version":[{"id":9531,"href":"https:\/\/vimagazine.com.br\/index.php?rest_route=\/wp\/v2\/posts\/9526\/revisions\/9531"}],"wp:featuredmedia":[{"embeddable":true,"href":"https:\/\/vimagazine.com.br\/index.php?rest_route=\/wp\/v2\/media\/9527"}],"wp:attachment":[{"href":"https:\/\/vimagazine.com.br\/index.php?rest_route=%2Fwp%2Fv2%2Fmedia&parent=9526"}],"wp:term":[{"taxonomy":"category","embeddable":true,"href":"https:\/\/vimagazine.com.br\/index.php?rest_route=%2Fwp%2Fv2%2Fcategories&post=9526"},{"taxonomy":"post_tag","embeddable":true,"href":"https:\/\/vimagazine.com.br\/index.php?rest_route=%2Fwp%2Fv2%2Ftags&post=9526"}],"curies":[{"name":"wp","href":"https:\/\/api.w.org\/{rel}","templated":true}]}}