{"id":9607,"date":"2023-05-31T14:03:14","date_gmt":"2023-05-31T17:03:14","guid":{"rendered":"https:\/\/vimagazine.com.br\/?p=9607"},"modified":"2023-05-31T14:03:18","modified_gmt":"2023-05-31T17:03:18","slug":"maria-candida-recebe-famosos-no-lancamento-de-seu-livro-geracao-ageless-lobas-em-sao-paulo","status":"publish","type":"post","link":"https:\/\/vimagazine.com.br\/?p=9607","title":{"rendered":"Maria C\u00e2ndida recebe famosos no lan\u00e7amento de seu livro. Gera\u00e7\u00e3o Ageless Lobas em S\u00e3o Paulo"},"content":{"rendered":"\n<p>Maria C\u00e2ndida, apresentadora do quadro &#8220;Bem-Estar&#8221;, no \u201c\u00c9 de Casa&#8221;, da TV Globo, lan\u00e7ou na noite desta ter\u00e7a-feira (30), o seu novo livro &#8220;Gera\u00e7\u00e3o Ageless Lobas&#8221;, em uma livraria localizada em S\u00e3o Paulo.<\/p>\n\n\n\n<p>Entre os presentes no evento estiveram: Luciana Liviero e famosos, como F\u00e1bio Arruda, Kristhel Byancco, Cida Costa, Cesar Rom\u00e3o e M\u00f4nica Carvalho que saiu correndo de um trabalho para prestigiar a amiga:<em> \u201cEstou muito feliz de ter conseguido vir prestigiar a Maria Fernanda hoje!&nbsp; Ela se reinventou e sua hist\u00f3ria de vida \u00e9 uma verdadeira inspira\u00e7\u00e3o para n\u00f3s mulheres!\u201d<\/em> Comentou M\u00f4nica.<\/p>\n\n\n\n<figure class=\"wp-container-2 wp-block-gallery-1 wp-block-gallery has-nested-images columns-default is-cropped\">\n<figure class=\"wp-block-image size-large\"><img width=\"720\" height=\"1280\" data-id=\"9612\"  src=\"https:\/\/vimagazine.com.br\/wp-content\/uploads\/2023\/05\/WhatsApp-Image-2023-05-31-at-13.42.28.jpeg\" alt=\"\" class=\"wp-image-9612\" srcset=\"https:\/\/vimagazine.com.br\/wp-content\/uploads\/2023\/05\/WhatsApp-Image-2023-05-31-at-13.42.28.jpeg 720w, https:\/\/vimagazine.com.br\/wp-content\/uploads\/2023\/05\/WhatsApp-Image-2023-05-31-at-13.42.28-169x300.jpeg 169w, https:\/\/vimagazine.com.br\/wp-content\/uploads\/2023\/05\/WhatsApp-Image-2023-05-31-at-13.42.28-576x1024.jpeg 576w\" sizes=\"(max-width: 720px) 100vw, 720px\" \/><\/figure>\n\n\n\n<figure class=\"wp-block-image size-large\"><img width=\"768\" height=\"1024\" data-id=\"9610\"  src=\"https:\/\/vimagazine.com.br\/wp-content\/uploads\/2023\/05\/WhatsApp-Image-2023-05-31-at-13.42.27.jpeg\" alt=\"\" class=\"wp-image-9610\" srcset=\"https:\/\/vimagazine.com.br\/wp-content\/uploads\/2023\/05\/WhatsApp-Image-2023-05-31-at-13.42.27.jpeg 768w, https:\/\/vimagazine.com.br\/wp-content\/uploads\/2023\/05\/WhatsApp-Image-2023-05-31-at-13.42.27-225x300.jpeg 225w\" sizes=\"(max-width: 768px) 100vw, 768px\" \/><\/figure>\n\n\n\n<figure class=\"wp-block-image size-large\"><img width=\"1024\" height=\"707\" data-id=\"9609\"  src=\"https:\/\/vimagazine.com.br\/wp-content\/uploads\/2023\/05\/WhatsApp-Image-2023-05-31-at-13.42.27-1.jpeg\" alt=\"\" class=\"wp-image-9609\" srcset=\"https:\/\/vimagazine.com.br\/wp-content\/uploads\/2023\/05\/WhatsApp-Image-2023-05-31-at-13.42.27-1.jpeg 1024w, https:\/\/vimagazine.com.br\/wp-content\/uploads\/2023\/05\/WhatsApp-Image-2023-05-31-at-13.42.27-1-300x207.jpeg 300w, https:\/\/vimagazine.com.br\/wp-content\/uploads\/2023\/05\/WhatsApp-Image-2023-05-31-at-13.42.27-1-768x530.jpeg 768w\" sizes=\"(max-width: 1024px) 100vw, 1024px\" \/><\/figure>\n<\/figure>\n\n\n\n<p>Sobre o livro:&nbsp;<br>O que esperar dos 40+ e 50+, por que a mulher deve se preparar? Vitalidade, qualidade de vida, longevidade e autonomia n\u00e3o vir\u00e3o de gra\u00e7a, segundo a jornalista Maria C\u00e2ndida. Planejamento para a segunda fase da vida \u00e9 mais que essencial para n\u00e3o ser pega no susto. Este Guia para a maturidade com excel\u00eancia tem como proposta trazer informa\u00e7\u00e3o e a\u00e7\u00f5es pr\u00e1ticas para essa fase da vida. <em>\u201cComo a maioria das mulheres da minha gera\u00e7\u00e3o, deixei o autocuidado de lado at\u00e9 meu corpo gritar. Foram dez anos de suposto \u2018fracasso\u2019 para a sociedade, mas foi ali que renasci.\u201d<\/em><em>\u201cTudo que entendi como pontos de aten\u00e7\u00e3o dos 40 aos 50 anos, que gostaria que tivessem me contado antes, est\u00e1 aqui. Envelhecimento saud\u00e1vel exigir\u00e1 esfor\u00e7o, estrat\u00e9gia e consci\u00eancia.\u201d<\/em><\/p>\n","protected":false},"excerpt":{"rendered":"<p>Maria C\u00e2ndida, apresentadora do quadro &#8220;Bem-Estar&#8221;, no \u201c\u00c9 de Casa&#8221;, da TV Globo, lan\u00e7ou na&#8230;<\/p>\n","protected":false},"author":18,"featured_media":9611,"comment_status":"closed","ping_status":"open","sticky":false,"template":"","format":"standard","meta":{"om_disable_all_campaigns":false,"_monsterinsights_skip_tracking":false,"_monsterinsights_sitenote_active":false,"_monsterinsights_sitenote_note":"","_monsterinsights_sitenote_category":0,"spay_email":""},"categories":[1],"tags":[106,97,96,690,470],"jetpack_featured_media_url":"https:\/\/vimagazine.com.br\/wp-content\/uploads\/2023\/05\/WhatsApp-Image-2023-05-31-at-13.42.28-1.jpeg","_links":{"self":[{"href":"https:\/\/vimagazine.com.br\/index.php?rest_route=\/wp\/v2\/posts\/9607"}],"collection":[{"href":"https:\/\/vimagazine.com.br\/index.php?rest_route=\/wp\/v2\/posts"}],"about":[{"href":"https:\/\/vimagazine.com.br\/index.php?rest_route=\/wp\/v2\/types\/post"}],"author":[{"embeddable":true,"href":"https:\/\/vimagazine.com.br\/index.php?rest_route=\/wp\/v2\/users\/18"}],"replies":[{"embeddable":true,"href":"https:\/\/vimagazine.com.br\/index.php?rest_route=%2Fwp%2Fv2%2Fcomments&post=9607"}],"version-history":[{"count":1,"href":"https:\/\/vimagazine.com.br\/index.php?rest_route=\/wp\/v2\/posts\/9607\/revisions"}],"predecessor-version":[{"id":9613,"href":"https:\/\/vimagazine.com.br\/index.php?rest_route=\/wp\/v2\/posts\/9607\/revisions\/9613"}],"wp:featuredmedia":[{"embeddable":true,"href":"https:\/\/vimagazine.com.br\/index.php?rest_route=\/wp\/v2\/media\/9611"}],"wp:attachment":[{"href":"https:\/\/vimagazine.com.br\/index.php?rest_route=%2Fwp%2Fv2%2Fmedia&parent=9607"}],"wp:term":[{"taxonomy":"category","embeddable":true,"href":"https:\/\/vimagazine.com.br\/index.php?rest_route=%2Fwp%2Fv2%2Fcategories&post=9607"},{"taxonomy":"post_tag","embeddable":true,"href":"https:\/\/vimagazine.com.br\/index.php?rest_route=%2Fwp%2Fv2%2Ftags&post=9607"}],"curies":[{"name":"wp","href":"https:\/\/api.w.org\/{rel}","templated":true}]}}