{"id":9614,"date":"2023-05-31T23:11:34","date_gmt":"2023-06-01T02:11:34","guid":{"rendered":"https:\/\/vimagazine.com.br\/?p=9614"},"modified":"2023-05-31T23:11:35","modified_gmt":"2023-06-01T02:11:35","slug":"destaques-do-ano-estarao-no-projeto-new-face-sao-paulo-no-proximo-dia-04-de-junho","status":"publish","type":"post","link":"https:\/\/vimagazine.com.br\/?p=9614","title":{"rendered":"Destaques do ano estar\u00e3o no Projeto New Face S\u00e3o Paulo no pr\u00f3ximo dia 04 de junho"},"content":{"rendered":"\n<p><\/p>\n\n\n\n<p>&nbsp; &nbsp;O&nbsp;<strong>Projeto New Face S\u00e3o Paulo<\/strong>&nbsp;ser\u00e1 realizado no pr\u00f3ximo domingo&nbsp;<strong>04\/06, \u00e0s 19h<\/strong>&nbsp;no&nbsp;<strong>Japan Tawer&nbsp;<\/strong>(Casa dos Artistas). Na ocasi\u00e3o o evento ser\u00e1 apresentado pela&nbsp;<strong>Deia Morena<\/strong>&nbsp;que \u00e9 Rainha dos Mares Atl\u00e2ntico Sul, e contar\u00e1 com a presen\u00e7a de empres\u00e1rios, autoridades, jornalistas, embaixadoras, musas, misses, modelos e convidados especiais dentre os quais:<\/p>\n\n\n\n<p><strong>\u00a0\u00a0 Suzana Tejerina<\/strong>, Embaixadora das Am\u00e9ricas, (em visita ao Brasil) estar\u00e1 recebendo o <strong>Trof\u00e9u Odarcio<\/strong> <strong>Ducci<\/strong> na categoria de Melhores do ano.<\/p>\n\n\n\n<figure class=\"wp-block-image size-full is-resized\"><img src=\"https:\/\/vimagazine.com.br\/wp-content\/uploads\/2023\/05\/fb46df0f-9a16-4025-84c1-a2a1e14ae670.jpg\" alt=\"\" class=\"wp-image-9615\" width=\"841\" height=\"1037\" srcset=\"https:\/\/vimagazine.com.br\/wp-content\/uploads\/2023\/05\/fb46df0f-9a16-4025-84c1-a2a1e14ae670.jpg 720w, https:\/\/vimagazine.com.br\/wp-content\/uploads\/2023\/05\/fb46df0f-9a16-4025-84c1-a2a1e14ae670-243x300.jpg 243w\" sizes=\"(max-width: 841px) 100vw, 841px\" \/><\/figure>\n\n\n\n<p><strong>\u00a0\u00a0 Solange Durante Maemura<\/strong> e a Homenageada do evento, apresentadora do Projeto New Face S\u00e3o Paulo e com muito Carisma est\u00e1 comemorando suas Bodas de Esmeraldas, t\u00edtulos de concursos de Misses internacionais e nacionais. A mesma por anos se destacou no cen\u00e1rio da moda e sempre revelou talentos no mundo Miss.<\/p>\n\n\n\n<figure class=\"wp-block-image size-full is-resized\"><img src=\"https:\/\/vimagazine.com.br\/wp-content\/uploads\/2023\/05\/d3d82ade-161d-4530-8fa5-b47746f89dc6.jpg\" alt=\"\" class=\"wp-image-9616\" width=\"840\" height=\"833\" srcset=\"https:\/\/vimagazine.com.br\/wp-content\/uploads\/2023\/05\/d3d82ade-161d-4530-8fa5-b47746f89dc6.jpg 720w, https:\/\/vimagazine.com.br\/wp-content\/uploads\/2023\/05\/d3d82ade-161d-4530-8fa5-b47746f89dc6-300x298.jpg 300w, https:\/\/vimagazine.com.br\/wp-content\/uploads\/2023\/05\/d3d82ade-161d-4530-8fa5-b47746f89dc6-150x150.jpg 150w\" sizes=\"(max-width: 840px) 100vw, 840px\" \/><\/figure>\n\n\n\n<p>Dr. <strong>Thiago Marra<\/strong> \u00e9 um renomado Cirurgi\u00e3o Pl\u00e1stico.<\/p>\n\n\n\n<figure class=\"wp-block-image size-full is-resized\"><img src=\"https:\/\/vimagazine.com.br\/wp-content\/uploads\/2023\/05\/160a5fc9-f0b3-4f8f-b57c-c03d2246d346.jpg\" alt=\"\" class=\"wp-image-9617\" width=\"845\" height=\"800\" srcset=\"https:\/\/vimagazine.com.br\/wp-content\/uploads\/2023\/05\/160a5fc9-f0b3-4f8f-b57c-c03d2246d346.jpg 720w, https:\/\/vimagazine.com.br\/wp-content\/uploads\/2023\/05\/160a5fc9-f0b3-4f8f-b57c-c03d2246d346-300x284.jpg 300w\" sizes=\"(max-width: 845px) 100vw, 845px\" \/><\/figure>\n\n\n\n<p><strong>Debora Oliveira<\/strong>, \u00e9 empres\u00e1ria do Ano (importa\u00e7\u00e3o e exporta\u00e7\u00e3o de Caf\u00e9) o melhor caf\u00e9 de Minas Gerais, o Caf\u00e9 Ana Clara. Debora se destaca por seu empreendimento de sucesso.<\/p>\n\n\n\n<figure class=\"wp-block-image size-large\"><img width=\"959\" height=\"1024\" src=\"https:\/\/vimagazine.com.br\/wp-content\/uploads\/2023\/05\/96124f78-6560-4145-85cc-a3b31cbbab69-959x1024.jpg\" alt=\"\" class=\"wp-image-9618\" srcset=\"https:\/\/vimagazine.com.br\/wp-content\/uploads\/2023\/05\/96124f78-6560-4145-85cc-a3b31cbbab69-959x1024.jpg 959w, https:\/\/vimagazine.com.br\/wp-content\/uploads\/2023\/05\/96124f78-6560-4145-85cc-a3b31cbbab69-281x300.jpg 281w, https:\/\/vimagazine.com.br\/wp-content\/uploads\/2023\/05\/96124f78-6560-4145-85cc-a3b31cbbab69-768x820.jpg 768w, https:\/\/vimagazine.com.br\/wp-content\/uploads\/2023\/05\/96124f78-6560-4145-85cc-a3b31cbbab69-1024x1093.jpg 1024w, https:\/\/vimagazine.com.br\/wp-content\/uploads\/2023\/05\/96124f78-6560-4145-85cc-a3b31cbbab69.jpg 1080w\" sizes=\"(max-width: 959px) 100vw, 959px\" \/><\/figure>\n\n\n\n<p><strong>Don Russo<\/strong> (Alexandro Costa Penha) \u00e9 cantor, compositor, apresentador, locutor e produtor. Ele tem firmado sua presen\u00e7a no mundo Gospel com seu estilo diferenciado e contagiante. O mesmo possui uma longa experi\u00eancia adquirida no show business secular, com anos de trabalho como produtor de artistas reconhecidos nacionalmente e tamb\u00e9m como cantor Pop\/ New Funk \/ Trance com mais de 1 milh\u00e3o de views no YouTube e turn\u00eas pela Europa, EUA e M\u00e9xico. Russo teve um encontro com Jesus e se batizou h\u00e1 4 anos, mas foi durante a pandemia que realmente aprendeu a se render aos cuidados do Senhor. Hoje tem Jesus como seu s\u00f3cio e empres\u00e1rio e est\u00e1 lan\u00e7ando sua carreira no Pop\/ New Funk gospel, para cumprir seu prop\u00f3sito no reino levando transforma\u00e7\u00e3o, alegria e divertimento para jovens de todas as idades. Atrav\u00e9s do minist\u00e9rio que Deus colocou em seu cora\u00e7\u00e3o, visa levar entretenimento com m\u00fasicas, efeitos pirot\u00e9cnicos, rob\u00f4s de Leds e personagens.<\/p>\n\n\n\n<figure class=\"wp-block-image size-large is-resized\"><img src=\"https:\/\/vimagazine.com.br\/wp-content\/uploads\/2023\/05\/d9acf5f3-1584-496f-954f-91b9f1bc8e0c-820x1024.jpg\" alt=\"\" class=\"wp-image-9619\" width=\"840\" height=\"1049\" srcset=\"https:\/\/vimagazine.com.br\/wp-content\/uploads\/2023\/05\/d9acf5f3-1584-496f-954f-91b9f1bc8e0c-820x1024.jpg 820w, https:\/\/vimagazine.com.br\/wp-content\/uploads\/2023\/05\/d9acf5f3-1584-496f-954f-91b9f1bc8e0c-240x300.jpg 240w, https:\/\/vimagazine.com.br\/wp-content\/uploads\/2023\/05\/d9acf5f3-1584-496f-954f-91b9f1bc8e0c-768x959.jpg 768w, https:\/\/vimagazine.com.br\/wp-content\/uploads\/2023\/05\/d9acf5f3-1584-496f-954f-91b9f1bc8e0c-1024x1279.jpg 1024w, https:\/\/vimagazine.com.br\/wp-content\/uploads\/2023\/05\/d9acf5f3-1584-496f-954f-91b9f1bc8e0c.jpg 1080w\" sizes=\"(max-width: 840px) 100vw, 840px\" \/><\/figure>\n\n\n\n<p>&nbsp;<strong>Deia Morena<\/strong> \u00e9 formada em est\u00e9tica, p\u00f3s-graduada em medicina chinesa, bioarquitetura em sobrancelhas, formada em transa\u00e7\u00f5es imobili\u00e1ria, empres\u00e1ria, coaching, palestrante desde o ano de 2000, modelo fotogr\u00e1fica, miss, beleza negra internacional, musa beleza negra, rainha dos mares atl\u00e2ntico sul 2023, atuo nas causas social h\u00e1 mais de 25 anos acolhendo crian\u00e7as carentes, e estou desenvolvendo um projeto social em pr\u00f3 o c\u00e2ncer meu &#8220;Outubro Rosa&#8221;.<\/p>\n\n\n\n<p><strong>Imagens: divulga\u00e7\u00e3o<\/strong><\/p>\n","protected":false},"excerpt":{"rendered":"<p>&nbsp; &nbsp;O&nbsp;Projeto New Face S\u00e3o Paulo&nbsp;ser\u00e1 realizado no pr\u00f3ximo domingo&nbsp;04\/06, \u00e0s 19h&nbsp;no&nbsp;Japan Tawer&nbsp;(Casa dos Artistas)&#8230;.<\/p>\n","protected":false},"author":2,"featured_media":9620,"comment_status":"closed","ping_status":"open","sticky":false,"template":"","format":"standard","meta":{"om_disable_all_campaigns":false,"_monsterinsights_skip_tracking":false,"_monsterinsights_sitenote_active":false,"_monsterinsights_sitenote_note":"","_monsterinsights_sitenote_category":0,"spay_email":""},"categories":[26],"tags":[106,679,691,680,681],"jetpack_featured_media_url":"https:\/\/vimagazine.com.br\/wp-content\/uploads\/2023\/05\/8e4f4a12-02f1-4fa3-b896-447a026dba3a.jpg","_links":{"self":[{"href":"https:\/\/vimagazine.com.br\/index.php?rest_route=\/wp\/v2\/posts\/9614"}],"collection":[{"href":"https:\/\/vimagazine.com.br\/index.php?rest_route=\/wp\/v2\/posts"}],"about":[{"href":"https:\/\/vimagazine.com.br\/index.php?rest_route=\/wp\/v2\/types\/post"}],"author":[{"embeddable":true,"href":"https:\/\/vimagazine.com.br\/index.php?rest_route=\/wp\/v2\/users\/2"}],"replies":[{"embeddable":true,"href":"https:\/\/vimagazine.com.br\/index.php?rest_route=%2Fwp%2Fv2%2Fcomments&post=9614"}],"version-history":[{"count":1,"href":"https:\/\/vimagazine.com.br\/index.php?rest_route=\/wp\/v2\/posts\/9614\/revisions"}],"predecessor-version":[{"id":9621,"href":"https:\/\/vimagazine.com.br\/index.php?rest_route=\/wp\/v2\/posts\/9614\/revisions\/9621"}],"wp:featuredmedia":[{"embeddable":true,"href":"https:\/\/vimagazine.com.br\/index.php?rest_route=\/wp\/v2\/media\/9620"}],"wp:attachment":[{"href":"https:\/\/vimagazine.com.br\/index.php?rest_route=%2Fwp%2Fv2%2Fmedia&parent=9614"}],"wp:term":[{"taxonomy":"category","embeddable":true,"href":"https:\/\/vimagazine.com.br\/index.php?rest_route=%2Fwp%2Fv2%2Fcategories&post=9614"},{"taxonomy":"post_tag","embeddable":true,"href":"https:\/\/vimagazine.com.br\/index.php?rest_route=%2Fwp%2Fv2%2Ftags&post=9614"}],"curies":[{"name":"wp","href":"https:\/\/api.w.org\/{rel}","templated":true}]}}