{"id":9625,"date":"2023-06-01T12:22:40","date_gmt":"2023-06-01T15:22:40","guid":{"rendered":"https:\/\/vimagazine.com.br\/?p=9625"},"modified":"2023-06-01T12:22:44","modified_gmt":"2023-06-01T15:22:44","slug":"adeus-bisturi-metodo-de-reducao-de-medidas-indolor-chega-em-sao-paulo","status":"publish","type":"post","link":"https:\/\/vimagazine.com.br\/?p=9625","title":{"rendered":"Adeus bisturi: M\u00e9todo de redu\u00e7\u00e3o de medidas indolor chega em S\u00e3o Paulo"},"content":{"rendered":"\n<p>A Cl\u00ednica Paulista Vittorio Veneto introduz o revolucion\u00e1rio M\u00e9todo Selado Europeu idealizado pela Dra. Poliane Cardoso para o tratamento de gordura localizada.<\/p>\n\n\n\n<p>O m\u00e9todo visa oferecer solu\u00e7\u00f5es inovadoras para o tratamento de gordura localizada. A empres\u00e1ria Michele De Ros, reconhecida no ramo da beleza, compartilhou entusiasmada sobre a nova adi\u00e7\u00e3o \u00e0 cl\u00ednica:<em> &#8220;Estamos em uma caminhada com fim determinado, ent\u00e3o quero fazer essa caminhada diferente e a Cl\u00ednica me deu sentido, um grande prop\u00f3sito.&#8221;<\/em><\/p>\n\n\n\n<p>O M\u00e9todo Selado Europeu destaca-se por seus tratamentos patenteados e resultados baseados em evid\u00eancias cient\u00edficas. Este \u00e9 apenas um dos procedimentos inovadores lan\u00e7ados e patenteados pela Dra. Poliane Cardoso, que \u00e9 considerada uma autoridade no segmento da Ozonioterapia na Est\u00e9tica. Fisioterapeuta h\u00e1 16 anos e especialista em medicina funcional e ortomolecular, acabou de ministrar palestra em Harvard sobre o assunto.<\/p>\n\n\n\n<p><em>\u201cO procedimento atrav\u00e9s do m\u00e9todo europeu \u00e9 capaz de reduzir cerca de 40% da gordura localizada em apenas 48 horas, sem a necessidade de anestesias, cortes ou interven\u00e7\u00f5es cir\u00fargicas, oferecendo uma alternativa \u00e0 lipoaspira\u00e7\u00e3o com resultados compar\u00e1veis\u201d. <\/em>Declarou a Dra. Poliane.&nbsp;<\/p>\n\n\n\n<p><strong>O que \u00e9 o M\u00e9todo Selado Europeu?<\/strong><br>Trata-se de um tratamento exclusivo baseado em ampla literatura cient\u00edfica, que combina diversas terapias para o tratamento eficaz da gordura localizada, tendo como base a t\u00e9cnica da Criolip\u00f3lise, que \u00e9 um m\u00e9todo registrado por \u00f3rg\u00e3os competentes, garantindo sua seguran\u00e7a e efic\u00e1cia.<\/p>\n\n\n\n<p>Indicado para pessoas com gordura localizada em regi\u00f5es espec\u00edficas do corpo, como abd\u00f4men inferior e superior, cintura, culote, flancos e parte interna da coxa, o M\u00e9todo Selado Europeu apresenta resultados vis\u00edveis em apenas 48 horas, eliminando at\u00e9 mesmo a gordura resistente \u00e0s dietas e exerc\u00edcios f\u00edsicos.<\/p>\n\n\n\n<figure class=\"wp-container-2 wp-block-gallery-1 wp-block-gallery has-nested-images columns-default is-cropped\">\n<figure class=\"wp-block-image size-large\"><img width=\"1024\" height=\"642\" data-id=\"9627\"  src=\"https:\/\/vimagazine.com.br\/wp-content\/uploads\/2023\/06\/WhatsApp-Image-2023-06-01-at-05.05.44-1.jpeg\" alt=\"\" class=\"wp-image-9627\" srcset=\"https:\/\/vimagazine.com.br\/wp-content\/uploads\/2023\/06\/WhatsApp-Image-2023-06-01-at-05.05.44-1.jpeg 1024w, https:\/\/vimagazine.com.br\/wp-content\/uploads\/2023\/06\/WhatsApp-Image-2023-06-01-at-05.05.44-1-300x188.jpeg 300w, https:\/\/vimagazine.com.br\/wp-content\/uploads\/2023\/06\/WhatsApp-Image-2023-06-01-at-05.05.44-1-768x482.jpeg 768w, https:\/\/vimagazine.com.br\/wp-content\/uploads\/2023\/06\/WhatsApp-Image-2023-06-01-at-05.05.44-1-540x340.jpeg 540w, https:\/\/vimagazine.com.br\/wp-content\/uploads\/2023\/06\/WhatsApp-Image-2023-06-01-at-05.05.44-1-400x250.jpeg 400w\" sizes=\"(max-width: 1024px) 100vw, 1024px\" \/><\/figure>\n\n\n\n<figure class=\"wp-block-image size-large\"><img width=\"999\" height=\"638\" data-id=\"9628\"  src=\"https:\/\/vimagazine.com.br\/wp-content\/uploads\/2023\/06\/WhatsApp-Image-2023-06-01-at-05.05.44.jpeg\" alt=\"\" class=\"wp-image-9628\" srcset=\"https:\/\/vimagazine.com.br\/wp-content\/uploads\/2023\/06\/WhatsApp-Image-2023-06-01-at-05.05.44.jpeg 999w, https:\/\/vimagazine.com.br\/wp-content\/uploads\/2023\/06\/WhatsApp-Image-2023-06-01-at-05.05.44-300x192.jpeg 300w, https:\/\/vimagazine.com.br\/wp-content\/uploads\/2023\/06\/WhatsApp-Image-2023-06-01-at-05.05.44-768x490.jpeg 768w\" sizes=\"(max-width: 999px) 100vw, 999px\" \/><\/figure>\n<\/figure>\n\n\n\n<p><strong>Tratamento:<\/strong><br>Personalizado e individualizado, sendo definido ap\u00f3s uma avalia\u00e7\u00e3o pr\u00e9via do cliente. No primeiro dia, o paciente realiza todo o procedimento, enquanto as sess\u00f5es subsequentes consistem em continuidade do m\u00e9todo. A dura\u00e7\u00e3o total do tratamento \u00e9 de 38 dias, com duas sess\u00f5es por semana, oferecendo resultados incr\u00edveis e sem dor.<\/p>\n\n\n\n<p><strong>Quanto tempo v\u00ea os resultados?<\/strong><br>Os resultados se iniciam a partir de 48 horas.<\/p>\n\n\n\n<p><strong>Quantas sess\u00f5es s\u00e3o necess\u00e1rias?<\/strong><br>O protocolo \u00e9 constitu\u00eddo por 10 sess\u00f5es durando em torno de 40 dias de tratamento! Normalmente o protocolo \u00e9 realizado 1 \u00fanica vez por regi\u00e3o de escolha do paciente (podendo ser realizado mais de uma vez o protocolo por regi\u00e3o).\u00a0<\/p>\n\n\n\n<p><strong>D\u00f3i? Tem alguma restri\u00e7\u00e3o?\u00a0 Qual \u00e9 o diferencial dos demais?\u00a0<\/strong><br>O diferencial \u00e9 que \u00e9 considerado um procedimento indolor e sem a necessidade do paciente fazer uma dieta \u00e0 risca!! Esse protocolo ter\u00e1 apenas restri\u00e7\u00f5es para o paciente imunodeprimido descompensado,com c\u00e2ncer, gravidez, marca-passo, hipertenso descompensado.<\/p>\n\n\n\n<p><strong>Quais as \u00e1reas do corpo que podem fazer ozonioterapia neste m\u00e9todo selado europeu?<\/strong><br>Quase todas as regi\u00f5es do corpo que voc\u00ea queira reduzir medidas, abd\u00f4men, flancos, costas, interno de coxa, bra\u00e7os\u2026<\/p>\n\n\n\n<p><strong>Al\u00e9m da perda de medida tem algum outro benef\u00edcio?\u00a0<\/strong><br>O M\u00e9todo selado europeu n\u00e3o tem s\u00f3 a fun\u00e7\u00e3o de reduzir medidas, mas sim de trazer a qualidade de vida para o paciente, autoestima elevada, tirando os pacientes de centros cir\u00fargicos e escolhendo procedimentos minimamente invasivos, faz a desintoxica\u00e7\u00e3o do organismo e pode ser comparada com um procedimento de lipoaspira\u00e7\u00e3o.<\/p>\n\n\n\n<figure class=\"wp-container-4 wp-block-gallery-3 wp-block-gallery has-nested-images columns-default is-cropped\">\n<figure class=\"wp-block-image size-large\"><img width=\"768\" height=\"1024\" data-id=\"9630\"  src=\"https:\/\/vimagazine.com.br\/wp-content\/uploads\/2023\/06\/WhatsApp-Image-2023-06-01-at-05.05.43.jpeg\" alt=\"\" class=\"wp-image-9630\" srcset=\"https:\/\/vimagazine.com.br\/wp-content\/uploads\/2023\/06\/WhatsApp-Image-2023-06-01-at-05.05.43.jpeg 768w, https:\/\/vimagazine.com.br\/wp-content\/uploads\/2023\/06\/WhatsApp-Image-2023-06-01-at-05.05.43-225x300.jpeg 225w\" sizes=\"(max-width: 768px) 100vw, 768px\" \/><\/figure>\n\n\n\n<figure class=\"wp-block-image size-large\"><img width=\"768\" height=\"1024\" data-id=\"9629\"  src=\"https:\/\/vimagazine.com.br\/wp-content\/uploads\/2023\/06\/WhatsApp-Image-2023-06-01-at-05.05.43-1.jpeg\" alt=\"\" class=\"wp-image-9629\" srcset=\"https:\/\/vimagazine.com.br\/wp-content\/uploads\/2023\/06\/WhatsApp-Image-2023-06-01-at-05.05.43-1.jpeg 768w, https:\/\/vimagazine.com.br\/wp-content\/uploads\/2023\/06\/WhatsApp-Image-2023-06-01-at-05.05.43-1-225x300.jpeg 225w\" sizes=\"(max-width: 768px) 100vw, 768px\" \/><\/figure>\n<\/figure>\n\n\n\n<p>A Cl\u00ednica Vittorio Veneto, sob a lideran\u00e7a da empres\u00e1ria Michele Da Ros, uma figura de destaque no ramo da Est\u00e9tica, pretende oferecer as melhores e mais avan\u00e7adas solu\u00e7\u00f5es est\u00e9ticas para seus clientes. Com a incorpora\u00e7\u00e3o do M\u00e9todo Selado Europeu, a cl\u00ednica reafirma seu compromisso em proporcionar tratamentos inovadores e eficazes, promovendo a satisfa\u00e7\u00e3o e a autoconfian\u00e7a de seus pacientes.<\/p>\n\n\n\n<p><strong>Servi\u00e7<\/strong>o<br>Cl\u00ednica Vittorio Veneto<br>Av. Presidente Kennedy, 207, Jardim Paulistano &#8211; Sorocaba<br>Redes Sociais: @vittoriovenetoestetica<br>www.vittoriovenetoestetica.com.br<br>(15) 3202-2051<\/p>\n","protected":false},"excerpt":{"rendered":"<p>A Cl\u00ednica Paulista Vittorio Veneto introduz o revolucion\u00e1rio M\u00e9todo Selado Europeu idealizado pela Dra. Poliane&#8230;<\/p>\n","protected":false},"author":18,"featured_media":9626,"comment_status":"closed","ping_status":"open","sticky":false,"template":"","format":"standard","meta":{"om_disable_all_campaigns":false,"_monsterinsights_skip_tracking":false,"_monsterinsights_sitenote_active":false,"_monsterinsights_sitenote_note":"","_monsterinsights_sitenote_category":0,"spay_email":""},"categories":[1],"tags":[567,370,590,288,349,693,298,45],"jetpack_featured_media_url":"https:\/\/vimagazine.com.br\/wp-content\/uploads\/2023\/06\/Imagem-Destaque-Expresso-Carioca-5.jpg","_links":{"self":[{"href":"https:\/\/vimagazine.com.br\/index.php?rest_route=\/wp\/v2\/posts\/9625"}],"collection":[{"href":"https:\/\/vimagazine.com.br\/index.php?rest_route=\/wp\/v2\/posts"}],"about":[{"href":"https:\/\/vimagazine.com.br\/index.php?rest_route=\/wp\/v2\/types\/post"}],"author":[{"embeddable":true,"href":"https:\/\/vimagazine.com.br\/index.php?rest_route=\/wp\/v2\/users\/18"}],"replies":[{"embeddable":true,"href":"https:\/\/vimagazine.com.br\/index.php?rest_route=%2Fwp%2Fv2%2Fcomments&post=9625"}],"version-history":[{"count":1,"href":"https:\/\/vimagazine.com.br\/index.php?rest_route=\/wp\/v2\/posts\/9625\/revisions"}],"predecessor-version":[{"id":9631,"href":"https:\/\/vimagazine.com.br\/index.php?rest_route=\/wp\/v2\/posts\/9625\/revisions\/9631"}],"wp:featuredmedia":[{"embeddable":true,"href":"https:\/\/vimagazine.com.br\/index.php?rest_route=\/wp\/v2\/media\/9626"}],"wp:attachment":[{"href":"https:\/\/vimagazine.com.br\/index.php?rest_route=%2Fwp%2Fv2%2Fmedia&parent=9625"}],"wp:term":[{"taxonomy":"category","embeddable":true,"href":"https:\/\/vimagazine.com.br\/index.php?rest_route=%2Fwp%2Fv2%2Fcategories&post=9625"},{"taxonomy":"post_tag","embeddable":true,"href":"https:\/\/vimagazine.com.br\/index.php?rest_route=%2Fwp%2Fv2%2Ftags&post=9625"}],"curies":[{"name":"wp","href":"https:\/\/api.w.org\/{rel}","templated":true}]}}