{"id":9641,"date":"2023-06-02T15:20:53","date_gmt":"2023-06-02T18:20:53","guid":{"rendered":"https:\/\/vimagazine.com.br\/?p=9641"},"modified":"2023-06-02T15:26:32","modified_gmt":"2023-06-02T18:26:32","slug":"escritora-portuguesa-e-lazaro-ramos-sao-os-destaques-da-feira-do-livro-nesta-sexta-feira","status":"publish","type":"post","link":"https:\/\/vimagazine.com.br\/?p=9641","title":{"rendered":"Escritora portuguesa e L\u00e1zaro Ramos s\u00e3o os \tdestaques da Feira do Livro nesta sexta-feira"},"content":{"rendered":"\n<p class=\"has-text-align-center\">A literatura com foco no p\u00fablico infantojuvenil estar\u00e1 no palco da 19\u00aa Feira do Livro de Joinville nesta sexta-feira, 2 de junho. <\/p>\n\n\n\n<p class=\"has-text-align-center\">A programa\u00e7\u00e3o traz a escritora e jornalista portuguesa Maria In\u00eas de Almeida, que fala sobre sua produ\u00e7\u00e3o liter\u00e1ria. \u201cDi\u00e1rios de uma garota como voc\u00ea\u201d \u00e9 o t\u00edtulo que Maria In\u00eas lan\u00e7a na feira \u2013 que tamb\u00e9m recebe, pela primeira vez, estande da Editora Tellos. A palestra ser\u00e1 em dois hor\u00e1rios, 9h e 15h30, no Teatro Juarez Machado.<\/p>\n\n\n\n<p class=\"has-text-align-center\">Sua obra mais recente \u00e9 a inspira\u00e7\u00e3o, tamb\u00e9m, para o painel que a autora divide com o escritor, ator e cineasta L\u00e1zaro Ramos, \u00e0s 10h deste s\u00e1bado \u2013 encontro em que eles discutem as narrativas para crian\u00e7as e adolescentes.<\/p>\n\n\n\n<p class=\"has-text-align-center\">L\u00e1zaro e Maria In\u00eas s\u00e3o os destaques destes primeiros dias da feira, que traz, tamb\u00e9m, outros nomes do cen\u00e1rio editorial brasileiro como o mineiro Leo Cunha, autor dedicado a falar com a garotada.<\/p>\n\n\n\n<figure class=\"wp-block-image size-large\"><img width=\"1024\" height=\"576\" src=\"https:\/\/vimagazine.com.br\/wp-content\/uploads\/2023\/06\/WhatsApp-Image-2023-06-01-at-19.03.28-1-1024x576.jpeg\" alt=\"\" class=\"wp-image-9644\" srcset=\"https:\/\/vimagazine.com.br\/wp-content\/uploads\/2023\/06\/WhatsApp-Image-2023-06-01-at-19.03.28-1-1024x576.jpeg 1024w, https:\/\/vimagazine.com.br\/wp-content\/uploads\/2023\/06\/WhatsApp-Image-2023-06-01-at-19.03.28-1-300x169.jpeg 300w, https:\/\/vimagazine.com.br\/wp-content\/uploads\/2023\/06\/WhatsApp-Image-2023-06-01-at-19.03.28-1-768x432.jpeg 768w, https:\/\/vimagazine.com.br\/wp-content\/uploads\/2023\/06\/WhatsApp-Image-2023-06-01-at-19.03.28-1-1536x864.jpeg 1536w, https:\/\/vimagazine.com.br\/wp-content\/uploads\/2023\/06\/WhatsApp-Image-2023-06-01-at-19.03.28-1.jpeg 1599w\" sizes=\"(max-width: 1024px) 100vw, 1024px\" \/><\/figure>\n\n\n\n<p class=\"has-text-align-center\"><strong>Confira a programa\u00e7\u00e3o completa: feiradolivrojoinville.com.br\/2023\/.<\/strong><\/p>\n\n\n\n<p class=\"has-text-align-center\">Realizada no Centreventos Edmundo Doubrawa, a 19\u00aa feira do Livro de Joinville vai at\u00e9 o dia 11, domingo, e traz, ainda, nomes como Itamar Vieira J\u00fanior, Andr\u00e9 Neves e Leo Cunha, e o fil\u00f3sofo, escritor e l\u00edder ambientalista Ailton Krenak. A feira tem apresenta\u00e7\u00f5es teatrais, sess\u00f5es de cinema, conta\u00e7\u00e3o de hist\u00f3rias, oficinas e palestras, al\u00e9m do Semin\u00e1rio Catarinense de Media\u00e7\u00e3o de Leitura. O cirurgi\u00e3o pl\u00e1stico joinvilense Iber\u00ea Condeixa, que lan\u00e7a na feira a obra \u201cPreto &amp; Branco Colorido\u201d, exp\u00f5e seu trabalho no Teatro Juarez Machado, com fotografias em preto &amp; branco feitas na It\u00e1lia, ao lado de poesias de Maria Luiza Kohn.<\/p>\n\n\n\n<p class=\"has-text-align-center\">Exposi\u00e7\u00e3o no foyer do Teatro Juarez Machado re\u00fane fotografias feitas na It\u00e1lia pelo cirurgi\u00e3o pl\u00e1stico Iber\u00ea Condeixa e poesias da escritora Maria Luiza Kuhn. Neste s\u00e1bado, \u00e0s 19h, Iber\u00ea autografa o livro &#8220;Preto &amp; Branco Colorido&#8221;, na Feira do Livro de Joinville.<\/p>\n\n\n\n<figure class=\"wp-block-image size-large\"><img width=\"1024\" height=\"576\" src=\"https:\/\/vimagazine.com.br\/wp-content\/uploads\/2023\/06\/WhatsApp-Image-2023-06-01-at-19.03.28-1024x576.jpeg\" alt=\"\" class=\"wp-image-9643\" srcset=\"https:\/\/vimagazine.com.br\/wp-content\/uploads\/2023\/06\/WhatsApp-Image-2023-06-01-at-19.03.28-1024x576.jpeg 1024w, https:\/\/vimagazine.com.br\/wp-content\/uploads\/2023\/06\/WhatsApp-Image-2023-06-01-at-19.03.28-300x169.jpeg 300w, https:\/\/vimagazine.com.br\/wp-content\/uploads\/2023\/06\/WhatsApp-Image-2023-06-01-at-19.03.28-768x432.jpeg 768w, https:\/\/vimagazine.com.br\/wp-content\/uploads\/2023\/06\/WhatsApp-Image-2023-06-01-at-19.03.28-1536x864.jpeg 1536w, https:\/\/vimagazine.com.br\/wp-content\/uploads\/2023\/06\/WhatsApp-Image-2023-06-01-at-19.03.28.jpeg 1599w\" sizes=\"(max-width: 1024px) 100vw, 1024px\" \/><\/figure>\n\n\n\n<p class=\"has-text-align-center\">O visitante vai encontrar livros, muitos livros, dos mais diversos g\u00eaneros, para crian\u00e7as e adultos, a pre\u00e7os acess\u00edveis, nos estandes de livrarias e editoras espalhados pelo local.<\/p>\n\n\n\n<p class=\"has-text-align-center\">Assessoria de imprensa Feira do Livro de Joinville. <\/p>\n\n\n\n<p class=\"has-text-align-center\">Jornalistas respons\u00e1veis:<\/p>\n\n\n\n<p class=\"has-text-align-center\"> Guilherme Diefenthaeler <\/p>\n\n\n\n<p class=\"has-text-align-center\">Ana Ribas Diefenthaeler.<\/p>\n\n\n\n<p><\/p>\n","protected":false},"excerpt":{"rendered":"<p>A literatura com foco no p\u00fablico infantojuvenil estar\u00e1 no palco da 19\u00aa Feira do Livro&#8230;<\/p>\n","protected":false},"author":3,"featured_media":9642,"comment_status":"closed","ping_status":"open","sticky":false,"template":"","format":"standard","meta":{"om_disable_all_campaigns":false,"_monsterinsights_skip_tracking":false,"_monsterinsights_sitenote_active":false,"_monsterinsights_sitenote_note":"","_monsterinsights_sitenote_category":0,"spay_email":""},"categories":[1],"tags":[],"jetpack_featured_media_url":"https:\/\/vimagazine.com.br\/wp-content\/uploads\/2023\/06\/WhatsApp-Image-2023-06-01-at-16.22.24.jpeg","_links":{"self":[{"href":"https:\/\/vimagazine.com.br\/index.php?rest_route=\/wp\/v2\/posts\/9641"}],"collection":[{"href":"https:\/\/vimagazine.com.br\/index.php?rest_route=\/wp\/v2\/posts"}],"about":[{"href":"https:\/\/vimagazine.com.br\/index.php?rest_route=\/wp\/v2\/types\/post"}],"author":[{"embeddable":true,"href":"https:\/\/vimagazine.com.br\/index.php?rest_route=\/wp\/v2\/users\/3"}],"replies":[{"embeddable":true,"href":"https:\/\/vimagazine.com.br\/index.php?rest_route=%2Fwp%2Fv2%2Fcomments&post=9641"}],"version-history":[{"count":2,"href":"https:\/\/vimagazine.com.br\/index.php?rest_route=\/wp\/v2\/posts\/9641\/revisions"}],"predecessor-version":[{"id":9646,"href":"https:\/\/vimagazine.com.br\/index.php?rest_route=\/wp\/v2\/posts\/9641\/revisions\/9646"}],"wp:featuredmedia":[{"embeddable":true,"href":"https:\/\/vimagazine.com.br\/index.php?rest_route=\/wp\/v2\/media\/9642"}],"wp:attachment":[{"href":"https:\/\/vimagazine.com.br\/index.php?rest_route=%2Fwp%2Fv2%2Fmedia&parent=9641"}],"wp:term":[{"taxonomy":"category","embeddable":true,"href":"https:\/\/vimagazine.com.br\/index.php?rest_route=%2Fwp%2Fv2%2Fcategories&post=9641"},{"taxonomy":"post_tag","embeddable":true,"href":"https:\/\/vimagazine.com.br\/index.php?rest_route=%2Fwp%2Fv2%2Ftags&post=9641"}],"curies":[{"name":"wp","href":"https:\/\/api.w.org\/{rel}","templated":true}]}}