{"id":9658,"date":"2023-06-06T15:21:02","date_gmt":"2023-06-06T18:21:02","guid":{"rendered":"https:\/\/vimagazine.com.br\/?p=9658"},"modified":"2023-06-06T15:21:25","modified_gmt":"2023-06-06T18:21:25","slug":"coletivo-joinville-lixo-zero-e-oceano-surfwear-lancam-colecao-de-camisetas","status":"publish","type":"post","link":"https:\/\/vimagazine.com.br\/?p=9658","title":{"rendered":"Coletivo Joinville Lixo Zero e Oceano Surfwear lan\u00e7am cole\u00e7\u00e3o de camisetas"},"content":{"rendered":"\n<p><strong>Oceano Lixo Zero no m\u00eas do Meio Ambiente<\/strong><\/p>\n\n\n\n<p><em>A collab entre as duas marcas ser\u00e1 conhecida no m\u00eas de junho, na ocasi\u00e3o<br>das comemora\u00e7\u00f5es do Dia Mundial do Meio Ambiente e Dia Mundial dos Oceanos<\/em><\/p>\n\n\n\n<p>Inspirar mais pessoas a adotarem o conceito lixo zero no dia a dia e a priorizar escolhas que contribuam com a sustentabilidade s\u00e3o alguns dos prop\u00f3sitos do Coletivo Joinville Lixo Zero, que em 2023 completa 10 anos de atua\u00e7\u00e3o na cidade. E foi aliado a esses prop\u00f3sitos que o grupo se uniu \u00e0 Oceano Surfwear para lan\u00e7ar a cole\u00e7\u00e3o de camisetas Oceano Lixo Zero, produzidas especialmente para vestir quem quer viver em um mundo mais sustent\u00e1vel.<\/p>\n\n\n\n<p>Com apoio do Instituto Lixo Zero Brasil, o resultado dessa&nbsp;<em>collab<\/em>&nbsp;poder\u00e1 ser conhecido no m\u00eas de junho, como parte das comemora\u00e7\u00f5es do m\u00eas do Meio Ambiente. O lan\u00e7amento da cole\u00e7\u00e3o ocorre no pr\u00f3ximo dia 7 de junho, a partir das 19h, no Venice Surf &amp; Bar, um dia antes do Dia Mundial dos Oceanos.&nbsp; Ser\u00e3o apresentados quatro modelos de camisetas, com estampas sugeridas pelo Coletivo Joinville Lixo Zero e aprovado pela equipe de produ\u00e7\u00e3o da Oceano Surfwear.&nbsp;<\/p>\n\n\n\n<p><em>\u201cEstamos bem ansiosos com esse lan\u00e7amento, pois acreditamos que por meio do que vestimos podemos levar reflex\u00e3o e possibilitar di\u00e1logos com outras pessoas. E para isso nada melhor que uma parceria com a Oceano, que tem a sustentabilidade e a preserva\u00e7\u00e3o ambiental como foco da marca\u201d<\/em>, comenta Gustavo Ritzmann, um dos fundadores do Coletivo Joinville Lixo Zero.<\/p>\n\n\n\n<p>As camisetas podem ser adquiridas pelos valores que variam de R$89,90 e R$109,90, conforme o modelo, e parte da renda ser\u00e1 destinada ao Coletivo Joinville Lixo Zero\/Instituto Lixo Zero Brasil. Acesse o e-commerce da\u00a0<a href=\"https:\/\/www.oceano.com.br\/lixo-zero\" target=\"_blank\" rel=\"noreferrer noopener\">Oceano Surfwear<\/a>\u00a0(as camisetas estar\u00e3o dispon\u00edveis para venda a partir de segunda, dia 5) ou o Instagram do\u00a0<a href=\"http:\/\/www.instagram.com\/joinville.lixozero\" target=\"_blank\" rel=\"noreferrer noopener\">@joinville.lixozero<\/a>.\u00a0<\/p>\n\n\n\n<p><\/p>\n\n\n\n<figure class=\"wp-block-image size-large\"><img width=\"575\" height=\"1024\" src=\"https:\/\/vimagazine.com.br\/wp-content\/uploads\/2023\/06\/IMG_2219-575x1024.jpg\" alt=\"\" class=\"wp-image-9660\" srcset=\"https:\/\/vimagazine.com.br\/wp-content\/uploads\/2023\/06\/IMG_2219-575x1024.jpg 575w, https:\/\/vimagazine.com.br\/wp-content\/uploads\/2023\/06\/IMG_2219-168x300.jpg 168w, https:\/\/vimagazine.com.br\/wp-content\/uploads\/2023\/06\/IMG_2219-768x1368.jpg 768w, https:\/\/vimagazine.com.br\/wp-content\/uploads\/2023\/06\/IMG_2219-862x1536.jpg 862w, https:\/\/vimagazine.com.br\/wp-content\/uploads\/2023\/06\/IMG_2219-1024x1824.jpg 1024w, https:\/\/vimagazine.com.br\/wp-content\/uploads\/2023\/06\/IMG_2219.jpg 1078w\" sizes=\"(max-width: 575px) 100vw, 575px\" \/><\/figure>\n\n\n\n<p><br><strong>Produ\u00e7\u00e3o sustent\u00e1vel conectada com o movimento Lixo Zero&nbsp;<\/strong><\/p>\n\n\n\n<p>A s\u00f3cia-diretora da Oceano Surfwear, Sabrina Eggert, destaca que as camisetas s\u00e3o confeccionadas em malha produzida a partir de res\u00edduos t\u00eaxteis, possibilitando a diminui\u00e7\u00e3o do consumo de \u00e1gua. Para garantir estabilidade da fibra, o fio recebe em sua composi\u00e7\u00e3o poli\u00e9ster fabricado a partir da reciclagem de garrafas PETs.&nbsp;<\/p>\n\n\n\n<p><em>&#8220;Para a Oceano, \u00e9 uma honra estar com o movimento Lixo Zero, atingindo novos p\u00fablicos e unindo for\u00e7as a uma causa t\u00e3o linda. Nesta cole\u00e7\u00e3o, adotamos a m\u00e1xima de que nada se perde, tudo se transforma. A malha feita de PET reduz o descarte e ressignifica o que muitos ainda acreditam ser lixo. Na verdade, esse material garante valor para res\u00edduos gerados no dia a dia e impedem que uma grande quantidade de garrafas PET v\u00e1 parar nos oceanos\u201d,\u00a0<\/em>diz, acrescentando que cada camiseta utiliza cinco garrafas PET recicladas.\u00a0<\/p>\n\n\n\n<figure class=\"wp-block-image size-large\"><img width=\"575\" height=\"1024\" src=\"https:\/\/vimagazine.com.br\/wp-content\/uploads\/2023\/06\/IMG_2199-575x1024.jpg\" alt=\"\" class=\"wp-image-9661\" srcset=\"https:\/\/vimagazine.com.br\/wp-content\/uploads\/2023\/06\/IMG_2199-575x1024.jpg 575w, https:\/\/vimagazine.com.br\/wp-content\/uploads\/2023\/06\/IMG_2199-168x300.jpg 168w, https:\/\/vimagazine.com.br\/wp-content\/uploads\/2023\/06\/IMG_2199-768x1368.jpg 768w, https:\/\/vimagazine.com.br\/wp-content\/uploads\/2023\/06\/IMG_2199-862x1536.jpg 862w, https:\/\/vimagazine.com.br\/wp-content\/uploads\/2023\/06\/IMG_2199-1024x1824.jpg 1024w, https:\/\/vimagazine.com.br\/wp-content\/uploads\/2023\/06\/IMG_2199.jpg 1078w\" sizes=\"(max-width: 575px) 100vw, 575px\" \/><\/figure>\n\n\n\n<p><strong>Sustentabilidade conectada com a arte e a criatividade&nbsp;<\/strong><\/p>\n\n\n\n<p>Al\u00e9m da sustentabilidade e conex\u00e3o com o conceito lixo zero, outros dois pilares que n\u00e3o poderiam ficar de fora da&nbsp;<em>collab<\/em>&nbsp;entre Coletivo Joinville Lixo Zero e Oceano Surfwear s\u00e3o a arte e a criatividade como norteadores para a a\u00e7\u00e3o. Por isso, foram convidados o artista visual Fox Malinoski e a designer Daisy Dalberto para pensarem as estampas dos quatro modelos de camisetas.&nbsp;<\/p>\n\n\n\n<p>Paranaense, Fox, que al\u00e9m de artista visual \u00e9 m\u00fasico e grafiteiro, idealizou uma estampa conectada com a preserva\u00e7\u00e3o dos oceanos. A imagem de uma baleia segue a linha do que ele costuma usar em seus trabalhos, marcado por figuras enigm\u00e1ticas, que remetem \u00e0 vida f\u00edsica e espiritual, resultando em animais pict\u00f3ricos e criados com um tra\u00e7o peculiar que vem chamando a aten\u00e7\u00e3o de apreciadores de arte.&nbsp;<\/p>\n\n\n\n<p><em>&#8220;Poder contribuir com a minha arte para essa campanha do Coletivo Joinville Lixo Zero \u00e9 bem gratificante. A arte se manifesta para cada pessoa de um jeito e essa imagem mostra que o oceano tem uma beleza singular, nos pequenos detalhes. Precisamos ter consci\u00eancia e atitude para preserv\u00e1-lo\u201d,&nbsp;<\/em>comenta.&nbsp;<\/p>\n\n\n\n<p>J\u00e1 a designer e consultora de Branding Daisy Dalberto se inspirou nas mensagens com as quais ela j\u00e1 \u00e9 familiarizada por ter sido respons\u00e1vel pela identidade visual de v\u00e1rias a\u00e7\u00f5es desenvolvidas pelo Coletivo, como a Semana Lixo Zero Joinville. Natural de Joinville, ela explica que a preocupa\u00e7\u00e3o com a preserva\u00e7\u00e3o ambiental e a produ\u00e7\u00e3o de res\u00edduos nortearam a cria\u00e7\u00e3o das estampas.&nbsp;<\/p>\n\n\n\n<p><em>\u201cFazer parte do movimento Lixo Zero \u00e9 uma oportunidade de poder me conectar com pessoas incr\u00edveis, com o mesmo olhar para o meio ambiente, e com grande for\u00e7a de vontade para lutar pela causa. Pensar nessas estampas foi motivador, construtivo e inspirador em diversos aspectos\u201d<\/em>, destaca.<\/p>\n\n\n\n<figure class=\"wp-block-image size-large\"><img width=\"575\" height=\"1024\" src=\"https:\/\/vimagazine.com.br\/wp-content\/uploads\/2023\/06\/IMG_2013-575x1024.jpg\" alt=\"\" class=\"wp-image-9662\" srcset=\"https:\/\/vimagazine.com.br\/wp-content\/uploads\/2023\/06\/IMG_2013-575x1024.jpg 575w, https:\/\/vimagazine.com.br\/wp-content\/uploads\/2023\/06\/IMG_2013-168x300.jpg 168w, https:\/\/vimagazine.com.br\/wp-content\/uploads\/2023\/06\/IMG_2013-768x1368.jpg 768w, https:\/\/vimagazine.com.br\/wp-content\/uploads\/2023\/06\/IMG_2013-862x1536.jpg 862w, https:\/\/vimagazine.com.br\/wp-content\/uploads\/2023\/06\/IMG_2013-1024x1824.jpg 1024w, https:\/\/vimagazine.com.br\/wp-content\/uploads\/2023\/06\/IMG_2013.jpg 1078w\" sizes=\"(max-width: 575px) 100vw, 575px\" \/><\/figure>\n\n\n\n<p><br><strong>Quem veste a camisa para divulgar a cole\u00e7\u00e3o<\/strong><\/p>\n\n\n\n<p><strong><br><\/strong>As fotos usadas para divulgar a cole\u00e7\u00e3o Oceano Lixo Zero foram feitas em Joinville\/SC pelo fot\u00f3grafo Renan Bett. Os modelos s\u00e3o pessoas que moram na cidade e est\u00e3o conectadas com o movimento Lixo Zero. Confira&nbsp;<img alt=\"\ud83d\udc47\" src=\"https:\/\/fonts.gstatic.com\/s\/e\/notoemoji\/15.0\/1f447\/32.png\"><\/p>\n\n\n\n<p><br>Camiseta 5Rs:&nbsp;Ana Carolina de Liz, propriet\u00e1ria da Funcion\u00e1rias &#8211; empresa especialista em ressignificar materiais t\u00eaxteis industriais que seriam descartados, gerando impacto socioambiental atrav\u00e9s do feito \u00e0 m\u00e3o. \u201cParticipar desta a\u00e7\u00e3o \u00e9 uma honra, pois eu trabalho com isso e sou parceira do Joinville Lixo Zero h\u00e1 alguns anos. Quero incentivar mais pessoas para que estejam conosco.\u201d<\/p>\n\n\n\n<p><br>Camiseta Baleia, do Fox:&nbsp;Daniel dos Santos de Moura, propriet\u00e1rio do restaurante Casa de Moura, fundado em 2015, tem como prop\u00f3sito a gastronomia autoral e com autenticidade. &#8220;Foi uma grata surpresa o convite para participar da campanha, pois s\u00e3o temas que permeiam toda a sociedade e as empresas precisam ter um olhar e a\u00e7\u00e3o que contribuam para causar menos impacto no meio ambiente.\u201d<\/p>\n\n\n\n<p><br>Camiseta Fa\u00e7a amor, n\u00e3o fa\u00e7a lixo:&nbsp;Gustavo Ritzmann \u00e9 co-fundador e membro diretor do Coletivo Joinville Lixo Zero, Engenheiro de Produ\u00e7\u00e3o, Permacultor e Educador. Al\u00e9m disso, \u00e9 co-fundador da Rastro Sustentabilidade e embaixador do Instituto Lixo Zero Brasil. Desde 2013 atua com causas ambientais, projetos de sustentabilidade\/ESG e educa\u00e7\u00e3o ambiental.<\/p>\n\n\n\n<p><br>Camiseta Composto, logo crio vida:&nbsp;Ta\u00edsa Rodrigues \u00e9 jornalista, m\u00e3e, embaixadora do Instituto Lixo Zero Brasil, membro da diretoria e assessora de imprensa do Coletivo Joinville Lixo Zero e atua h\u00e1 20 anos com comunica\u00e7\u00e3o. \u201cContribuir com esta collab, desde a semente e agora ver brotar, \u00e9 muito gratificante. Que esses frutos se espalhem para que mais pessoas possam contribuir com o meio ambiente, com a natureza da qual somos parte.\u201d<\/p>\n\n\n\n<p><br><br><strong><u>Servi\u00e7o<\/u><\/strong><\/p>\n\n\n\n<p><strong>O qu\u00ea<\/strong>: Lan\u00e7amento das camisetas Oceano Lixo Zero, da Collab entre Coletivo Joinville Lixo Zero e Oceano Surfwear<br><strong>Quando<\/strong>: 7 de junho, \u00e0s 19h.<br><strong>Onde:<\/strong>&nbsp;Venice Surf &amp; Bar. Rua Max Colin, 2520, Gl\u00f3ria &#8211; Entrada Gratuita.<br><strong>Vendas<\/strong>: para todo o Brasil via e-commerce da Oceano Surfwear ou Instagram do @joinville.lixozero<\/p>\n\n\n\n<p><strong>Fotos<\/strong>&nbsp;<a href=\"https:\/\/drive.google.com\/drive\/folders\/13o1QpQdS3Z9FlHtVlvgo9KIaH519r_dX\" target=\"_blank\" rel=\"noreferrer noopener\">aqui.<\/a><\/p>\n\n\n\n<p>Cr\u00e9dito: Renan Bett<\/p>\n\n\n\n<p><br><br><strong>Assessoria de Comunica\u00e7\u00e3o<br>Cil\u00e9ia Pontes |&nbsp;<\/strong><strong><a href=\"mailto:cileia@majuicomunicacao.com\" target=\"_blank\" rel=\"noreferrer noopener\">cileia<\/a>@<a href=\"http:\/\/majuicomunicacao.com\/\" target=\"_blank\" rel=\"noreferrer noopener\">majuicomunicacao.com<\/a>&nbsp;<\/strong><strong>(47) 99991-1953&nbsp;&nbsp;<\/strong><\/p>\n\n\n\n<p><strong>Ta\u00edsa Rodrigues |&nbsp;<\/strong><a href=\"mailto:tai@tairodrigues.com\" target=\"_blank\" rel=\"noreferrer noopener\"><strong>tai@tairodrigues.com<\/strong><strong><br><\/strong><\/a><strong>(47) 988643373<\/strong><\/p>\n\n\n\n<p><\/p>\n","protected":false},"excerpt":{"rendered":"<p>Oceano Lixo Zero no m\u00eas do Meio Ambiente A collab entre as duas marcas ser\u00e1&#8230;<\/p>\n","protected":false},"author":3,"featured_media":9659,"comment_status":"closed","ping_status":"open","sticky":false,"template":"","format":"standard","meta":{"om_disable_all_campaigns":false,"_monsterinsights_skip_tracking":false,"_monsterinsights_sitenote_active":false,"_monsterinsights_sitenote_note":"","_monsterinsights_sitenote_category":0,"spay_email":""},"categories":[1],"tags":[],"jetpack_featured_media_url":"https:\/\/vimagazine.com.br\/wp-content\/uploads\/2023\/06\/Oceano-Lixo-Zero_camisetas-1.jpg","_links":{"self":[{"href":"https:\/\/vimagazine.com.br\/index.php?rest_route=\/wp\/v2\/posts\/9658"}],"collection":[{"href":"https:\/\/vimagazine.com.br\/index.php?rest_route=\/wp\/v2\/posts"}],"about":[{"href":"https:\/\/vimagazine.com.br\/index.php?rest_route=\/wp\/v2\/types\/post"}],"author":[{"embeddable":true,"href":"https:\/\/vimagazine.com.br\/index.php?rest_route=\/wp\/v2\/users\/3"}],"replies":[{"embeddable":true,"href":"https:\/\/vimagazine.com.br\/index.php?rest_route=%2Fwp%2Fv2%2Fcomments&post=9658"}],"version-history":[{"count":2,"href":"https:\/\/vimagazine.com.br\/index.php?rest_route=\/wp\/v2\/posts\/9658\/revisions"}],"predecessor-version":[{"id":9664,"href":"https:\/\/vimagazine.com.br\/index.php?rest_route=\/wp\/v2\/posts\/9658\/revisions\/9664"}],"wp:featuredmedia":[{"embeddable":true,"href":"https:\/\/vimagazine.com.br\/index.php?rest_route=\/wp\/v2\/media\/9659"}],"wp:attachment":[{"href":"https:\/\/vimagazine.com.br\/index.php?rest_route=%2Fwp%2Fv2%2Fmedia&parent=9658"}],"wp:term":[{"taxonomy":"category","embeddable":true,"href":"https:\/\/vimagazine.com.br\/index.php?rest_route=%2Fwp%2Fv2%2Fcategories&post=9658"},{"taxonomy":"post_tag","embeddable":true,"href":"https:\/\/vimagazine.com.br\/index.php?rest_route=%2Fwp%2Fv2%2Ftags&post=9658"}],"curies":[{"name":"wp","href":"https:\/\/api.w.org\/{rel}","templated":true}]}}