{"id":9665,"date":"2023-06-06T23:50:33","date_gmt":"2023-06-07T02:50:33","guid":{"rendered":"https:\/\/vimagazine.com.br\/?p=9665"},"modified":"2023-06-06T23:50:37","modified_gmt":"2023-06-07T02:50:37","slug":"final-de-semana-do-feriado-de-corpus-christi-tera-megaevento-de-kako-chocolata","status":"publish","type":"post","link":"https:\/\/vimagazine.com.br\/?p=9665","title":{"rendered":"Final de semana do feriado de Corpus Christi, ter\u00e1 megaevento de Kako Chocolata"},"content":{"rendered":"\n<p><\/p>\n\n\n\n<p><em>O Caldeir\u00e3o do Kako Chocolata, que ser\u00e1 realizado no dia 10\/06, contar\u00e1 com algumas participa\u00e7\u00f5es e surpresas especiais para quem estiver presente. Os ingressos j\u00e1 est\u00e3o dispon\u00edveis<\/em><\/p>\n\n\n\n<p>O sambista <a href=\"https:\/\/www.instagram.com\/kakochocolataoficial\/\"><strong>Kako Chocolata<\/strong><\/a> realizar\u00e1 o seu megaevento, o <strong>Caldeir\u00e3o do Kako<\/strong>, que ser\u00e1 realizado no dia 10 de junho de 2023, no <a href=\"https:\/\/www.instagram.com\/patriarcaloungebeer\/\">Patriarca Lounge Beer<\/a>, na Av. Ant\u00f4nio Estev\u00e3o de Carvalho, 1608, na Patriarca, em S\u00e3o Paulo (SP), \u00e0s 19h.<\/p>\n\n\n\n<p>O evento ter\u00e1 convidados especiais como o grupo Ousadia, Fabiano Sorriso, Rick, Ester, Marta Maria, Carica, Renan Moraes, Katiane, Zambuzeiro, Celsinho Mody, Carlos Jr, Douglas Sampa, al\u00e9m dos DJs Nega Li e Rafa. &nbsp;<\/p>\n\n\n\n<p>Kako comenta que o show retrata tudo o que ele passou em sua carreira, desde o in\u00edcio, quando tinha 15 anos, at\u00e9 hoje.<\/p>\n\n\n\n<p>\u201cEste show \u00e9 com banda completa, exclusivo apenas no Caldeir\u00e3o do Kako, n\u00e3o fa\u00e7o essa apresenta\u00e7\u00e3o nas casas de show. \u00c9 um evento em comemora\u00e7\u00e3o ao meu anivers\u00e1rio e, tamb\u00e9m, para festejar aonde cheguei na minha carreira, relatando tudo que sou e tudo o que caminhei\u201d, revela.<\/p>\n\n\n\n<p>Com seis horas de m\u00fasica, Kako garante que o show ser\u00e1 uma experi\u00eancia \u00fanica.&nbsp;<\/p>\n\n\n\n<p>\u201cEu tenho muito o que falar, por\u00e9m o Caldeir\u00e3o do Kako \u00e9 um projeto t\u00e3o grande que fica dif\u00edcil resumir. Mas, pontuando, nesse show, vou conseguir falar do que eu sou, em forma de m\u00fasica. A decora\u00e7\u00e3o e as cores me representam bastante. A laranja, a verde, a roxa e a branca t\u00eam rela\u00e7\u00e3o religiosa de matriz africana. Al\u00e9m disso, teremos surpresas que s\u00f3 quem estiver presente vai presenciar e sentir&nbsp;a&nbsp;energia\u201d, finaliza Kako Chocolata.<\/p>\n\n\n\n<p><strong>Garanta o seu ingresso pelo link:<\/strong> <a href=\"https:\/\/www.sympla.com.br\/caldeirao-do-kako-chocolata__1994498\">https:\/\/www.sympla.com.br\/caldeirao-do-kako-chocolata__1994498<\/a><\/p>\n\n\n\n<p><strong>Servi\u00e7o<\/strong><br><strong>Caldeir\u00e3o do Kako<\/strong><br><strong>Dia:<\/strong> 10 de junho de 2023<br><strong>Hor\u00e1rio:<\/strong> a partir das 19h<br><strong>Local:<\/strong> Patriarca Lounge Beer<br><strong>Endere\u00e7o:<\/strong> avenida Ant\u00f4nio Estev\u00e3o de Carvalho, 1608 &#8211; Cidade Patriarca, S\u00e3o Paulo (SP)<br><strong>Ingressos: <\/strong><a href=\"https:\/\/www.sympla.com.br\/caldeirao-do-kako-chocolata__1994498\">https:\/\/www.sympla.com.br\/caldeirao-do-kako-chocolata__1994498<\/a><\/p>\n","protected":false},"excerpt":{"rendered":"<p>O Caldeir\u00e3o do Kako Chocolata, que ser\u00e1 realizado no dia 10\/06, contar\u00e1 com algumas participa\u00e7\u00f5es&#8230;<\/p>\n","protected":false},"author":2,"featured_media":9666,"comment_status":"closed","ping_status":"open","sticky":false,"template":"","format":"standard","meta":{"om_disable_all_campaigns":false,"_monsterinsights_skip_tracking":false,"_monsterinsights_sitenote_active":false,"_monsterinsights_sitenote_note":"","_monsterinsights_sitenote_category":0,"spay_email":""},"categories":[26,1],"tags":[694,106,695,100],"jetpack_featured_media_url":"https:\/\/vimagazine.com.br\/wp-content\/uploads\/2023\/06\/8bdfcbc9-1b84-45b5-9b2a-6f26c2bd9e9e.jpg","_links":{"self":[{"href":"https:\/\/vimagazine.com.br\/index.php?rest_route=\/wp\/v2\/posts\/9665"}],"collection":[{"href":"https:\/\/vimagazine.com.br\/index.php?rest_route=\/wp\/v2\/posts"}],"about":[{"href":"https:\/\/vimagazine.com.br\/index.php?rest_route=\/wp\/v2\/types\/post"}],"author":[{"embeddable":true,"href":"https:\/\/vimagazine.com.br\/index.php?rest_route=\/wp\/v2\/users\/2"}],"replies":[{"embeddable":true,"href":"https:\/\/vimagazine.com.br\/index.php?rest_route=%2Fwp%2Fv2%2Fcomments&post=9665"}],"version-history":[{"count":1,"href":"https:\/\/vimagazine.com.br\/index.php?rest_route=\/wp\/v2\/posts\/9665\/revisions"}],"predecessor-version":[{"id":9667,"href":"https:\/\/vimagazine.com.br\/index.php?rest_route=\/wp\/v2\/posts\/9665\/revisions\/9667"}],"wp:featuredmedia":[{"embeddable":true,"href":"https:\/\/vimagazine.com.br\/index.php?rest_route=\/wp\/v2\/media\/9666"}],"wp:attachment":[{"href":"https:\/\/vimagazine.com.br\/index.php?rest_route=%2Fwp%2Fv2%2Fmedia&parent=9665"}],"wp:term":[{"taxonomy":"category","embeddable":true,"href":"https:\/\/vimagazine.com.br\/index.php?rest_route=%2Fwp%2Fv2%2Fcategories&post=9665"},{"taxonomy":"post_tag","embeddable":true,"href":"https:\/\/vimagazine.com.br\/index.php?rest_route=%2Fwp%2Fv2%2Ftags&post=9665"}],"curies":[{"name":"wp","href":"https:\/\/api.w.org\/{rel}","templated":true}]}}