{"id":9697,"date":"2023-06-13T11:34:37","date_gmt":"2023-06-13T14:34:37","guid":{"rendered":"https:\/\/vimagazine.com.br\/?p=9697"},"modified":"2023-06-13T11:34:39","modified_gmt":"2023-06-13T14:34:39","slug":"concurso-de-coloracao-de-cabelos-incentiva-criatividade-de-cabeleireiros-do-vale-do-paraiba-e-de-todo-o-brasil","status":"publish","type":"post","link":"https:\/\/vimagazine.com.br\/?p=9697","title":{"rendered":"Concurso de Colora\u00e7\u00e3o de Cabelos incentiva criatividade de cabeleireiros do Vale do Para\u00edba e de todo o Brasil"},"content":{"rendered":"\n<p>A iniciativa \u00e9 de empresa de cosm\u00e9tica capilar Raiz Latina, com sede em S\u00e3o Jos\u00e9 dos Campos<\/p>\n\n\n\n<p>A empresa de cosm\u00e9tica Raiz Latina de S\u00e3o Jos\u00e9 dos Campos lan\u00e7a para o Vale do Para\u00edba e para outras regi\u00f5es do Brasil, onde atuam os distribuidores, o \u201cConcurso Honey Color Expert Raiz Latina\u201d para cabeleireiros profissionais. As inscri\u00e7\u00f5es s\u00e3o gratuitas e est\u00e3o abertas e v\u00e3o at\u00e9 15 de julho. O objetivo \u00e9 promover a criatividade, apontar talentos e incentivar a inova\u00e7\u00e3o da colora\u00e7\u00e3o. &nbsp;O pr\u00eamio principal \u00e9 de R$4mil. As inscri\u00e7\u00f5es podem ser feitas neste link: www.raizlatina.com.br<\/p>\n\n\n\n<p>\u201cTemos talentos por todo o Brasil dentro dos sal\u00f5es que realizam trabalhos incr\u00edveis de colora\u00e7\u00e3o e queremos mostrar estes artistas dos cabelos para todo mundo ver e conhecer as possibilidades, as misturas para a colora\u00e7\u00e3o dos cabelos. Para isso, criamos a oportunidade por meio do Concurso Honey Color Expert Raiz Latina\u201d, contou Telma dos Santos, CEO da Raiz Latina.<\/p>\n\n\n\n<p>A criatividade poder\u00e1 correr solta, uma das regras do concurso \u00e9 o cabeleireiro usar no m\u00ednimo 03 colora\u00e7\u00f5es da linha Honey Color e ainda, utilizar os produtos de tratamentos da Raiz Latina.<\/p>\n\n\n\n<p>O participante dever\u00e1 ser maior de 18 anos. &nbsp;Ap\u00f3s a colora\u00e7\u00e3o, o participante dever\u00e1 postar nos stories do Instagram a foto comparativa do antes e depois do procedimento, marcando o nosso perfil oficial e usando a #honeycolorexpert e #raizlatina. E seguir o perfil oficial: @raizlatina.oficial. &nbsp;<\/p>\n\n\n\n<p>As demais regras podem ser conferidas: www.raizlatina.com.br<\/p>\n\n\n\n<p>Etapas do Concurso<\/p>\n\n\n\n<p>Concurso Honey Color Expert Raiz Latina ter\u00e1 duas etapas de classifica\u00e7\u00e3o. A primeira etapa \u00e9 feita por um grupo de jurados t\u00e9cnicos, eles ir\u00e3o escolher 10 finalistas.<\/p>\n\n\n\n<p>A segunda etapa ser\u00e1 por meio de vota\u00e7\u00e3o popular e j\u00fari t\u00e9cnico.<\/p>\n\n\n\n<p>Os crit\u00e9rios de julgamento incluir\u00e3o criatividade, t\u00e9cnica, aplica\u00e7\u00e3o de cor, harmonia e resultado final.<\/p>\n\n\n\n<p>O vencedor ser\u00e1 anunciado em 31 de julho atrav\u00e9s de live pelo Instagram da Raiz Latina (@raizlatina.oficial).<\/p>\n\n\n\n<p>Premia\u00e7\u00e3o para o Cabeleireiro e para o Distribuidor e Modelo<\/p>\n\n\n\n<p>Os tr\u00eas primeiros colocados receber\u00e3o pr\u00eamios em dinheiro e produtos.<\/p>\n\n\n\n<p>A Raiz Latina n\u00e3o premiar\u00e1 apenas o cabeleireiro profissional, ela ir\u00e1 reconhecer tamb\u00e9m o trabalho dos distribuidores e dos modelos que est\u00e3o transformando os seus cabelos. Confira como ser\u00e1 a premia\u00e7\u00e3o:<\/p>\n\n\n\n<p>1\u00ba lugar: R$ 4.000,00 para o profissional cabeleireiro, R$ 1.000,00 para o (a) modelo + 1 Kit P\u00f3s-Qu\u00edmica Home Care, R$ 1.000,00 para o Distribuidor respons\u00e1vel pela venda;<\/p>\n\n\n\n<p>2\u00ba lugar: R$ 2.500,00 para o profissional cabeleireiro, R$ 500,00 para o (a) modelo + 1 Kit P\u00f3s-Qu\u00edmica Home Care;<\/p>\n\n\n\n<p>3\u00ba lugar: R$ 900,00 para o profissional cabeleireiro, R$ 100 ,00 para o (a) modelo + 1 Kit P\u00f3s-Qu\u00edmica Home Care.<\/p>\n\n\n\n<p>\u201cTenho certeza que este concurso ser\u00e1 transformador na vida dos cabeleireiros e at\u00e9 mesmo dos clientes deles, pois para colorir os cabelos \u00e9 preciso aud\u00e1cia e criatividade. A recompensa ser\u00e1 uma transforma\u00e7\u00e3o total e luminosa na apar\u00eancia. &nbsp;E para os profissionais, o uso de cores interessantes far\u00e1 eles criaram algo extraordin\u00e1rio\u201d, declarou Telma dos Santos.<\/p>\n\n\n\n<p>Servi\u00e7o:<\/p>\n\n\n\n<p>Concurso Honey Color Expert Raiz Latina<\/p>\n\n\n\n<p>01\/6 a 15\/7 &#8211; &nbsp;per\u00edodo de Inscri\u00e7\u00f5es e postagem dos v\u00eddeos<\/p>\n\n\n\n<p>15\/6 &#8211; In\u00edcio das entregas dos v\u00eddeos e imagens (00:00h)<\/p>\n\n\n\n<p>16\/7 &#8211; \u00daltimo dia para a entrega dos v\u00eddeos e imagens (23:59h)<\/p>\n\n\n\n<p>17\/7 &#8211; In\u00edcio da vota\u00e7\u00e3o por J\u00fari<\/p>\n\n\n\n<p>18\/7 &#8211; In\u00edcio da vota\u00e7\u00e3o do TOP 10 pelo Instagram + J\u00fari<\/p>\n\n\n\n<p>31\/7 &#8211; Live de divulga\u00e7\u00e3o do vencedor<\/p>\n\n\n\n<p>Fonte:<\/p>\n\n\n\n<p>Raiz Latina: Rua B\u00fazios, 121. S\u00e3o Jos\u00e9 dos Campos\/SP. (12) 39379931. (@raizlatina.oficial).<\/p>\n","protected":false},"excerpt":{"rendered":"<p>A iniciativa \u00e9 de empresa de cosm\u00e9tica capilar Raiz Latina, com sede em S\u00e3o Jos\u00e9&#8230;<\/p>\n","protected":false},"author":19,"featured_media":9698,"comment_status":"closed","ping_status":"open","sticky":false,"template":"","format":"standard","meta":{"om_disable_all_campaigns":false,"_monsterinsights_skip_tracking":false,"_monsterinsights_sitenote_active":false,"_monsterinsights_sitenote_note":"","_monsterinsights_sitenote_category":0,"spay_email":""},"categories":[75],"tags":[],"jetpack_featured_media_url":"https:\/\/vimagazine.com.br\/wp-content\/uploads\/2023\/06\/WhatsApp-Image-2023-06-12-at-15.03.31-1.jpeg","_links":{"self":[{"href":"https:\/\/vimagazine.com.br\/index.php?rest_route=\/wp\/v2\/posts\/9697"}],"collection":[{"href":"https:\/\/vimagazine.com.br\/index.php?rest_route=\/wp\/v2\/posts"}],"about":[{"href":"https:\/\/vimagazine.com.br\/index.php?rest_route=\/wp\/v2\/types\/post"}],"author":[{"embeddable":true,"href":"https:\/\/vimagazine.com.br\/index.php?rest_route=\/wp\/v2\/users\/19"}],"replies":[{"embeddable":true,"href":"https:\/\/vimagazine.com.br\/index.php?rest_route=%2Fwp%2Fv2%2Fcomments&post=9697"}],"version-history":[{"count":1,"href":"https:\/\/vimagazine.com.br\/index.php?rest_route=\/wp\/v2\/posts\/9697\/revisions"}],"predecessor-version":[{"id":9699,"href":"https:\/\/vimagazine.com.br\/index.php?rest_route=\/wp\/v2\/posts\/9697\/revisions\/9699"}],"wp:featuredmedia":[{"embeddable":true,"href":"https:\/\/vimagazine.com.br\/index.php?rest_route=\/wp\/v2\/media\/9698"}],"wp:attachment":[{"href":"https:\/\/vimagazine.com.br\/index.php?rest_route=%2Fwp%2Fv2%2Fmedia&parent=9697"}],"wp:term":[{"taxonomy":"category","embeddable":true,"href":"https:\/\/vimagazine.com.br\/index.php?rest_route=%2Fwp%2Fv2%2Fcategories&post=9697"},{"taxonomy":"post_tag","embeddable":true,"href":"https:\/\/vimagazine.com.br\/index.php?rest_route=%2Fwp%2Fv2%2Ftags&post=9697"}],"curies":[{"name":"wp","href":"https:\/\/api.w.org\/{rel}","templated":true}]}}