{"id":9707,"date":"2023-06-17T17:43:49","date_gmt":"2023-06-17T20:43:49","guid":{"rendered":"https:\/\/vimagazine.com.br\/?p=9707"},"modified":"2023-06-17T17:48:54","modified_gmt":"2023-06-17T20:48:54","slug":"feira-de-artes-graficas-abre-inscricoes-em-joinville","status":"publish","type":"post","link":"https:\/\/vimagazine.com.br\/?p=9707","title":{"rendered":"FEIRA DE ARTES GR\u00c1FICAS ABRE INSCRI\u00c7\u00d5ES EM JOINVILLE\u00a0"},"content":{"rendered":"\n<p class=\"has-text-align-center\"><em>A Bicicleta \u2013 Feira de Artes Gr\u00e1ficas e Publica\u00e7\u00f5es Independentes, acontecer\u00e1 no Instituto Internacional Juarez Machado no m\u00eas de agosto.<\/em><em>&nbsp;<\/em><\/p>\n\n\n\n<p class=\"has-text-align-center\">At\u00e9 28 de junho, quarta-feira, est\u00e3o abertas as inscri\u00e7\u00f5es para expositores, comercializa\u00e7\u00e3o, troca e mostra de produ\u00e7\u00e3o em impressos, m\u00faltiplos, gravuras, publica\u00e7\u00f5es de editoras independentes e artistas gr\u00e1ficos em geral para: \u201cA Bicicleta \u2013 Feira de Artes Gr\u00e1ficas e Publica\u00e7\u00f5es Independentes\u201d, projeto aprovado pelo&nbsp;Programa de Incentivo \u00e0&nbsp;<em>Cultura<\/em>&nbsp;(<em>PIC<\/em>), da Funda\u00e7\u00e3o Catarinense de Cultura. <\/p>\n\n\n\n<p class=\"has-text-align-center\">O evento acontecer\u00e1 entre os dias 12 e 13 de Agosto de 2023&nbsp;em Joinville, no Instituto Internacional Juarez Machado.&nbsp;<\/p>\n\n\n\n<p class=\"has-text-align-center\">Nos dois dias de evento, o espa\u00e7o comportar\u00e1 80 expositores, que ser\u00e3o alocados em mesas com 1,50m X 0,70cm cada. Qualquer artista, editora independente ou coletivo do Brasil ou do exterior, pode se inscrever.\u00a0<\/p>\n\n\n\n<figure class=\"wp-block-image size-large\"><img width=\"1024\" height=\"683\" src=\"https:\/\/vimagazine.com.br\/wp-content\/uploads\/2023\/06\/azul-1024x683.jpg\" alt=\"\" class=\"wp-image-9711\" srcset=\"https:\/\/vimagazine.com.br\/wp-content\/uploads\/2023\/06\/azul-1024x683.jpg 1024w, https:\/\/vimagazine.com.br\/wp-content\/uploads\/2023\/06\/azul-300x200.jpg 300w, https:\/\/vimagazine.com.br\/wp-content\/uploads\/2023\/06\/azul-768x512.jpg 768w, https:\/\/vimagazine.com.br\/wp-content\/uploads\/2023\/06\/azul-1536x1024.jpg 1536w, https:\/\/vimagazine.com.br\/wp-content\/uploads\/2023\/06\/azul.jpg 1920w\" sizes=\"(max-width: 1024px) 100vw, 1024px\" \/><\/figure>\n\n\n\n<p class=\"has-text-align-center\">As inscri\u00e7\u00f5es passam por uma curadoria que avaliar\u00e1 trabalhos que unem criatividade e produ\u00e7\u00e3o gr\u00e1fica com conceito artesanal e art\u00edstico. Zines, serigrafias, xilogravuras, ilustra\u00e7\u00f5es, fotografias, p\u00f4steres,&nbsp;livros, revistas, HQs entre outras produ\u00e7\u00f5es com variadas t\u00e9cnicas de impress\u00e3o ou todas as modalidades que permeiam as artes gr\u00e1ficas s\u00e3o o objeto do evento.&nbsp;&nbsp;<\/p>\n\n\n\n<p class=\"has-text-align-center\">O resultado dos\u00a0<strong>pr\u00e9-selecionados<\/strong>\u00a0ser\u00e1 enviado por e-mail no\u00a0<strong>dia 4 de julho de 2023.<\/strong>\u00a0Ap\u00f3s efetiva\u00e7\u00e3o do pagamento da taxa (que definir\u00e1 a participa\u00e7\u00e3o do expositor), ser\u00e1 divulgada pelas redes sociais (Instagram e Facebook) a lista definitiva dos selecionados (podendo ser antecipado caso a curadoria finalize antes).\u00a0<\/p>\n\n\n\n<p><\/p>\n\n\n\n<figure class=\"wp-block-image size-large\"><img width=\"1024\" height=\"576\" src=\"https:\/\/vimagazine.com.br\/wp-content\/uploads\/2023\/06\/verde-1024x576.jpg\" alt=\"\" class=\"wp-image-9712\" srcset=\"https:\/\/vimagazine.com.br\/wp-content\/uploads\/2023\/06\/verde-1024x576.jpg 1024w, https:\/\/vimagazine.com.br\/wp-content\/uploads\/2023\/06\/verde-300x169.jpg 300w, https:\/\/vimagazine.com.br\/wp-content\/uploads\/2023\/06\/verde-768x432.jpg 768w, https:\/\/vimagazine.com.br\/wp-content\/uploads\/2023\/06\/verde.jpg 1032w\" sizes=\"(max-width: 1024px) 100vw, 1024px\" \/><\/figure>\n\n\n\n<p class=\"has-text-align-center\"><strong>PROGRAMA\u00c7\u00c3O<\/strong>&nbsp;<\/p>\n\n\n\n<p class=\"has-text-align-center\"><strong>Dia 11&nbsp;&nbsp;<\/strong><\/p>\n\n\n\n<p class=\"has-text-align-center\"><strong>OFICINAS<\/strong><br>&#8212;<br>Oficina de Fotolivro Paisagens Improv\u00e1veis \u2013 Rossana Di Munno<br>Oficina de Encaderna\u00e7\u00e3o Japonesa \u2013 Helder Kawabata<br>Oficina Arte Tecnologia-Processing orientado para impress\u00e3o Diego de Los Campos<br>Oficina Gravura no Isopor \u2013 Marin\u00eas Busetti<br>Oficina de No\u00e7\u00f5es B\u00e1sicas de Entalhe de Matriz para Gravura \u2013 Samuel Casal<\/p>\n\n\n\n<p class=\"has-text-align-center\">Oficina Cianotipia \u2013 Ana Paula Fadoni&nbsp;<\/p>\n\n\n\n<p class=\"has-text-align-center\"><strong>Dia 12&nbsp;&nbsp;<\/strong><\/p>\n\n\n\n<p class=\"has-text-align-center\"><strong>FEIRA DE ARTE GR\u00c1FICA E PUBLICA\u00c7\u00d5ES IMPRESSAS E&nbsp;ATIVIDADES INTERATIVAS<\/strong><br>&#8212;<br>80 expositores&nbsp;<\/p>\n\n\n\n<p class=\"has-text-align-center\"><strong>Dia 13&nbsp;&nbsp;<\/strong><\/p>\n\n\n\n<p class=\"has-text-align-center\"><strong>FEIRA DE ARTE GR\u00c1FICA E PUBLICA\u00c7\u00d5ES IMPRESSAS&nbsp;<\/strong>E<strong>&nbsp;ATIVIDADES INTERATIVAS<\/strong><br>&#8212;<br>Painel coletivo com aerografia &#8211; Gabby Jordi<br>Experi\u00eancia caligr\u00e1fica experimental &#8211; Gabriel Moreno<\/p>\n\n\n\n<p class=\"has-text-align-center\">Experimenta\u00e7\u00f5es gr\u00e1ficas \u2013 Milton Cazelatto&nbsp;<\/p>\n\n\n\n<p class=\"has-text-align-center\"><strong>RODAS DE CONVERSA<\/strong>&nbsp;<\/p>\n\n\n\n<p class=\"has-text-align-center\"><br>Samuel Casal \u2013 \u201cTrajet\u00f3ria\u201d<br>Diego De Los Campos \u2013 \u201cArtesanias Digitais \u201c<br>Mel Gibbs \u2013 \u201cComo me tornei um colecionador\u201d<br>Nestor Jr \u2013 \u201cCaminhos e possibilidades para um artista independente\u201d<br>Sarah Pinnow \u2013\u201cCena Joinvilense das artes gr\u00e1ficas e movimentos afins\u201d&nbsp;<\/p>\n\n\n\n<p class=\"has-text-align-center\"><strong>LAN\u00c7AMENTOS PUBLICA\u00c7\u00d5ES&nbsp;&nbsp;<\/strong><\/p>\n\n\n\n<p class=\"has-text-align-center\">MOSTRA COLECIONADOR &#8211; &nbsp;Banquinha do Mel&nbsp;<\/p>\n\n\n\n<p class=\"has-text-align-center\"><strong>SERVI\u00c7O&nbsp;<\/strong><\/p>\n\n\n\n<p class=\"has-text-align-center\"><strong>O Que&nbsp;<\/strong>\u201cA Bicicleta \u2013 Feira de Artes Gr\u00e1ficas e Publica\u00e7\u00f5es Independentes\u201d<strong>&nbsp;<\/strong><\/p>\n\n\n\n<p class=\"has-text-align-center\"><strong>Onde:&nbsp;<\/strong>Instituto Internacional Juarez Machado, localizado na Rua Lages, 994 \u2013 Am\u00e9rica.<strong>&nbsp;<\/strong><\/p>\n\n\n\n<p class=\"has-text-align-center\"><strong>Quando:&nbsp;<\/strong>12 e 13 de Agosto de<strong>&nbsp;<\/strong><\/p>\n\n\n\n<p class=\"has-text-align-center\"><strong>Quanto:&nbsp;<\/strong>Gratuito \u2013 sendo que haver\u00e1 uma taxa participa\u00e7\u00e3o das propostas selecionadas: R$ 80,00 (oitenta reais)&nbsp;<\/p>\n\n\n\n<p class=\"has-text-align-center\"><img alt=\"\ud83d\udccc\" src=\"https:\/\/fonts.gstatic.com\/s\/e\/notoemoji\/15.0\/1f4cc\/32.png\">&nbsp;Custos (viagem, alimenta\u00e7\u00e3o, estadia, entre outros) s\u00e3o de responsabilidade do participante.&nbsp;<\/p>\n\n\n\n<p class=\"has-text-align-center\">Qualquer artista, editora independente ou coletivo do Brasil ou do exterior, pode se inscrever.&nbsp;<\/p>\n\n\n\n<p class=\"has-text-align-center\"><strong>Inscri\u00e7\u00f5es:<\/strong>\u00a0<a href=\"https:\/\/docs.google.com\/forms\/d\/e\/1FAIpQLSdChkBz09w3YUCiQ-1IuFt1IXY1mz4vBkF200YAn8aqjWHcVQ\/viewform\" target=\"_blank\" rel=\"noreferrer noopener\">https:\/\/docs.google.com\/forms\/d\/e\/1FAIpQLSdChkBz09w3YUCiQ-1IuFt1IXY1mz4vBkF200YAn8aqjWHcVQ\/viewform<\/a><br><\/p>\n\n\n\n<figure class=\"wp-block-image size-large\"><img width=\"1024\" height=\"576\" src=\"https:\/\/vimagazine.com.br\/wp-content\/uploads\/2023\/06\/amarelo-1024x576.jpg\" alt=\"\" class=\"wp-image-9713\" srcset=\"https:\/\/vimagazine.com.br\/wp-content\/uploads\/2023\/06\/amarelo-1024x576.jpg 1024w, https:\/\/vimagazine.com.br\/wp-content\/uploads\/2023\/06\/amarelo-300x169.jpg 300w, https:\/\/vimagazine.com.br\/wp-content\/uploads\/2023\/06\/amarelo-768x432.jpg 768w, https:\/\/vimagazine.com.br\/wp-content\/uploads\/2023\/06\/amarelo-1536x864.jpg 1536w, https:\/\/vimagazine.com.br\/wp-content\/uploads\/2023\/06\/amarelo.jpg 1920w\" sizes=\"(max-width: 1024px) 100vw, 1024px\" \/><\/figure>\n\n\n\n<p class=\"has-text-align-center\"><br>\u00a0<\/p>\n\n\n\n<p class=\"has-text-align-center\">At\u00e9 0h do dia 28 de junho de 2023&nbsp;<\/p>\n\n\n\n<p class=\"has-text-align-center\"><strong>INFORMA\u00c7\u00d5ES&nbsp;<\/strong><\/p>\n\n\n\n<p class=\"has-text-align-center\"><strong>Renata Dias Maciel \u2013 Produtora Executiva&nbsp;<\/strong><\/p>\n\n\n\n<p class=\"has-text-align-center\"><strong>Telefone:&nbsp;<\/strong>48 98152 3060<\/p>\n\n\n\n<p class=\"has-text-align-center\"><strong>Site:&nbsp;<\/strong><a href=\"https:\/\/linktr.ee\/feirabicicleta\" target=\"_blank\" rel=\"noreferrer noopener\">https:\/\/linktr.ee\/feirabicicleta<\/a><\/p>\n\n\n\n<p class=\"has-text-align-center\"><strong>Instagram:<\/strong>&nbsp;@feirabicicleta&nbsp;<\/p>\n\n\n\n<p class=\"has-text-align-center\"><strong>Dom Comunica &#8211; assessoria de comunica\u00e7\u00e3o&nbsp;&nbsp;&nbsp;<\/strong><\/p>\n\n\n\n<p class=\"has-text-align-center\"><strong>Telefone:<\/strong>&nbsp;47 99612 3517&nbsp;&nbsp;&nbsp;<\/p>\n\n\n\n<p class=\"has-text-align-center\"><strong>E mail:<\/strong>&nbsp;<a href=\"mailto:rodrigo@domcomunica.com.br\" target=\"_blank\" rel=\"noreferrer noopener\">rodrigo@domcomunica.com.br<\/a>&nbsp;&nbsp;<a href=\"mailto:rodrigocomunica@hotmail.com\" target=\"_blank\" rel=\"noreferrer noopener\">rodrigocomunica@hotmail.com<\/a>&nbsp;&nbsp;<\/p>\n\n\n\n<p class=\"has-text-align-center\"><strong>Instagram:<\/strong>&nbsp;@domcomunica&nbsp;&nbsp;&nbsp;<\/p>\n","protected":false},"excerpt":{"rendered":"<p>A Bicicleta \u2013 Feira de Artes Gr\u00e1ficas e Publica\u00e7\u00f5es Independentes, acontecer\u00e1 no Instituto Internacional Juarez&#8230;<\/p>\n","protected":false},"author":3,"featured_media":9708,"comment_status":"closed","ping_status":"open","sticky":false,"template":"","format":"standard","meta":{"om_disable_all_campaigns":false,"_monsterinsights_skip_tracking":false,"_monsterinsights_sitenote_active":false,"_monsterinsights_sitenote_note":"","_monsterinsights_sitenote_category":0,"spay_email":""},"categories":[1],"tags":[],"jetpack_featured_media_url":"https:\/\/vimagazine.com.br\/wp-content\/uploads\/2023\/06\/convocatoria_002-e1687034470282.png","_links":{"self":[{"href":"https:\/\/vimagazine.com.br\/index.php?rest_route=\/wp\/v2\/posts\/9707"}],"collection":[{"href":"https:\/\/vimagazine.com.br\/index.php?rest_route=\/wp\/v2\/posts"}],"about":[{"href":"https:\/\/vimagazine.com.br\/index.php?rest_route=\/wp\/v2\/types\/post"}],"author":[{"embeddable":true,"href":"https:\/\/vimagazine.com.br\/index.php?rest_route=\/wp\/v2\/users\/3"}],"replies":[{"embeddable":true,"href":"https:\/\/vimagazine.com.br\/index.php?rest_route=%2Fwp%2Fv2%2Fcomments&post=9707"}],"version-history":[{"count":2,"href":"https:\/\/vimagazine.com.br\/index.php?rest_route=\/wp\/v2\/posts\/9707\/revisions"}],"predecessor-version":[{"id":9714,"href":"https:\/\/vimagazine.com.br\/index.php?rest_route=\/wp\/v2\/posts\/9707\/revisions\/9714"}],"wp:featuredmedia":[{"embeddable":true,"href":"https:\/\/vimagazine.com.br\/index.php?rest_route=\/wp\/v2\/media\/9708"}],"wp:attachment":[{"href":"https:\/\/vimagazine.com.br\/index.php?rest_route=%2Fwp%2Fv2%2Fmedia&parent=9707"}],"wp:term":[{"taxonomy":"category","embeddable":true,"href":"https:\/\/vimagazine.com.br\/index.php?rest_route=%2Fwp%2Fv2%2Fcategories&post=9707"},{"taxonomy":"post_tag","embeddable":true,"href":"https:\/\/vimagazine.com.br\/index.php?rest_route=%2Fwp%2Fv2%2Ftags&post=9707"}],"curies":[{"name":"wp","href":"https:\/\/api.w.org\/{rel}","templated":true}]}}