{"id":9715,"date":"2023-06-18T17:43:04","date_gmt":"2023-06-18T20:43:04","guid":{"rendered":"https:\/\/vimagazine.com.br\/?p=9715"},"modified":"2023-06-18T17:43:09","modified_gmt":"2023-06-18T20:43:09","slug":"joao-costa-recebe-o-trofeu-odarcio-ducci-de-jornalismo-como-destaque-do-ano","status":"publish","type":"post","link":"https:\/\/vimagazine.com.br\/?p=9715","title":{"rendered":"Jo\u00e3o Costa recebe o trof\u00e9u Odarcio Ducci de Jornalismo como destaque do ano"},"content":{"rendered":"\n<p><\/p>\n\n\n\n<p>\u00a0\u00a0\u00a0\u00a0<a href=\"https:\/\/www.instagram.com\/joaocostaooficial\/\" target=\"_blank\" rel=\"noreferrer noopener\">Jo\u00e3o Costa<\/a>\u00a0recebeu na noite do \u00faltimo domingo (04\/06), o\u00a0<strong>Trof\u00e9u Odarcio Ducci<\/strong>, como o jornalista destaque do ano.\u00a0 O evento ocorreu em S\u00e3o Paulo, numa noite de gala, no Japan Tawer. A noite foi marcada por muito requinte, glamour e sofistica\u00e7\u00e3o.<\/p>\n\n\n\n<figure class=\"wp-block-image size-large\"><img width=\"982\" height=\"1024\" src=\"https:\/\/vimagazine.com.br\/wp-content\/uploads\/2023\/06\/6c74fc65-625c-4f02-a828-a7495ab8379b-982x1024.jpg\" alt=\"\" class=\"wp-image-9716\" srcset=\"https:\/\/vimagazine.com.br\/wp-content\/uploads\/2023\/06\/6c74fc65-625c-4f02-a828-a7495ab8379b-982x1024.jpg 982w, https:\/\/vimagazine.com.br\/wp-content\/uploads\/2023\/06\/6c74fc65-625c-4f02-a828-a7495ab8379b-288x300.jpg 288w, https:\/\/vimagazine.com.br\/wp-content\/uploads\/2023\/06\/6c74fc65-625c-4f02-a828-a7495ab8379b-768x801.jpg 768w, https:\/\/vimagazine.com.br\/wp-content\/uploads\/2023\/06\/6c74fc65-625c-4f02-a828-a7495ab8379b.jpg 1025w\" sizes=\"(max-width: 982px) 100vw, 982px\" \/><\/figure>\n\n\n\n<p>\u00a0\u00a0Em meio a muita emo\u00e7\u00e3o, \u201co jornalista ressaltou a import\u00e2ncia do recebimento do trof\u00e9u e da sua luta por igualdade racial e social. Na oportunidade Jo\u00e3o Costa, destacou tamb\u00e9m a relev\u00e2ncia de se dar voz a quem n\u00e3o tem voz, como as pessoas das comunidades entre tantos outros que se encontram no anonimato\u201d.\u00a0<\/p>\n\n\n\n<figure class=\"wp-block-image size-large\"><img width=\"1024\" height=\"682\" src=\"https:\/\/vimagazine.com.br\/wp-content\/uploads\/2023\/06\/01bc2e46-d386-4d3f-a86b-c3d99a5df92b-1024x682.jpg\" alt=\"\" class=\"wp-image-9717\" srcset=\"https:\/\/vimagazine.com.br\/wp-content\/uploads\/2023\/06\/01bc2e46-d386-4d3f-a86b-c3d99a5df92b-1024x682.jpg 1024w, https:\/\/vimagazine.com.br\/wp-content\/uploads\/2023\/06\/01bc2e46-d386-4d3f-a86b-c3d99a5df92b-300x200.jpg 300w, https:\/\/vimagazine.com.br\/wp-content\/uploads\/2023\/06\/01bc2e46-d386-4d3f-a86b-c3d99a5df92b-768x512.jpg 768w, https:\/\/vimagazine.com.br\/wp-content\/uploads\/2023\/06\/01bc2e46-d386-4d3f-a86b-c3d99a5df92b-1536x1023.jpg 1536w, https:\/\/vimagazine.com.br\/wp-content\/uploads\/2023\/06\/01bc2e46-d386-4d3f-a86b-c3d99a5df92b.jpg 1600w\" sizes=\"(max-width: 1024px) 100vw, 1024px\" \/><\/figure>\n\n\n\n<p>&nbsp;&nbsp; Para ele, eventos como este contribuem para a promo\u00e7\u00e3o da pluralidade, diversidade, bem como, a defesa intransigente da liberdade de express\u00e3o e da liberdade de imprensa.<\/p>\n\n\n\n<p>&nbsp;&nbsp; Segundo Costa, a noite come\u00e7ou com a suntuosa entrada dos homenageados que foram trazidos do hotel para o Japan Tawer, e recepcionados pela imprensa e a Miss&nbsp;Beleza Negra <strong>Deya Morena<\/strong> que foi a apresentadora da noite. Na ocasi\u00e3o, o evento contou com a presen\u00e7a do cantor, compositor e Dj <strong>Don Russo<\/strong> e do cantor e compositor, <strong>Martinho Jorge<\/strong>, afilhado de Martinho da Vila dentre outras personalidades de express\u00e3o, que foram homenageadas na ocasi\u00e3o.<\/p>\n\n\n\n<p>&nbsp; O comunicador, \u201csalientou que levar a informa\u00e7\u00e3o com seriedade, seguran\u00e7a e defender de forma intransigente a liberdade de imprensa e a liberdade de express\u00e3o \u00e9 fundamental no exerc\u00edcio de um jornalismo de excel\u00eancia e sem fake news\u201d.<\/p>\n\n\n\n<p>&nbsp;&nbsp;&nbsp; Ele comentou ainda que, \u201cpreservar valores e perseguir ideais \u00e9 um dos seus maiores objetivos e o que o seu sonho se concretiza quando ver perspectivas de igualdade social por meio da comunica\u00e7\u00e3o e da discuss\u00e3o plural e de absoluto respeito a diversidade\u201d. Para saber mais sobre o jornalista <strong>Jo\u00e3o Costa<\/strong> siga-o no Instagram. Acesse&nbsp;<a href=\"https:\/\/www.instagram.com\/joaocostaooficial\/\" target=\"_blank\" rel=\"noreferrer noopener\">aqui<\/a>. &nbsp;<\/p>\n\n\n\n<p>&nbsp; Gratid\u00e3o &nbsp;a Deus por mais este reconhecimento, o \u201cTrof\u00e9u Odarcio Ducci de Jornalismo&#8221;, concluiu Jo\u00e3o Costa.<\/p>\n\n\n\n<p>Fotos &#8211; cr\u00e9ditos:&nbsp;&nbsp;<a href=\"https:\/\/www.instagram.com\/allex_fotografo\/\" target=\"_blank\" rel=\"noreferrer noopener\">@allex_fotografo<\/a><\/p>\n","protected":false},"excerpt":{"rendered":"<p>\u00a0\u00a0\u00a0\u00a0Jo\u00e3o Costa\u00a0recebeu na noite do \u00faltimo domingo (04\/06), o\u00a0Trof\u00e9u Odarcio Ducci, como o jornalista destaque&#8230;<\/p>\n","protected":false},"author":2,"featured_media":9718,"comment_status":"closed","ping_status":"open","sticky":false,"template":"","format":"standard","meta":{"om_disable_all_campaigns":false,"_monsterinsights_skip_tracking":false,"_monsterinsights_sitenote_active":false,"_monsterinsights_sitenote_note":"","_monsterinsights_sitenote_category":0,"spay_email":""},"categories":[26,31],"tags":[106,144,298,63,681],"jetpack_featured_media_url":"https:\/\/vimagazine.com.br\/wp-content\/uploads\/2023\/06\/17e932eb-3926-4cee-b230-05e0a5d53606.jpg","_links":{"self":[{"href":"https:\/\/vimagazine.com.br\/index.php?rest_route=\/wp\/v2\/posts\/9715"}],"collection":[{"href":"https:\/\/vimagazine.com.br\/index.php?rest_route=\/wp\/v2\/posts"}],"about":[{"href":"https:\/\/vimagazine.com.br\/index.php?rest_route=\/wp\/v2\/types\/post"}],"author":[{"embeddable":true,"href":"https:\/\/vimagazine.com.br\/index.php?rest_route=\/wp\/v2\/users\/2"}],"replies":[{"embeddable":true,"href":"https:\/\/vimagazine.com.br\/index.php?rest_route=%2Fwp%2Fv2%2Fcomments&post=9715"}],"version-history":[{"count":1,"href":"https:\/\/vimagazine.com.br\/index.php?rest_route=\/wp\/v2\/posts\/9715\/revisions"}],"predecessor-version":[{"id":9719,"href":"https:\/\/vimagazine.com.br\/index.php?rest_route=\/wp\/v2\/posts\/9715\/revisions\/9719"}],"wp:featuredmedia":[{"embeddable":true,"href":"https:\/\/vimagazine.com.br\/index.php?rest_route=\/wp\/v2\/media\/9718"}],"wp:attachment":[{"href":"https:\/\/vimagazine.com.br\/index.php?rest_route=%2Fwp%2Fv2%2Fmedia&parent=9715"}],"wp:term":[{"taxonomy":"category","embeddable":true,"href":"https:\/\/vimagazine.com.br\/index.php?rest_route=%2Fwp%2Fv2%2Fcategories&post=9715"},{"taxonomy":"post_tag","embeddable":true,"href":"https:\/\/vimagazine.com.br\/index.php?rest_route=%2Fwp%2Fv2%2Ftags&post=9715"}],"curies":[{"name":"wp","href":"https:\/\/api.w.org\/{rel}","templated":true}]}}