{"id":9720,"date":"2023-06-18T18:42:14","date_gmt":"2023-06-18T21:42:14","guid":{"rendered":"https:\/\/vimagazine.com.br\/?p=9720"},"modified":"2023-06-18T18:42:16","modified_gmt":"2023-06-18T21:42:16","slug":"cassio-stedetn-desembarca-na-serra-gaucha-apos-temporada-de-musical-em-sao-paulo","status":"publish","type":"post","link":"https:\/\/vimagazine.com.br\/?p=9720","title":{"rendered":"C\u00e1ssio Stedetn desembarca na Serra Ga\u00facha ap\u00f3s temporada de musical em S\u00e3o Paulo"},"content":{"rendered":"\n<p><em>De visual novo, o ator veio cumprir agenda de trabalhos no RS antes de engatar novos projetos.<\/em>&nbsp;<\/p>\n\n\n\n<p>Findada a temporada do Musical \u201cA Casa M\u00e1gica\u201d em S\u00e3o Paulo no Teatro Maria Della Costa, do qual C\u00e1ssio fazia parte do elenco principal, o ator desembarcou na \u00faltima semana em Porto Alegre e rumou para a serra ga\u00facha para agenda de trabalhos. Ele menciona que \u201csempre que pode passa no m\u00ednimo um m\u00eas entre projetos no RS e tamb\u00e9m em SC\u201d, cidades onde j\u00e1 morou e possui v\u00ednculos de trabalho at\u00e9 hoje.&nbsp;<\/p>\n\n\n\n<p>E, como sempre gosta de fazer surpresas para seus parceiros e seguidores, dessa vez passou por uma transforma\u00e7\u00e3o total no visual pelo seu visagista de S\u00e3o Paulo, Charles&nbsp;Veiyga. \u201cSempre tive vontade de mudar o cabelo, mas sempre tive medo\u201d, conta. \u201cMas trabalhar com o Charles me deixou tranquilo para ousar dessa vez, e eu amei\u201d finaliza.&nbsp;<\/p>\n\n\n\n<p>Para registrar a chegada na Serra e tamb\u00e9m a temporada de trabalhos de outono-inverno, seu primeiro compromisso no RS foi uma sess\u00e3o de fotos com a fot\u00f3grafa caxiense Liliane Giordano. Confiram a mudan\u00e7a de visual e o resultado do ensaio nas fotos.&nbsp;<\/p>\n\n\n\n<p>Assessoria&nbsp;<\/p>\n\n\n\n<p>C\u00e1ssio&nbsp;Stedetn&nbsp;@cassiostedetn&nbsp;<\/p>\n\n\n\n<figure class=\"wp-block-image\"><img alt=\"\" \/><\/figure>\n","protected":false},"excerpt":{"rendered":"<p>De visual novo, o ator veio cumprir agenda de trabalhos no RS antes de engatar&#8230;<\/p>\n","protected":false},"author":19,"featured_media":9721,"comment_status":"closed","ping_status":"open","sticky":false,"template":"","format":"standard","meta":{"om_disable_all_campaigns":false,"_monsterinsights_skip_tracking":false,"_monsterinsights_sitenote_active":false,"_monsterinsights_sitenote_note":"","_monsterinsights_sitenote_category":0,"spay_email":""},"categories":[1],"tags":[],"jetpack_featured_media_url":"https:\/\/vimagazine.com.br\/wp-content\/uploads\/2023\/06\/WhatsApp-Image-2023-06-18-at-15.24.50.jpeg","_links":{"self":[{"href":"https:\/\/vimagazine.com.br\/index.php?rest_route=\/wp\/v2\/posts\/9720"}],"collection":[{"href":"https:\/\/vimagazine.com.br\/index.php?rest_route=\/wp\/v2\/posts"}],"about":[{"href":"https:\/\/vimagazine.com.br\/index.php?rest_route=\/wp\/v2\/types\/post"}],"author":[{"embeddable":true,"href":"https:\/\/vimagazine.com.br\/index.php?rest_route=\/wp\/v2\/users\/19"}],"replies":[{"embeddable":true,"href":"https:\/\/vimagazine.com.br\/index.php?rest_route=%2Fwp%2Fv2%2Fcomments&post=9720"}],"version-history":[{"count":1,"href":"https:\/\/vimagazine.com.br\/index.php?rest_route=\/wp\/v2\/posts\/9720\/revisions"}],"predecessor-version":[{"id":9722,"href":"https:\/\/vimagazine.com.br\/index.php?rest_route=\/wp\/v2\/posts\/9720\/revisions\/9722"}],"wp:featuredmedia":[{"embeddable":true,"href":"https:\/\/vimagazine.com.br\/index.php?rest_route=\/wp\/v2\/media\/9721"}],"wp:attachment":[{"href":"https:\/\/vimagazine.com.br\/index.php?rest_route=%2Fwp%2Fv2%2Fmedia&parent=9720"}],"wp:term":[{"taxonomy":"category","embeddable":true,"href":"https:\/\/vimagazine.com.br\/index.php?rest_route=%2Fwp%2Fv2%2Fcategories&post=9720"},{"taxonomy":"post_tag","embeddable":true,"href":"https:\/\/vimagazine.com.br\/index.php?rest_route=%2Fwp%2Fv2%2Ftags&post=9720"}],"curies":[{"name":"wp","href":"https:\/\/api.w.org\/{rel}","templated":true}]}}