{"id":9723,"date":"2023-06-18T18:46:51","date_gmt":"2023-06-18T21:46:51","guid":{"rendered":"https:\/\/vimagazine.com.br\/?p=9723"},"modified":"2023-06-18T18:46:55","modified_gmt":"2023-06-18T21:46:55","slug":"claudia-ohana-estrela-o-musical-dom-quixote-de-lugar-nenhum-de-ruy-guerra-no-teatro-casa-grande","status":"publish","type":"post","link":"https:\/\/vimagazine.com.br\/?p=9723","title":{"rendered":"Claudia Ohana estrela o musical \u201cDom Quixote de Lugar Nenhum\u201d, de Ruy Guerra, no Teatro Casa Grande"},"content":{"rendered":"\n<p><strong>Espet\u00e1culo traz can\u00e7\u00f5es in\u00e9ditas de Ruy Guerra e Zeca Baleiro, e ficar\u00e1 em cartaz at\u00e9 o dia 27\/07, no Teatro Casa Grande, no bairro do Leblon, no Rio de Janeiro.<\/strong><\/p>\n\n\n\n<p>O homem \u00e9 capaz de viver sem seus sonhos?<\/p>\n\n\n\n<p>Esta pergunta sai em busca de uma resposta no musical \u201cDom Quixote de Lugar Nenhum\u201d, de Ruy Guerra, que, na vis\u00e3o de Jorge Farjalla, ganha nova montagem, no Teatro Casa Grande, com patroc\u00ednio do Instituto Cultural Vale.<\/p>\n\n\n\n<p>Imerso em nossa brasilidade, o espet\u00e1culo \u2014 inspirado pela cl\u00e1ssica obra de Cervantes \u2014 canta a saga do her\u00f3i Queixada (Lucas Leto) agora pelo interior do Nordeste e coloca pela primeira vez um ator preto como Dom Quixote. L\u00e1 \u2014 ou em lugar nenhum, como sugere o t\u00edtulo \u2014, ele inicia uma batalha a fim de transformar seu pr\u00f3prio mundo em um espa\u00e7o menos triste e ainda encontrar a musa Dulcineia (Dani Fontan) que nunca conheceu.<\/p>\n\n\n\n<p>A alma de Dom Quixote, t\u00e3o ut\u00f3pica e idealista na literatura, vai mexer com os desejos dos espectadores, segundo o diretor. \u201c\u2018E a\u00ed, voc\u00ea continua acreditando no sonho mesmo quando tudo parece ser do contra?\u2019 Voc\u00ea \u00e9 ou n\u00e3o \u00e9 um sonhador?\u2019 Esses s\u00e3o questionamentos que est\u00e3o dentro de todos n\u00f3s\u201d, diz Farjalla, que coloca Cl\u00e1udia Ohana no papel de um inquieto diabo. \u201cEla representa o feminino libertador. Desmembrei a personagem do Sancho, que na obra do Ruy era o diabo, para trazer uma dualidade ainda maior para a hist\u00f3ria. Essa personagem atua num lugar de consci\u00eancia para o Dom Quixote. E \u00e9 tamb\u00e9m uma homenagem a ela, musa do Ruy dentro e fora da fic\u00e7\u00e3o\u201d, explica Farjalla.<\/p>\n\n\n\n<p>Claudia Ohana n\u00e3o trabalhava com Ruy desde 1989 e confessa que est\u00e1 vivendo uma experi\u00eancia singular no palco. \u201c\u00c9 incr\u00edvel voltar a trabalhar em um texto dele \u2013 j\u00e1 faz anos, desde o filme \u2018Kuarup\u2019. E ter as m\u00fasicas do Zeca Baleiro, que eu tamb\u00e9m adoro, \u00e9 demais. Eu queria trabalhar com o Farjalla j\u00e1 h\u00e1 algum tempo. Tem me trazido muita alegria o processo dele nos ensaios. Fazemos tudo em grupo. \u00c9 a primeira vez que estou em cena o tempo todo, que toco instrumento, mudo de personagem. Est\u00e1 sendo bastante especial e transformador\u201d, diz ela.<\/p>\n\n\n\n<p>Interpretado por Lucas Leto, o her\u00f3i Queixada enfrenta um caminho de pedras neste universo \u00e1rido e j\u00e1 chega rompendo barreiras. \u201cFazer o primeiro Dom Quixote preto me pegou de surpresa e ao mesmo tempo em estado de alerta. Serve para todo mundo pensar que a sociedade est\u00e1 mudando, mas n\u00e3o estamos nem perto do que seria ideal num contexto racial. Agora, a gente v\u00ea um grande cl\u00e1ssico como o Dom Quixote, que os artistas pretos nunca conseguiam acessar, sendo vivido por mim. \u00c9 uma responsabilidade grande porque ele \u00e9 ic\u00f4nico e agora vai ser interpretado por um jovem ator preto de Salvador. A cada ensaio tenho certeza que esse espet\u00e1culo vai surpreender quem for assistir e vai emocionar muito\u201d, diz o ator.<\/p>\n\n\n\n<p>A montagem, idealizada por Simone Kontraluz, marca a estreia de Farjalla no teatro musical. \u201cSempre tive uma liga\u00e7\u00e3o muito forte com m\u00fasica. Ela sempre norteou meus trabalhos, mas agora, pela primeira vez, de forma total. Quando recebi o convite da Simone, pensei muito em trazer para o palco a nossa brasilidade, gente preta no protagonismo. Em termos de linguagem, eu retorno ao estilo barroco, assino o figurino inclusive. Nesta montagem, o coro ganha uma for\u00e7a maior e est\u00e1 presente em toda a a\u00e7\u00e3o. Fui em busca tamb\u00e9m da completude das obras do Ruy Guerra, um desejo dele de ouvi-las no espet\u00e1culo\u201d, conta Farjalla, que atualmente dirige os shows \u201cAna Carolina Canta C\u00e1ssia Eller\u201d, e \u201cVem Doce\u201d, de Vanessa da Mata.<\/p>\n\n\n\n<p>Nesta adapta\u00e7\u00e3o de Ruy Guerra, esse Dom Quixote Queixada representa a singularidade de cada um de n\u00f3s nessa eterna busca para amenizar a dureza do cotidiano e transcender ao caos. Os contadores dessa hist\u00f3ria s\u00e3o materializados no palco como uma trupe de saltimbancos, com 10 atores que cantam e tocam instrumentos se desdobrando em v\u00e1rios personagens, para num grande e fabuloso cordel, narrarem as aventuras e desventuras do protagonista e seu fiel escudeiro, Sancho Pan\u00e7a (Danilo Moura). Eles s\u00e3o incans\u00e1veis na tentativa de tornar a fantasia poss\u00edvel de se acreditar.<\/p>\n\n\n\n<p>Ex-aluna de Ruy Guerra, a fot\u00f3grafa Simone Kontraluz mant\u00e9m uma grande amizade com o cineasta h\u00e1 20 anos. Foi durante a pandemia, ainda mais conectados, que surgiu a ideia de fazer uma nova montagem de \u201cDom Quixote de Lugar Nenhum\u201d. \u201cEle fez 90 anos. Ent\u00e3o, perguntei o que ele queria de homenagem. Ele me falou deste espet\u00e1culo, que havia sido feito pelo Edson Celulari anos atr\u00e1s, e que n\u00e3o tinha sa\u00eddo exatamente como ele gostaria. Falou da vontade de ver o Quixote como musical no palco, e essa se transformou na minha miss\u00e3o\u201d, conta ela, que convidou Zeca Baleiro para tamb\u00e9m trabalhar nessas can\u00e7\u00f5es.<\/p>\n\n\n\n<p>\u201cZeca ficou encantado pelas m\u00fasicas e pela ideia. Eu tamb\u00e9m achei que s\u00f3 o Farjalla faria como o Ruy gostaria. E ele tamb\u00e9m se apaixonou de cara. Ficamos nessa corrida louca com o Ruy dizendo que poderia morrer com 90 e ele j\u00e1 est\u00e1 fazendo 92 este ano. Agora, estamos com o Quixote montado e todo mundo est\u00e1 muito feliz, num amor profundo\u201d, celebra Simone.<\/p>\n\n\n\n<p><strong>Ficha t\u00e9cnica<\/strong><\/p>\n\n\n\n<p>Idealiza\u00e7\u00e3o: Simone Kontraluz<\/p>\n\n\n\n<p>Texto: Ruy Guerra<\/p>\n\n\n\n<p>Dire\u00e7\u00e3o e encena\u00e7\u00e3o: Jorge Farjalla<\/p>\n\n\n\n<p>Assistente de dire\u00e7\u00e3o: Andrea Dantas<\/p>\n\n\n\n<p>M\u00fasicas: Ruy Guerra e Zeca Baleiro<\/p>\n\n\n\n<p>Dire\u00e7\u00e3o Musical: Lui Coimbra<\/p>\n\n\n\n<p>Elenco: Lucas Leto, Danilo Moura, Claudia Ohana, Dani Fontan, Jana Figarella, Andr\u00e9 Rosa, Daniel Carneiro, Du Machado, Paloma Ronai, Caio Menck<\/p>\n\n\n\n<p>Cen\u00e1rio: Jo\u00e3o Uchoa<\/p>\n\n\n\n<p>Figurinos e adere\u00e7os: Jorge Farjalla<\/p>\n\n\n\n<p>Assistente de figurino: Joana Seibel<\/p>\n\n\n\n<p>Desenho de luz: Samuel Betz e Eduardo Dantas<\/p>\n\n\n\n<p>Prepara\u00e7\u00e3o Vocal: Suely Mesquita<\/p>\n\n\n\n<p>Prepara\u00e7\u00e3o corporal: Jorge Farjalla<\/p>\n\n\n\n<p>Som: Gabriel D\u2019angelo<\/p>\n\n\n\n<p>Caracteriza\u00e7\u00e3o: Joana Seibel<\/p>\n\n\n\n<p>Ilustra\u00e7\u00f5es: Pally Siqueira<\/p>\n\n\n\n<p>Design gr\u00e1fico e m\u00eddias sociais: Christoffer Pesce<\/p>\n\n\n\n<p>Fotos: Simone Kontraluz<\/p>\n\n\n\n<p>Dire\u00e7\u00e3o de Produ\u00e7\u00e3o: Val\u00e9ria Macedo<\/p>\n\n\n\n<p>Realiza\u00e7\u00e3o: Graviola Produ\u00e7\u00f5es<\/p>\n\n\n\n<p>Curadoria: Simone Kontraluz<\/p>\n\n\n\n<p><strong>Servi\u00e7o<\/strong><\/p>\n\n\n\n<p>Data: 01\/06 at\u00e9 23\/07\/2023<\/p>\n\n\n\n<p>Local:&nbsp;<strong>Teatro Casa Grande<\/strong><\/p>\n\n\n\n<p>Endere\u00e7o: Avenida Afr\u00e2nio de Melo Franco, 290 \u2013 Loja A- Leblon \u2013 Rio de Janeiro\/RJ<\/p>\n\n\n\n<p>Hor\u00e1rio: Quinta a S\u00e1bado \u00e0s 20h | Domingo \u00e0s 18h<\/p>\n\n\n\n<p>Abertura da casa: 1h antes do evento<\/p>\n\n\n\n<p>Classifica\u00e7\u00e3o: 12 anos. Menores a partir de 10 anos entram acompanhados dos pais ou respons\u00e1veis. Crian\u00e7as de at\u00e9 1 ano e 11 meses possuem gratuidade permanecendo no colo do respons\u00e1vel.<\/p>\n\n\n\n<p>Venda:&nbsp;<a href=\"https:\/\/www.eventim.com.br\/artist\/dom-quixote-de-lugar-nenhum\" target=\"_blank\" rel=\"noreferrer noopener\">https:\/\/www.eventim.com.br\/artist\/dom-quixote-de-lugar-nenhum<\/a><\/p>\n","protected":false},"excerpt":{"rendered":"<p>Espet\u00e1culo traz can\u00e7\u00f5es in\u00e9ditas de Ruy Guerra e Zeca Baleiro, e ficar\u00e1 em cartaz at\u00e9&#8230;<\/p>\n","protected":false},"author":19,"featured_media":9724,"comment_status":"closed","ping_status":"open","sticky":false,"template":"","format":"standard","meta":{"om_disable_all_campaigns":false,"_monsterinsights_skip_tracking":false,"_monsterinsights_sitenote_active":false,"_monsterinsights_sitenote_note":"","_monsterinsights_sitenote_category":0,"spay_email":""},"categories":[26],"tags":[],"jetpack_featured_media_url":"https:\/\/vimagazine.com.br\/wp-content\/uploads\/2023\/06\/Claudia-Ohana-e-elenco-foto-de-Simone-Kontraluz.jpeg","_links":{"self":[{"href":"https:\/\/vimagazine.com.br\/index.php?rest_route=\/wp\/v2\/posts\/9723"}],"collection":[{"href":"https:\/\/vimagazine.com.br\/index.php?rest_route=\/wp\/v2\/posts"}],"about":[{"href":"https:\/\/vimagazine.com.br\/index.php?rest_route=\/wp\/v2\/types\/post"}],"author":[{"embeddable":true,"href":"https:\/\/vimagazine.com.br\/index.php?rest_route=\/wp\/v2\/users\/19"}],"replies":[{"embeddable":true,"href":"https:\/\/vimagazine.com.br\/index.php?rest_route=%2Fwp%2Fv2%2Fcomments&post=9723"}],"version-history":[{"count":1,"href":"https:\/\/vimagazine.com.br\/index.php?rest_route=\/wp\/v2\/posts\/9723\/revisions"}],"predecessor-version":[{"id":9725,"href":"https:\/\/vimagazine.com.br\/index.php?rest_route=\/wp\/v2\/posts\/9723\/revisions\/9725"}],"wp:featuredmedia":[{"embeddable":true,"href":"https:\/\/vimagazine.com.br\/index.php?rest_route=\/wp\/v2\/media\/9724"}],"wp:attachment":[{"href":"https:\/\/vimagazine.com.br\/index.php?rest_route=%2Fwp%2Fv2%2Fmedia&parent=9723"}],"wp:term":[{"taxonomy":"category","embeddable":true,"href":"https:\/\/vimagazine.com.br\/index.php?rest_route=%2Fwp%2Fv2%2Fcategories&post=9723"},{"taxonomy":"post_tag","embeddable":true,"href":"https:\/\/vimagazine.com.br\/index.php?rest_route=%2Fwp%2Fv2%2Ftags&post=9723"}],"curies":[{"name":"wp","href":"https:\/\/api.w.org\/{rel}","templated":true}]}}