{"id":9735,"date":"2023-06-19T10:15:31","date_gmt":"2023-06-19T13:15:31","guid":{"rendered":"https:\/\/vimagazine.com.br\/?p=9735"},"modified":"2023-06-19T10:15:35","modified_gmt":"2023-06-19T13:15:35","slug":"fachadas-e-piscinas-e-tema-de-forum-organizado-pelo-grupo-hard","status":"publish","type":"post","link":"https:\/\/vimagazine.com.br\/?p=9735","title":{"rendered":"Fachadas e Piscinas \u00e9 tema de f\u00f3rum organizado pelo Grupo Hard"},"content":{"rendered":"\n<p><em>O evento \u00e9 gratuito, ter\u00e1 transmiss\u00e3o no Youtube e \u00e9 voltado para projetistas, arquitetos e profissionais de construtoras<\/em><\/p>\n\n\n\n<p>Para debater solu\u00e7\u00f5es de alto desempenho para fachadas e piscinas, o Grupo Hard realizar\u00e1 o <strong>F\u00f3rum de Sistemas em Fachadas e Piscinas<\/strong> no dia 22 de junho. O evento \u00e9 gratuito, ter\u00e1 transmiss\u00e3o no Youtube e \u00e9 focado em projetistas, arquitetos e profissionais de construtoras. Para participar basta se inscrever neste <a href=\"https:\/\/www.sympla.com.br\/evento-online\/forum-de-sistemas-em-fachadas-e-piscinas-on-line\/1994890\">link<\/a>.&nbsp;<\/p>\n\n\n\n<p>A programa\u00e7\u00e3o do evento \u00e9 composta pela participa\u00e7\u00e3o de diversos profissionais renomados. No campo das fachadas, o <strong>Eng. Msc. Renato Sahade<\/strong>, patologista experiente, falar\u00e1 sobre fachada aderida. O <strong>CEO da Cresc\u00eancio Engenharia<\/strong>, empresa com mais de 16 anos de exist\u00eancia, abordar\u00e1 a fachada pele de vidro. Enquanto a Eng. Msc. <strong>Fabiana Ribeiro<\/strong>, CEO da FCH Consultoria, trar\u00e1 mais informa\u00e7\u00f5es sobre fachada ventilada. Para falar sobre piscinas, o evento contar\u00e1 com a experi\u00eancia do arquiteto, doutor em Engenharia e consultor t\u00e9cnico na FCH Consultoria, <strong>Juan Temoche<\/strong>. Com foco em revestimentos e pedras naturais, o ciclo de palestras se encerar\u00e1 com a apresenta\u00e7\u00e3o do CEO da Toledo Consultoria, <strong>Rodrigo Toledo.<\/strong> O f\u00f3rum ter\u00e1 tamb\u00e9m uma mesa redonda mediada pelo professor e CEO da Planville, <strong>Paulo Silva<\/strong>. Al\u00e9m disso, na oportunidade, ser\u00e1 lan\u00e7ada oficialmente a <a href=\"https:\/\/forms.zohopublic.com\/grupohard\/form\/Faaodownloadaqui12\/formperma\/9ZgzdCm4k7c1RzsRbwkOA7NB8xun6dxw3ynaLwjf2-Y\">linha Hard Defense<\/a>, um sistema de impermeabiliza\u00e7\u00e3o completo e vers\u00e1til.<\/p>\n\n\n\n<p>Segundo o Gerente de Engenharia do Grupo Hard, o Eng. Diego Camera, o f\u00f3rum \u00e9 uma excelente oportunidade para troca de experi\u00eancia. \u201cSer\u00e3o mais de quatro horas de conte\u00fado com palestrantes respeitados, que unem o conhecimento t\u00e9cnico com a viv\u00eancia pr\u00e1tica. Uma chance \u00fanica para discutir as tend\u00eancias dentro da constru\u00e7\u00e3o civil\u201d, conta.&nbsp;<\/p>\n\n\n\n<p>Agende-se<\/p>\n\n\n\n<p><em>O qu\u00ea?<\/em> F\u00f3rum de Sistemas em Fachadas e Piscinas&nbsp;<\/p>\n\n\n\n<p><em>Quando?<\/em> 22 de junho (quinta-feira), das 14h \u00e0s 18h30<\/p>\n\n\n\n<p><em>Inscri\u00e7\u00f5es:<\/em> <a href=\"https:\/\/www.sympla.com.br\/evento-online\/forum-de-sistemas-em-fachadas-e-piscinas-on-line\/1994890\">F\u00f3rum de Sistemas em Fachadas e Piscinas \u2013 online \u2013 Sympla<\/a><\/p>\n","protected":false},"excerpt":{"rendered":"<p>O evento \u00e9 gratuito, ter\u00e1 transmiss\u00e3o no Youtube e \u00e9 voltado para projetistas, arquitetos e&#8230;<\/p>\n","protected":false},"author":20,"featured_media":9736,"comment_status":"closed","ping_status":"open","sticky":false,"template":"","format":"standard","meta":{"om_disable_all_campaigns":false,"_monsterinsights_skip_tracking":false,"_monsterinsights_sitenote_active":false,"_monsterinsights_sitenote_note":"","_monsterinsights_sitenote_category":0,"spay_email":""},"categories":[75],"tags":[],"jetpack_featured_media_url":"https:\/\/vimagazine.com.br\/wp-content\/uploads\/2023\/06\/Banner-Site-Forum-Engenharia-925x410px-Mai-2023.ai-1117-\u00d7-375-px.jpg","_links":{"self":[{"href":"https:\/\/vimagazine.com.br\/index.php?rest_route=\/wp\/v2\/posts\/9735"}],"collection":[{"href":"https:\/\/vimagazine.com.br\/index.php?rest_route=\/wp\/v2\/posts"}],"about":[{"href":"https:\/\/vimagazine.com.br\/index.php?rest_route=\/wp\/v2\/types\/post"}],"author":[{"embeddable":true,"href":"https:\/\/vimagazine.com.br\/index.php?rest_route=\/wp\/v2\/users\/20"}],"replies":[{"embeddable":true,"href":"https:\/\/vimagazine.com.br\/index.php?rest_route=%2Fwp%2Fv2%2Fcomments&post=9735"}],"version-history":[{"count":1,"href":"https:\/\/vimagazine.com.br\/index.php?rest_route=\/wp\/v2\/posts\/9735\/revisions"}],"predecessor-version":[{"id":9737,"href":"https:\/\/vimagazine.com.br\/index.php?rest_route=\/wp\/v2\/posts\/9735\/revisions\/9737"}],"wp:featuredmedia":[{"embeddable":true,"href":"https:\/\/vimagazine.com.br\/index.php?rest_route=\/wp\/v2\/media\/9736"}],"wp:attachment":[{"href":"https:\/\/vimagazine.com.br\/index.php?rest_route=%2Fwp%2Fv2%2Fmedia&parent=9735"}],"wp:term":[{"taxonomy":"category","embeddable":true,"href":"https:\/\/vimagazine.com.br\/index.php?rest_route=%2Fwp%2Fv2%2Fcategories&post=9735"},{"taxonomy":"post_tag","embeddable":true,"href":"https:\/\/vimagazine.com.br\/index.php?rest_route=%2Fwp%2Fv2%2Ftags&post=9735"}],"curies":[{"name":"wp","href":"https:\/\/api.w.org\/{rel}","templated":true}]}}