{"id":9738,"date":"2023-06-19T11:01:35","date_gmt":"2023-06-19T14:01:35","guid":{"rendered":"https:\/\/vimagazine.com.br\/?p=9738"},"modified":"2023-06-19T11:01:35","modified_gmt":"2023-06-19T14:01:35","slug":"a-pequena-monstra-leticia-souza-retorna-aos-palcos-de-joinville-com-solo-de-danca","status":"publish","type":"post","link":"https:\/\/vimagazine.com.br\/?p=9738","title":{"rendered":"A Pequena Monstra: Let\u00edcia Souza retorna aos palcos de Joinville com solo de dan\u00e7a\u00a0"},"content":{"rendered":"\n<p><em>Apresenta\u00e7\u00f5es gratuitas acontecem nos dias 23 e 24 de junho no Galp\u00e3o de Teatro da AJOTE\u00a0\u00a0<\/em><\/p>\n\n\n\n<p>Nos dias 23 e 24 de junho, no Teatro da AJOTE, em Joinville, a dan\u00e7arina Let\u00edcia Souza apresenta o solo de dan\u00e7a \u201cA Pequena Monstra: o retorno&#8221;, com codire\u00e7\u00e3o dela e Neto Machado. A obra traz \u00e0 cena uma reflex\u00e3o das mem\u00f3rias de lutos e lutas vividas pela artista e que em muitos momentos se confundem com a hist\u00f3ria de todos que est\u00e3o assistindo.&nbsp;<\/p>\n\n\n\n<p>Neste sentido, \u201cA Pequena Monstra: o retorno&#8221; questiona a viv\u00eancia e explora a pot\u00eancia que \u00e9 viver relacionando-se ao ambiente em que se encontra. A cria\u00e7\u00e3o vem sendo realizada desde janeiro de 2023 e conta com a colabora\u00e7\u00e3o de artistas e produtores de Joinville, Salvador e Florian\u00f3polis.&nbsp;&nbsp;<\/p>\n\n\n\n<p>&#8220;Mesmo \u00e0 dist\u00e2ncia, conseguimos encontrar caminhos poss\u00edveis para seguir e criar. Foram seis meses em um um processo de escuta, de possibilidades, de entender os desejos da Let\u00edcia e com isso chegamos em um resultado muito bonito&#8221;, destaca o diretor.<\/p>\n\n\n\n<p>O espet\u00e1culo apresenta uma dan\u00e7a solit\u00e1ria e usa os epis\u00f3dios vividos pela artista para reverberar em sua movimenta\u00e7\u00e3o corporal. &#8220;\u00c9 olhando para cada mem\u00f3ria que conseguimos transformar nossos movimentos, compreender nossa exist\u00eancia e compartilhar nossas reflex\u00f5es para o mundo, passando a olhar de maneira mais leve para o presente e futuro&#8221;, comenta Let\u00edcia.&nbsp;&nbsp;<\/p>\n\n\n\n<p>Para complementar a experi\u00eancia, Let\u00edcia disponibilizou um e-book (<a href=\"http:\/\/comodancaremsc.com.br\/apequenamonstra\/)\">download aqui<\/a>) onde conta sobre como suas experi\u00eancias em dan\u00e7a, cicatrizes e mem\u00f3rias de lutos a acompanham durante os anos e como elas interferem seus processos criativos.<\/p>\n\n\n\n<p>O processo de cria\u00e7\u00e3o do solo, as apresenta\u00e7\u00f5es nos dias 23 e 24, e a cria\u00e7\u00e3o e distribui\u00e7\u00e3o do livro digital &#8220;A pequena monstra: escritas aleat\u00f3rias para a sobreviv\u00eancia&#8221; fazem parte do projeto \u201cA Pequena Monstra: o retorno&#8221; contemplado no Pr\u00eamio Elisabete Anderle de Apoio \u00e0 Cultura \u2013 Edi\u00e7\u00e3o 2022, executado com recursos do Governo do Estado de Santa Catarina, por meio da Funda\u00e7\u00e3o Catarinense de Cultura, e conta com o apoio da Associa\u00e7\u00e3o Joinvilense de Teatro e da Dimenti Produ\u00e7\u00f5es.<\/p>\n\n\n\n<p><strong>Sobre <\/strong><strong>Let\u00edcia Souza<\/strong><\/p>\n\n\n\n<p>Let\u00edcia Souza \u00e9 dan\u00e7arina, atriz, curadora, gestora e produtora de projetos culturais colaborativos desenvolvidos principalmente em \u00e1reas como cria\u00e7\u00e3o e circula\u00e7\u00e3o de obras de teatro e dan\u00e7a, a\u00e7\u00f5es formativas e pesquisa\/registro de dan\u00e7a. Tem trabalhos reconhecidos por pr\u00eamios nacionais e estaduais, tais como: Pr\u00eamio Klauss Vianna de Dan\u00e7a e Pr\u00eamio de Circula\u00e7\u00e3o e Difus\u00e3o da Dan\u00e7a, ambos da FUNARTE\/Minist\u00e9rio da Cultura do Brasil, e Pr\u00eamio Elisabete Anderle da Funda\u00e7\u00e3o Catarinense de Cultura. \u00c9 Idealizadora e Coordenadora da plataforma Como Dan\u00e7ar em Santa Catarina? &#8211; pesquisa e registro de dan\u00e7a (<a href=\"http:\/\/www.comodancaremsc.com.br\">www.comodancaremsc.com.br<\/a>). Mestra em Teatro na Universidade do Estado de Santa Catarina, com pesquisa sobre as rela\u00e7\u00f5es entre dan\u00e7a, mem\u00f3ria e a cidade de Joinville.&nbsp;<\/p>\n\n\n\n<p><strong>Agende-se<\/strong><\/p>\n\n\n\n<p><strong>O que: <\/strong>Espet\u00e1culo solo A Pequena Mostra: o retorno<strong><br><\/strong><strong>Quando: <\/strong>23 e 24\/ 06 | sex e s\u00e1b, 20h<strong><br><\/strong><strong>Onde: <\/strong>Galp\u00e3o de Teatro Ajote &#8211; R. Quinze de Novembro, 1383 <strong><br><\/strong><strong>Quanto: <\/strong>A distribui\u00e7\u00e3o gratuita dos ingressos ser\u00e1 feita 1h antes de cada sess\u00e3o, na bilheteria do teatro&nbsp;<\/p>\n\n\n\n<p><strong>Classifica\u00e7\u00e3o: <\/strong>Livre<\/p>\n\n\n\n<p><strong>Mais informa\u00e7\u00f5es: <\/strong>47 99165-8790<\/p>\n\n\n\n<p><strong>Sinopse:<\/strong><\/p>\n\n\n\n<p>Ressurge dos escombros de um teatro (e de um pa\u00eds): uma dan\u00e7a de lutas e lutos.&nbsp;<\/p>\n\n\n\n<p>Inaugura novos territ\u00f3rios em si: futuros presentes fincados em solos f\u00e9rteis.<\/p>\n\n\n\n<p>Aguenta firme e encontra modos de agir: bandeiras em movimento.<\/p>\n\n\n\n<p>Embala os fantasmas que est\u00e3o por a\u00ed: farrapos her\u00f3icos hasteados com empenho.<\/p>\n\n\n\n<p>Sustenta estandartes alinhavados com otimismo: contudo e com tudo.<\/p>\n\n\n\n<p>Desbrava montanhas: mostra aquilo que se monstra.&nbsp;<\/p>\n\n\n\n<p><strong>Ficha T\u00e9cnica:<\/strong><\/p>\n\n\n\n<p>Dire\u00e7\u00e3o: Neto Machado e Let\u00edcia Souza<\/p>\n\n\n\n<p>Figurinos e Elementos de cena: Karin Serafin&nbsp;<\/p>\n\n\n\n<p>Trilha Sonora: Dimi Camorlinga&nbsp;<\/p>\n\n\n\n<p>Ilumina\u00e7\u00e3o: Fl\u00e1vio Andrade&nbsp;<\/p>\n\n\n\n<p>Design Gr\u00e1fico: Rodrigo Ascen\u00e7\u00e3o&nbsp;<\/p>\n\n\n\n<p>Assessoria de Imprensa: Mariana Woj&nbsp;<\/p>\n\n\n\n<p>Fotos: Rodrigo Arsego&nbsp;<\/p>\n\n\n\n<p>Produ\u00e7\u00e3o Executiva: Paula Gotelip&nbsp;<\/p>\n\n\n\n<p>Coordena\u00e7\u00e3o de Produ\u00e7\u00e3o e Gest\u00e3o do Projeto: Let\u00edcia Souza<\/p>\n","protected":false},"excerpt":{"rendered":"<p>Apresenta\u00e7\u00f5es gratuitas acontecem nos dias 23 e 24 de junho no Galp\u00e3o de Teatro da&#8230;<\/p>\n","protected":false},"author":20,"featured_media":9739,"comment_status":"closed","ping_status":"open","sticky":false,"template":"","format":"standard","meta":{"om_disable_all_campaigns":false,"_monsterinsights_skip_tracking":false,"_monsterinsights_sitenote_active":false,"_monsterinsights_sitenote_note":"","_monsterinsights_sitenote_category":0,"spay_email":""},"categories":[26],"tags":[],"jetpack_featured_media_url":"https:\/\/vimagazine.com.br\/wp-content\/uploads\/2023\/06\/WhatsApp-Image-2023-06-12-at-13.49.52.jpeg","_links":{"self":[{"href":"https:\/\/vimagazine.com.br\/index.php?rest_route=\/wp\/v2\/posts\/9738"}],"collection":[{"href":"https:\/\/vimagazine.com.br\/index.php?rest_route=\/wp\/v2\/posts"}],"about":[{"href":"https:\/\/vimagazine.com.br\/index.php?rest_route=\/wp\/v2\/types\/post"}],"author":[{"embeddable":true,"href":"https:\/\/vimagazine.com.br\/index.php?rest_route=\/wp\/v2\/users\/20"}],"replies":[{"embeddable":true,"href":"https:\/\/vimagazine.com.br\/index.php?rest_route=%2Fwp%2Fv2%2Fcomments&post=9738"}],"version-history":[{"count":1,"href":"https:\/\/vimagazine.com.br\/index.php?rest_route=\/wp\/v2\/posts\/9738\/revisions"}],"predecessor-version":[{"id":9740,"href":"https:\/\/vimagazine.com.br\/index.php?rest_route=\/wp\/v2\/posts\/9738\/revisions\/9740"}],"wp:featuredmedia":[{"embeddable":true,"href":"https:\/\/vimagazine.com.br\/index.php?rest_route=\/wp\/v2\/media\/9739"}],"wp:attachment":[{"href":"https:\/\/vimagazine.com.br\/index.php?rest_route=%2Fwp%2Fv2%2Fmedia&parent=9738"}],"wp:term":[{"taxonomy":"category","embeddable":true,"href":"https:\/\/vimagazine.com.br\/index.php?rest_route=%2Fwp%2Fv2%2Fcategories&post=9738"},{"taxonomy":"post_tag","embeddable":true,"href":"https:\/\/vimagazine.com.br\/index.php?rest_route=%2Fwp%2Fv2%2Ftags&post=9738"}],"curies":[{"name":"wp","href":"https:\/\/api.w.org\/{rel}","templated":true}]}}