{"id":9741,"date":"2023-06-19T17:59:34","date_gmt":"2023-06-19T20:59:34","guid":{"rendered":"https:\/\/vimagazine.com.br\/?p=9741"},"modified":"2023-06-19T17:59:35","modified_gmt":"2023-06-19T20:59:35","slug":"spotmarkt-cria-cerca-de-300-vagas-de-empregos-diretos-e-indiretos","status":"publish","type":"post","link":"https:\/\/vimagazine.com.br\/?p=9741","title":{"rendered":"SpotMarkt cria cerca de 300 vagas de empregos diretos e indiretos"},"content":{"rendered":"\n<p class=\"has-text-align-center\">Espa\u00e7o cria novas oportunidades para moradores do bairro C\u00f3rrego Grande e entorno<\/p>\n\n\n\n<p class=\"has-text-align-center\">Inaugurado em mar\u00e7o, no C\u00f3rrego Grande, em Florian\u00f3polis, o SpotMarkt Mall se transformou no ponto de encontro e conex\u00e3o do bairro, movimentando a regi\u00e3o com uma variedade de op\u00e7\u00f5es de gastronomia, lazer e servi\u00e7os. Al\u00e9m disso, o empreendimento vem gerando impacto na economia com a cria\u00e7\u00e3o de novos empregos.<\/p>\n\n\n\n<p class=\"has-text-align-center\">S\u00e3o 250 vagas diretas criadas com 36 opera\u00e7\u00f5es, que incluem bares, cafeteria, restaurantes e supermercado. Al\u00e9m dos empregos criados diretamente com as opera\u00e7\u00f5es dentro do SpotMarkt, o espa\u00e7o mobiliza uma s\u00e9rie de trabalhos indiretos, num ecossistema que inclui funcion\u00e1rios de empresas terceirizadas que contribuem com as opera\u00e7\u00f5es, entregadores, motoristas e demais trabalhadores de suporte. A estimativa \u00e9 de um total de 300 empregos diretos e indiretos<\/p>\n\n\n\n<p class=\"has-text-align-center\">\u201cO SpotMarkt foi criado com a inten\u00e7\u00e3o de reunir pessoas, proporcionar encontros e oferecer boas op\u00e7\u00f5es de lazer e gastronomia, al\u00e9m de contribuir com a economia local com neg\u00f3cios e empregos\u201d, refor\u00e7a o CEO da Dimas Constru\u00e7\u00f5es, Daniel Dimas.<\/p>\n\n\n\n<p class=\"has-text-align-center\">No SpotMarkt Mall, no C\u00f3rrego Grande, o n\u00famero de vagas de emprego criadas \u00e9 puxado pela rede de supermercados HiperSelect. De acordo com Jossemar Dias Cabral, s\u00f3cio-propriet\u00e1rio da rede, 95% dessas vagas s\u00e3o preenchidas por pessoas que moram no pr\u00f3prio bairro ou na regi\u00e3o.<\/p>\n\n\n\n<figure class=\"wp-block-image aligncenter size-large\"><img width=\"682\" height=\"1024\" src=\"https:\/\/vimagazine.com.br\/wp-content\/uploads\/2023\/06\/WhatsApp-Image-2023-06-16-at-09.35.47-1-682x1024.jpeg\" alt=\"\" class=\"wp-image-9743\" srcset=\"https:\/\/vimagazine.com.br\/wp-content\/uploads\/2023\/06\/WhatsApp-Image-2023-06-16-at-09.35.47-1-682x1024.jpeg 682w, https:\/\/vimagazine.com.br\/wp-content\/uploads\/2023\/06\/WhatsApp-Image-2023-06-16-at-09.35.47-1-200x300.jpeg 200w, https:\/\/vimagazine.com.br\/wp-content\/uploads\/2023\/06\/WhatsApp-Image-2023-06-16-at-09.35.47-1-768x1153.jpeg 768w, https:\/\/vimagazine.com.br\/wp-content\/uploads\/2023\/06\/WhatsApp-Image-2023-06-16-at-09.35.47-1-1023x1536.jpeg 1023w, https:\/\/vimagazine.com.br\/wp-content\/uploads\/2023\/06\/WhatsApp-Image-2023-06-16-at-09.35.47-1-1024x1537.jpeg 1024w, https:\/\/vimagazine.com.br\/wp-content\/uploads\/2023\/06\/WhatsApp-Image-2023-06-16-at-09.35.47-1.jpeg 1066w\" sizes=\"(max-width: 682px) 100vw, 682px\" \/><\/figure>\n\n\n\n<p class=\"has-text-align-center\">\u201cFizemos um trabalho junto \u00e0 comunidade para priorizar os pr\u00f3prios moradores do C\u00f3rrego e do entorno na hora de preencher as vagas de emprego. Chegamos com o intuito de contribuir com essa regi\u00e3o, que est\u00e1 em crescimento, oferecendo conforto e mais op\u00e7\u00f5es de compra para os clientes, al\u00e9m de ajudar no desenvolvimento da economia\u201d, destaca o s\u00f3cio-propriet\u00e1rio da rede, que tamb\u00e9m conta com unidades nos bairros Campeche, Rio Tavares, Lagoa e Canto da Lagoa, em Florian\u00f3polis.<\/p>\n\n\n\n<p class=\"has-text-align-center\">O SpotMarkt Mall fica aberto diariamente das 11h \u00e0s 23h, com exce\u00e7\u00e3o do supermercado e cafeteria, que abrem mais cedo, \u00e0s 7h30. O espa\u00e7o est\u00e1 integrado ao D\/Spot, empreendimento da Dimas Constru\u00e7\u00f5es entregue pela construtora no ano passado, e ao Parque Linear do C\u00f3rrego Grande.<\/p>\n\n\n\n<p class=\"has-text-align-center\"><strong>Fonte:<\/strong> <strong>Guilherme Simon<\/strong><\/p>\n","protected":false},"excerpt":{"rendered":"<p>Espa\u00e7o cria novas oportunidades para moradores do bairro C\u00f3rrego Grande e entorno Inaugurado em mar\u00e7o,&#8230;<\/p>\n","protected":false},"author":3,"featured_media":9742,"comment_status":"closed","ping_status":"open","sticky":false,"template":"","format":"standard","meta":{"om_disable_all_campaigns":false,"_monsterinsights_skip_tracking":false,"_monsterinsights_sitenote_active":false,"_monsterinsights_sitenote_note":"","_monsterinsights_sitenote_category":0,"spay_email":""},"categories":[1],"tags":[],"jetpack_featured_media_url":"https:\/\/vimagazine.com.br\/wp-content\/uploads\/2023\/06\/WhatsApp-Image-2023-06-16-at-09.35.47-e1687208212208.jpeg","_links":{"self":[{"href":"https:\/\/vimagazine.com.br\/index.php?rest_route=\/wp\/v2\/posts\/9741"}],"collection":[{"href":"https:\/\/vimagazine.com.br\/index.php?rest_route=\/wp\/v2\/posts"}],"about":[{"href":"https:\/\/vimagazine.com.br\/index.php?rest_route=\/wp\/v2\/types\/post"}],"author":[{"embeddable":true,"href":"https:\/\/vimagazine.com.br\/index.php?rest_route=\/wp\/v2\/users\/3"}],"replies":[{"embeddable":true,"href":"https:\/\/vimagazine.com.br\/index.php?rest_route=%2Fwp%2Fv2%2Fcomments&post=9741"}],"version-history":[{"count":1,"href":"https:\/\/vimagazine.com.br\/index.php?rest_route=\/wp\/v2\/posts\/9741\/revisions"}],"predecessor-version":[{"id":9744,"href":"https:\/\/vimagazine.com.br\/index.php?rest_route=\/wp\/v2\/posts\/9741\/revisions\/9744"}],"wp:featuredmedia":[{"embeddable":true,"href":"https:\/\/vimagazine.com.br\/index.php?rest_route=\/wp\/v2\/media\/9742"}],"wp:attachment":[{"href":"https:\/\/vimagazine.com.br\/index.php?rest_route=%2Fwp%2Fv2%2Fmedia&parent=9741"}],"wp:term":[{"taxonomy":"category","embeddable":true,"href":"https:\/\/vimagazine.com.br\/index.php?rest_route=%2Fwp%2Fv2%2Fcategories&post=9741"},{"taxonomy":"post_tag","embeddable":true,"href":"https:\/\/vimagazine.com.br\/index.php?rest_route=%2Fwp%2Fv2%2Ftags&post=9741"}],"curies":[{"name":"wp","href":"https:\/\/api.w.org\/{rel}","templated":true}]}}