{"id":9751,"date":"2023-06-22T14:34:37","date_gmt":"2023-06-22T17:34:37","guid":{"rendered":"https:\/\/vimagazine.com.br\/?p=9751"},"modified":"2023-06-22T14:34:40","modified_gmt":"2023-06-22T17:34:40","slug":"clipe-de-juliana-valiati-com-participacao-de-chaline-grazik-sera-lancado-em-sao-paulo-dia-22-06","status":"publish","type":"post","link":"https:\/\/vimagazine.com.br\/?p=9751","title":{"rendered":"Clipe de Juliana Valiati, com participa\u00e7\u00e3o de Chaline Grazik, ser\u00e1 lan\u00e7ado em S\u00e3o Paulo, dia 22\/06"},"content":{"rendered":"\n<p><\/p>\n\n\n\n<p><em>A estreia da m\u00fasica \u2018Na ro\u00e7a e na ro\u00e7ada\u2019 e do videoclipe, com a participa\u00e7\u00e3o da vidente das estrelas, ter\u00e1 coquetel na Confraria Manga Rosa, no Shopping Parque da Cidade;<\/em><\/p>\n\n\n\n<figure class=\"wp-block-image size-large\"><img width=\"1024\" height=\"682\" src=\"https:\/\/vimagazine.com.br\/wp-content\/uploads\/2023\/06\/5c3cf11e-cc9c-4920-91f6-865ba5028da7-1024x682.jpg\" alt=\"\" class=\"wp-image-9752\" srcset=\"https:\/\/vimagazine.com.br\/wp-content\/uploads\/2023\/06\/5c3cf11e-cc9c-4920-91f6-865ba5028da7-1024x682.jpg 1024w, https:\/\/vimagazine.com.br\/wp-content\/uploads\/2023\/06\/5c3cf11e-cc9c-4920-91f6-865ba5028da7-300x200.jpg 300w, https:\/\/vimagazine.com.br\/wp-content\/uploads\/2023\/06\/5c3cf11e-cc9c-4920-91f6-865ba5028da7-768x511.jpg 768w, https:\/\/vimagazine.com.br\/wp-content\/uploads\/2023\/06\/5c3cf11e-cc9c-4920-91f6-865ba5028da7.jpg 1280w\" sizes=\"(max-width: 1024px) 100vw, 1024px\" \/><\/figure>\n\n\n\n<p>No pr\u00f3ximo dia 22, a cantora e apresentadora Juliana Valiati lan\u00e7ar\u00e1 a sua mais nova m\u00fasica, <strong>Na ro\u00e7a e na ro\u00e7ada<\/strong>. Al\u00e9m da can\u00e7\u00e3o, ser\u00e1 lan\u00e7ado o videoclipe oficial com participa\u00e7\u00e3o especial de <a href=\"https:\/\/www.instagram.com\/cha.grazik\/\"><strong>Chaline Grazik<\/strong><\/a>, a vidente oficial das estrelas.<\/p>\n\n\n\n<p>O lan\u00e7amento ser\u00e1 com um coquetel para os convidados, que participaram deste trabalho e, tamb\u00e9m, para a imprensa, capitaneada pela assessora Analice Nicolau, na <a href=\"https:\/\/www.instagram.com\/confrariamangarosa\/\">Confraria Manga Rosa<\/a>, no Shopping Parque da Cidade, na av. das Na\u00e7\u00f5es Unidas, 14401, Ch\u00e1cara Santo Ant\u00f4nio, em S\u00e3o Paulo (SP).<\/p>\n\n\n\n<p>Depois da recep\u00e7\u00e3o, acontecer\u00e1 o <a href=\"https:\/\/www.youtube.com\/channel\/UCBi8cq0p48WV1qEJknia_QQ\">programa Vozes do Brasil<\/a>, apresentado por Juliana Valiati, que ter\u00e1 como tema principal o lan\u00e7amento do clipe, com a participa\u00e7\u00e3o de Chaline Grazik.<\/p>\n\n\n\n<p>A m\u00fasica trata de um tema atual, voltado para a ro\u00e7a, para o agro e o campo, e conta a hist\u00f3ria da mulher empoderada nos dias de hoje.<\/p>\n\n\n\n<p><strong>Lan\u00e7amentos recentes<\/strong><\/p>\n\n\n\n<p>Chaline Grazik tamb\u00e9m desenvolve <em>e-books<\/em> que visam ajudar as pessoas a terem uma vida pessoal e financeira mais pr\u00f3speras.<\/p>\n\n\n\n<p>E seus dois \u00faltimos lan\u00e7amentos s\u00e3o a <a href=\"https:\/\/hotmart.com\/pt-br\/marketplace\/produtos\/meditacao-milagrosa-da-aguia-metodo-chaline-grazik\/Y83766338J\">Medita\u00e7\u00e3o milagrosa da \u00e1guia<\/a>, com uma medita\u00e7\u00e3o que auxilia as pessoas a se alinharem com o Universo, para que tudo o que desejam aconte\u00e7a rapidamente; e <a href=\"https:\/\/hotmart.com\/pt-br\/marketplace\/produtos\/as-mulheres-voam-com-as-aguias-metodo-chaline-grazik\/S83459695V\">As mulheres voam com as \u00e1guias<\/a>, em que Chaline ensina como se conectar com a for\u00e7a da \u00e1guia, limpando traumas e bloqueios, utilizando as virtudes desta ave para progredir na vida.<\/p>\n\n\n\n<p><strong>Chaline Grazik<\/strong><\/p>\n\n\n\n<p>Desde os sete anos, a m\u00e9dium sensitiva \u2013 reikiana e tar\u00f3loga, Chaline Grazik, 29, j\u00e1 provava do poder de sua mediunidade, que s\u00f3 se tornou mais evidente durante a sua adolesc\u00eancia.<\/p>\n\n\n\n<p>\u201cEntre os meus 15 e 17, percebi ser algo espiritual. Foi quando comecei a ter contato com este mundo e resolvi desenvolver a minha mediunidade\u201d, relembra Chaline.<\/p>\n\n\n\n<p>Casada com o tamb\u00e9m m\u00e9dium Fabr\u00edcio Stempkowski, Chay \u00e9 mais conhecida como a vidente oficial das estrelas e, h\u00e1 13 anos, atua como clarividente, atrav\u00e9s das previs\u00f5es, como mentora espiritual e pr\u00e1tica da psicografia. Mas, a ga\u00facha ficou conhecida na internet por divulgar previs\u00f5es assertivas sobre famosos e situa\u00e7\u00f5es p\u00fablicas.<\/p>\n\n\n\n<p>Atualmente, conta com mais de 6,1 milh\u00f5es de seguidores no Instagram.<\/p>\n\n\n\n<p>Imagens: divulga\u00e7\u00e3o<\/p>\n","protected":false},"excerpt":{"rendered":"<p>A estreia da m\u00fasica \u2018Na ro\u00e7a e na ro\u00e7ada\u2019 e do videoclipe, com a participa\u00e7\u00e3o&#8230;<\/p>\n","protected":false},"author":2,"featured_media":9753,"comment_status":"closed","ping_status":"open","sticky":false,"template":"","format":"standard","meta":{"om_disable_all_campaigns":false,"_monsterinsights_skip_tracking":false,"_monsterinsights_sitenote_active":false,"_monsterinsights_sitenote_note":"","_monsterinsights_sitenote_category":0,"spay_email":""},"categories":[26,1],"tags":[674,106,699,676],"jetpack_featured_media_url":"https:\/\/vimagazine.com.br\/wp-content\/uploads\/2023\/06\/IMG_4133.jpg","_links":{"self":[{"href":"https:\/\/vimagazine.com.br\/index.php?rest_route=\/wp\/v2\/posts\/9751"}],"collection":[{"href":"https:\/\/vimagazine.com.br\/index.php?rest_route=\/wp\/v2\/posts"}],"about":[{"href":"https:\/\/vimagazine.com.br\/index.php?rest_route=\/wp\/v2\/types\/post"}],"author":[{"embeddable":true,"href":"https:\/\/vimagazine.com.br\/index.php?rest_route=\/wp\/v2\/users\/2"}],"replies":[{"embeddable":true,"href":"https:\/\/vimagazine.com.br\/index.php?rest_route=%2Fwp%2Fv2%2Fcomments&post=9751"}],"version-history":[{"count":1,"href":"https:\/\/vimagazine.com.br\/index.php?rest_route=\/wp\/v2\/posts\/9751\/revisions"}],"predecessor-version":[{"id":9754,"href":"https:\/\/vimagazine.com.br\/index.php?rest_route=\/wp\/v2\/posts\/9751\/revisions\/9754"}],"wp:featuredmedia":[{"embeddable":true,"href":"https:\/\/vimagazine.com.br\/index.php?rest_route=\/wp\/v2\/media\/9753"}],"wp:attachment":[{"href":"https:\/\/vimagazine.com.br\/index.php?rest_route=%2Fwp%2Fv2%2Fmedia&parent=9751"}],"wp:term":[{"taxonomy":"category","embeddable":true,"href":"https:\/\/vimagazine.com.br\/index.php?rest_route=%2Fwp%2Fv2%2Fcategories&post=9751"},{"taxonomy":"post_tag","embeddable":true,"href":"https:\/\/vimagazine.com.br\/index.php?rest_route=%2Fwp%2Fv2%2Ftags&post=9751"}],"curies":[{"name":"wp","href":"https:\/\/api.w.org\/{rel}","templated":true}]}}