{"id":9759,"date":"2023-06-23T13:34:32","date_gmt":"2023-06-23T16:34:32","guid":{"rendered":"https:\/\/vimagazine.com.br\/?p=9759"},"modified":"2023-06-23T13:34:36","modified_gmt":"2023-06-23T16:34:36","slug":"por-que-uma-escola-de-joinville-participara-da-expogestao","status":"publish","type":"post","link":"https:\/\/vimagazine.com.br\/?p=9759","title":{"rendered":"Por que uma escola de Joinville participar\u00e1 da ExpoGest\u00e3o?"},"content":{"rendered":"\n<p class=\"has-text-align-center\">O mercado corporativo, importantes tomadores de decis\u00e3o, grandes e estrat\u00e9gicos l\u00edderes estar\u00e3o reunidos na 21\u00aa ExpoGest\u00e3o, de 27 a 29 de junho na Expoville, em Joinville\/SC. <\/p>\n\n\n\n<p class=\"has-text-align-center\">O congresso que apresentar\u00e1 conte\u00fados relevantes, inspiradores e transformadores, tamb\u00e9m contar\u00e1 com a participa\u00e7\u00e3o de uma escola joinvilense com 18 palestras, sendo que muitas delas ser\u00e3o conduzidas pelos pr\u00f3prios estudantes, de 15 e 16 anos.<\/p>\n\n\n\n<p class=\"has-text-align-center\">A Coree International School, \u00fanica institui\u00e7\u00e3o de Santa Catarina que oferece o programa IB completo, ter\u00e1 uma sala especial para receber os visitantes: o Espa\u00e7o Coree.<\/p>\n\n\n\n<p class=\"has-text-align-center\">Mas, por que levar estudantes para palestrarem aos l\u00edderes? Por que levar uma escolha \u00e0 ExpoGest\u00e3o? Para Ernesto Heinzelmann, presidente do Conselho de Administra\u00e7\u00e3o do Instituto Core, mantenedor da Coree International School, a escola tem como objetivo ensinar, disseminar conhecimentos, desenvolver l\u00edderes empresariais e comunit\u00e1rios, portanto, alinhada aos objetivos da Expogest\u00e3o.<\/p>\n\n\n\n<p class=\"has-text-align-center\">No caso da escola, em muitas das palestras que ir\u00e3o ocorrer, os protagonistas ser\u00e3o os alunos, \u201cos l\u00edderes que no futuro estar\u00e3o na Expogest\u00e3o como profissionais nas \u00e1reas que escolherem seguir. Nossa miss\u00e3o \u00e9 \u2018Capacitar para um Futuro Promissor\u2019. <\/p>\n\n\n\n<p class=\"has-text-align-center\">Os presentes a Expogest\u00e3o ter\u00e3o a oportunidade de ver nossa proposta, como damos aos nossos alunos as ferramentas para se tornarem cidad\u00e3os mais completos, com consci\u00eancia do seu papel na sociedade, como l\u00edderes e influenciadores de comportamentos, tanto na sua futura vida profissional como pessoal\u201d, destaca.<\/p>\n\n\n\n<p class=\"has-text-align-center\">Al\u00e9m de mostrar como tem contribu\u00eddo e se empenhando na constru\u00e7\u00e3o do saber com conte\u00fado e disciplina comportamental, a Coree ir\u00e1 apresentar por meio de depoimentos de ex-alunos o futuro que almejavam e conquistaram; o que e como os alunos pensam sobre o futuro enquanto pessoas que querem transformar o mundo. Gestores, professores e empres\u00e1rios convidados pelos estudantes tamb\u00e9m ir\u00e3o palestrar no Espa\u00e7o Coree sobre a import\u00e2ncia da educa\u00e7\u00e3o disruptiva, lideran\u00e7a, inova\u00e7\u00e3o, desenvolvimento das soft skills, mindset do profissional do futuro, entre outros temas.<\/p>\n\n\n\n<p class=\"has-text-align-center\">Em 2022, a Coree e seus estudantes tamb\u00e9m participaram da ExpoGest\u00e3o no formato estande. Para 2023, a escola aposta em uma sala exclusiva, para receber mais pessoas e poder abordar temas relevantes com mais conforto ao p\u00fablico.<\/p>\n\n\n\n<p class=\"has-text-align-center\"><strong>Foto: Ernesto Heinzelmann<\/strong><\/p>\n\n\n\n<p class=\"has-text-align-center\">Legenda: no dia 29\/06, \u00e1s 17h, o empres\u00e1rio Ernesto Heinzelmann, que tamb\u00e9m \u00e9 Presidente dos Conselhos de Administra\u00e7\u00e3o do Porto de Itapo\u00e1, Portinvest, R\u00f4gga Empreendimentos Imobili\u00e1rios, Instituto Core e Musicarium Academia Filarm\u00f4nica Brasileira, far\u00e1 a Palestra: Capacitar para um Futuro Promissor, no Espa\u00e7o Coree na ExpoGest\u00e3o&#8211;<br>Liana TrevisanJornalista<br>JP 003750-SC&nbsp;<\/p>\n","protected":false},"excerpt":{"rendered":"<p>O mercado corporativo, importantes tomadores de decis\u00e3o, grandes e estrat\u00e9gicos l\u00edderes estar\u00e3o reunidos na 21\u00aa&#8230;<\/p>\n","protected":false},"author":3,"featured_media":9760,"comment_status":"closed","ping_status":"open","sticky":false,"template":"","format":"standard","meta":{"om_disable_all_campaigns":false,"_monsterinsights_skip_tracking":false,"_monsterinsights_sitenote_active":false,"_monsterinsights_sitenote_note":"","_monsterinsights_sitenote_category":0,"spay_email":""},"categories":[1],"tags":[],"jetpack_featured_media_url":"https:\/\/vimagazine.com.br\/wp-content\/uploads\/2023\/06\/idoso-e1687537969824.jpg","_links":{"self":[{"href":"https:\/\/vimagazine.com.br\/index.php?rest_route=\/wp\/v2\/posts\/9759"}],"collection":[{"href":"https:\/\/vimagazine.com.br\/index.php?rest_route=\/wp\/v2\/posts"}],"about":[{"href":"https:\/\/vimagazine.com.br\/index.php?rest_route=\/wp\/v2\/types\/post"}],"author":[{"embeddable":true,"href":"https:\/\/vimagazine.com.br\/index.php?rest_route=\/wp\/v2\/users\/3"}],"replies":[{"embeddable":true,"href":"https:\/\/vimagazine.com.br\/index.php?rest_route=%2Fwp%2Fv2%2Fcomments&post=9759"}],"version-history":[{"count":1,"href":"https:\/\/vimagazine.com.br\/index.php?rest_route=\/wp\/v2\/posts\/9759\/revisions"}],"predecessor-version":[{"id":9761,"href":"https:\/\/vimagazine.com.br\/index.php?rest_route=\/wp\/v2\/posts\/9759\/revisions\/9761"}],"wp:featuredmedia":[{"embeddable":true,"href":"https:\/\/vimagazine.com.br\/index.php?rest_route=\/wp\/v2\/media\/9760"}],"wp:attachment":[{"href":"https:\/\/vimagazine.com.br\/index.php?rest_route=%2Fwp%2Fv2%2Fmedia&parent=9759"}],"wp:term":[{"taxonomy":"category","embeddable":true,"href":"https:\/\/vimagazine.com.br\/index.php?rest_route=%2Fwp%2Fv2%2Fcategories&post=9759"},{"taxonomy":"post_tag","embeddable":true,"href":"https:\/\/vimagazine.com.br\/index.php?rest_route=%2Fwp%2Fv2%2Ftags&post=9759"}],"curies":[{"name":"wp","href":"https:\/\/api.w.org\/{rel}","templated":true}]}}