{"id":9792,"date":"2023-06-27T14:21:02","date_gmt":"2023-06-27T17:21:02","guid":{"rendered":"https:\/\/vimagazine.com.br\/?p=9792"},"modified":"2023-06-27T14:21:03","modified_gmt":"2023-06-27T17:21:03","slug":"chaline-grazik-e-a-entrevistada-de-celso-portiolli","status":"publish","type":"post","link":"https:\/\/vimagazine.com.br\/?p=9792","title":{"rendered":"Chaline Grazik \u00e9 a entrevistada de Celso Portiolli"},"content":{"rendered":"\n<p><\/p>\n\n\n\n<p class=\"has-text-align-center\">No dia 27\/06, o apresentador recebe em seu podcast a vidente das estrelas para falar sobre a sua vida medi\u00fanica e sobre as suas previs\u00f5es<\/p>\n\n\n\n<figure class=\"wp-block-image size-large is-resized\"><img src=\"https:\/\/vimagazine.com.br\/wp-content\/uploads\/2023\/06\/02da32cb-d962-4b4f-88f7-f373c94f6d03-497x1024.jpg\" alt=\"\" class=\"wp-image-9793\" width=\"838\" height=\"1727\" srcset=\"https:\/\/vimagazine.com.br\/wp-content\/uploads\/2023\/06\/02da32cb-d962-4b4f-88f7-f373c94f6d03-497x1024.jpg 497w, https:\/\/vimagazine.com.br\/wp-content\/uploads\/2023\/06\/02da32cb-d962-4b4f-88f7-f373c94f6d03-146x300.jpg 146w, https:\/\/vimagazine.com.br\/wp-content\/uploads\/2023\/06\/02da32cb-d962-4b4f-88f7-f373c94f6d03-746x1536.jpg 746w, https:\/\/vimagazine.com.br\/wp-content\/uploads\/2023\/06\/02da32cb-d962-4b4f-88f7-f373c94f6d03.jpg 777w\" sizes=\"(max-width: 838px) 100vw, 838px\" \/><\/figure>\n\n\n\n<p>Na pr\u00f3xima ter\u00e7a-feira, dia 27 de junho, a vidente oficial das estrelas Chaline Grazik ser\u00e1 a entrevistada do apresentador Celso Portiolli, em seu podcast, o PodC, a partir das 19h, pelo Youtube.<\/p>\n\n\n\n<figure class=\"wp-block-image size-large is-resized\"><img src=\"https:\/\/vimagazine.com.br\/wp-content\/uploads\/2023\/06\/d01834aa-e78f-4e31-9b13-0cff25e34c70-497x1024.jpg\" alt=\"\" class=\"wp-image-9794\" width=\"838\" height=\"1727\" srcset=\"https:\/\/vimagazine.com.br\/wp-content\/uploads\/2023\/06\/d01834aa-e78f-4e31-9b13-0cff25e34c70-497x1024.jpg 497w, https:\/\/vimagazine.com.br\/wp-content\/uploads\/2023\/06\/d01834aa-e78f-4e31-9b13-0cff25e34c70-146x300.jpg 146w, https:\/\/vimagazine.com.br\/wp-content\/uploads\/2023\/06\/d01834aa-e78f-4e31-9b13-0cff25e34c70-746x1536.jpg 746w, https:\/\/vimagazine.com.br\/wp-content\/uploads\/2023\/06\/d01834aa-e78f-4e31-9b13-0cff25e34c70.jpg 777w\" sizes=\"(max-width: 838px) 100vw, 838px\" \/><\/figure>\n\n\n\n<p>A m\u00e9dium vai falar com Celso sobre a sua vida profissional, tanto de vidente, com as previs\u00f5es que faz; bem como de sua jornada empreendedora. Ao final da entrevista, Portiolli faz um desafio inesperado \u00e0 Chaline. Ser\u00e1 que a Cigana acertar\u00e1?<\/p>\n\n\n\n<p>Al\u00e9m de seu dom medi\u00fanico, Chaline tamb\u00e9m tem muito sucesso no empreendedorismo, especialmente, com seus e-books sobre vida pr\u00f3spera.<\/p>\n\n\n\n<p>Lan\u00e7amentos recentes<\/p>\n\n\n\n<p>Chaline Grazik tamb\u00e9m desenvolve e-books que visam ajudar as pessoas a terem uma vida pessoal e financeira mais pr\u00f3speras.<\/p>\n\n\n\n<p>E o seu \u00faltimo lan\u00e7amento \u00e9 o Previs\u00f5es da Cigana Esmeralda, em que Chaline ensina como as pessoas podem se conectar \u00e0 cigana Esmeralda, com um b\u00f4nus especial: outro e-book, com uma novena para transformar a vida.<\/p>\n\n\n\n<p>Al\u00e9m disso, a loja de venda de produtos online Rapoz, comercializa os produtos f\u00edsicos de Chaline, como pulseiras, chaveiros, ter\u00e7os e mantras, com exclusividade.<\/p>\n\n\n\n<p>Chaline Grazik<\/p>\n\n\n\n<p>Desde os sete anos, a m\u00e9dium sensitiva \u2013 reikiana e tar\u00f3loga, Chaline Grazik, 29, j\u00e1 provava do poder de sua mediunidade, que s\u00f3 se tornou mais evidente durante a sua adolesc\u00eancia.<\/p>\n\n\n\n<p>\u201cEntre os meus 15 e 17, percebi ser algo espiritual. Foi quando comecei a ter contato com este mundo e resolvi desenvolver a minha mediunidade\u201d, relembra Chaline.<\/p>\n\n\n\n<p>Casada com o tamb\u00e9m m\u00e9dium Fabr\u00edcio Stempkowski, Chay \u00e9 mais conhecida como a vidente oficial das estrelas e, h\u00e1 13 anos, atua como clarividente, atrav\u00e9s das previs\u00f5es, como mentora espiritual e pr\u00e1tica da psicografia. Mas, a ga\u00facha ficou conhecida na internet por divulgar previs\u00f5es assertivas sobre famosos e situa\u00e7\u00f5es p\u00fablicas.<\/p>\n\n\n\n<p>Atualmente, conta com mais de 6,1 milh\u00f5es de seguidores no Instagram.<\/p>\n\n\n\n<p>Fotos: <a href=\"Marta%20Zilse\">Marta Zilse<\/a><\/p>\n","protected":false},"excerpt":{"rendered":"<p>No dia 27\/06, o apresentador recebe em seu podcast a vidente das estrelas para falar&#8230;<\/p>\n","protected":false},"author":2,"featured_media":9795,"comment_status":"closed","ping_status":"open","sticky":false,"template":"","format":"standard","meta":{"om_disable_all_campaigns":false,"_monsterinsights_skip_tracking":false,"_monsterinsights_sitenote_active":false,"_monsterinsights_sitenote_note":"","_monsterinsights_sitenote_category":0,"spay_email":""},"categories":[27],"tags":[700,701,699,676,619],"jetpack_featured_media_url":"https:\/\/vimagazine.com.br\/wp-content\/uploads\/2023\/06\/5911607e-941a-4328-b35e-5d0cf63e7f91.jpg","_links":{"self":[{"href":"https:\/\/vimagazine.com.br\/index.php?rest_route=\/wp\/v2\/posts\/9792"}],"collection":[{"href":"https:\/\/vimagazine.com.br\/index.php?rest_route=\/wp\/v2\/posts"}],"about":[{"href":"https:\/\/vimagazine.com.br\/index.php?rest_route=\/wp\/v2\/types\/post"}],"author":[{"embeddable":true,"href":"https:\/\/vimagazine.com.br\/index.php?rest_route=\/wp\/v2\/users\/2"}],"replies":[{"embeddable":true,"href":"https:\/\/vimagazine.com.br\/index.php?rest_route=%2Fwp%2Fv2%2Fcomments&post=9792"}],"version-history":[{"count":1,"href":"https:\/\/vimagazine.com.br\/index.php?rest_route=\/wp\/v2\/posts\/9792\/revisions"}],"predecessor-version":[{"id":9796,"href":"https:\/\/vimagazine.com.br\/index.php?rest_route=\/wp\/v2\/posts\/9792\/revisions\/9796"}],"wp:featuredmedia":[{"embeddable":true,"href":"https:\/\/vimagazine.com.br\/index.php?rest_route=\/wp\/v2\/media\/9795"}],"wp:attachment":[{"href":"https:\/\/vimagazine.com.br\/index.php?rest_route=%2Fwp%2Fv2%2Fmedia&parent=9792"}],"wp:term":[{"taxonomy":"category","embeddable":true,"href":"https:\/\/vimagazine.com.br\/index.php?rest_route=%2Fwp%2Fv2%2Fcategories&post=9792"},{"taxonomy":"post_tag","embeddable":true,"href":"https:\/\/vimagazine.com.br\/index.php?rest_route=%2Fwp%2Fv2%2Ftags&post=9792"}],"curies":[{"name":"wp","href":"https:\/\/api.w.org\/{rel}","templated":true}]}}